{"id":37956,"date":"2024-12-15T15:29:45","date_gmt":"2024-12-15T13:29:45","guid":{"rendered":"https:\/\/edublog.educastur.es\/ixuxu\/?p=37956"},"modified":"2024-12-15T15:32:59","modified_gmt":"2024-12-15T13:32:59","slug":"37956","status":"publish","type":"post","link":"https:\/\/edublog.educastur.es\/ixuxu\/2024\/12\/37956\/","title":{"rendered":"L&#8217;AEMET alerta de la borrasca Dorothea"},"content":{"rendered":"<p>L&#8217;AEMET alerta de la umbada Dorothea y se\u00f1ala les zones d&#8217;Espa\u00f1a n&#8217;alerta por vientos huracanaos. El tiempu mientres la xornada de g\u00fcei va tar marc\u00e1u pola llegada d&#8217;una umbada que va faer que s&#8217;esperen vientos huracanaos en parte del territoriu.<\/p>\n<ul>\n<li>Fonte: <a href=\"https:\/\/www.larazon.es\/el-tiempo\/aemet-alerta-borrasca-dorothea-senala-zonas-espana-alerta-vientos-huracanados_20241215675e8e00c2280e00010317c8.html?fbclid=IwY2xjawHLuKdleHRuA2FlbQIxMQABHcVcT2_hK0ZamPentEy7iRlwCY4TAHWCkzRDCd35SEgBYV9nT5LBMXePEQ_aem_mX3D-O3ChWE2kVH8YFysCg\">La Raz\u00f3n<\/a> \/<\/li>\n<\/ul>\n<p><a href=\"https:\/\/pbs.twimg.com\/media\/GewPF_PWEAAyn_N?format=jpg&amp;name=large\"><img loading=\"lazy\" decoding=\"async\" class=\"aligncenter size-large\" src=\"https:\/\/pbs.twimg.com\/media\/GewPF_PWEAAyn_N?format=jpg&amp;name=large\" width=\"2048\" height=\"1475\" \/><\/a><\/p>\n","protected":false},"excerpt":{"rendered":"<p>L&#8217;AEMET alerta de la umbada Dorothea y se\u00f1ala les zones d&#8217;Espa\u00f1a n&#8217;alerta por vientos huracanaos. El tiempu mientres la xornada de g\u00fcei va tar marc\u00e1u pola llegada d&#8217;una umbada que va faer que s&#8217;esperen vientos huracanaos en parte del territoriu. Fonte: La Raz\u00f3n \/<\/p>\n","protected":false},"author":117,"featured_media":0,"comment_status":"open","ping_status":"open","sticky":false,"template":"","format":"standard","meta":{"footnotes":""},"categories":[5],"tags":[],"class_list":["post-37956","post","type-post","status-publish","format-standard","hentry","category-tiempu"],"_links":{"self":[{"href":"https:\/\/edublog.educastur.es\/ixuxu\/wp-json\/wp\/v2\/posts\/37956","targetHints":{"allow":["GET"]}}],"collection":[{"href":"https:\/\/edublog.educastur.es\/ixuxu\/wp-json\/wp\/v2\/posts"}],"about":[{"href":"https:\/\/edublog.educastur.es\/ixuxu\/wp-json\/wp\/v2\/types\/post"}],"author":[{"embeddable":true,"href":"https:\/\/edublog.educastur.es\/ixuxu\/wp-json\/wp\/v2\/users\/117"}],"replies":[{"embeddable":true,"href":"https:\/\/edublog.educastur.es\/ixuxu\/wp-json\/wp\/v2\/comments?post=37956"}],"version-history":[{"count":3,"href":"https:\/\/edublog.educastur.es\/ixuxu\/wp-json\/wp\/v2\/posts\/37956\/revisions"}],"predecessor-version":[{"id":37961,"href":"https:\/\/edublog.educastur.es\/ixuxu\/wp-json\/wp\/v2\/posts\/37956\/revisions\/37961"}],"wp:attachment":[{"href":"https:\/\/edublog.educastur.es\/ixuxu\/wp-json\/wp\/v2\/media?parent=37956"}],"wp:term":[{"taxonomy":"category","embeddable":true,"href":"https:\/\/edublog.educastur.es\/ixuxu\/wp-json\/wp\/v2\/categories?post=37956"},{"taxonomy":"post_tag","embeddable":true,"href":"https:\/\/edublog.educastur.es\/ixuxu\/wp-json\/wp\/v2\/tags?post=37956"}],"curies":[{"name":"wp","href":"https:\/\/api.w.org\/{rel}","templated":true}]}}