{"id":37965,"date":"2024-12-15T19:07:34","date_gmt":"2024-12-15T17:07:34","guid":{"rendered":"https:\/\/edublog.educastur.es\/ixuxu\/?p=37965"},"modified":"2024-12-15T19:07:34","modified_gmt":"2024-12-15T17:07:34","slug":"asina-suenen-les-canciones-de-xentiquina-y-nacho-fonseca","status":"publish","type":"post","link":"https:\/\/edublog.educastur.es\/ixuxu\/2024\/12\/asina-suenen-les-canciones-de-xentiquina-y-nacho-fonseca\/","title":{"rendered":"Asina suenen les canciones de \u00abXentiquina\u00bb y Nacho Fonseca"},"content":{"rendered":"<div class=\"x78zum5 xdt5ytf xz62fqu x16ldp7u\">\n<div class=\"xu06os2 x1ok221b\">\n<div class=\"html-div xdj266r x11i5rnm xat24cr x1mh8g0r xexx8yu x4uap5 x18d9i69 xkhd6sd\" data-ad-rendering-role=\"profile_name\">\n<ul>\n<li class=\"html-h3 x11i5rnm xat24cr x1mh8g0r xexx8yu x4uap5 x18d9i69 xkhd6sd x1vvkbs x1heor9g x1qlqyl8 x1pd3egz x1a2a7pz x1gslohp x1yc453h\"><span class=\"x1lliihq x6ikm8r x10wlt62 x1n2onr6\"><span class=\"xt0psk2\"><a class=\"x1i10hfl xjbqb8w x1ejq31n xd10rxx x1sy0etr x17r0tee x972fbf xcfux6l x1qhh985 xm0m39n x9f619 x1ypdohk xt0psk2 xe8uvvx xdj266r x11i5rnm xat24cr x1mh8g0r xexx8yu x4uap5 x18d9i69 xkhd6sd x16tdsg8 x1hl2dhg xggy1nq x1a2a7pz x1sur9pj xkrqix3 xzsf02u x1s688f\" role=\"link\" href=\"https:\/\/www.facebook.com\/profile.php?id=100063135433824&amp;__cft__[0]=AZW4tUHZkmKxBx8uWCtZJgIffbWAqLM8SAgbeug2ec95JZ06L4rWOa_EUJIm8iiG34W50cIBF9RZGFnZH9H5gnZvqHHWM1xGByU5CVgsL6-j8C4jxiiD0aq3NVmJ_PXXx32o6kAXaCA3K4I57lj-jTa9oEvr7mrFj9c5czG019aOlJtQ1IIsiCHdm6zoRN2r6v1ZpE662chabNlPnXaeCxPx960bRwq9Q9_rhEODO2CPRg&amp;__tn__=-UC%2CP-y-R\"><strong class=\"html-strong xdj266r x11i5rnm xat24cr x1mh8g0r xexx8yu x4uap5 x18d9i69 xkhd6sd x1hl2dhg x16tdsg8 x1vvkbs x1s688f\"><span class=\"html-span xdj266r x11i5rnm xat24cr x1mh8g0r xexx8yu x4uap5 x18d9i69 xkhd6sd x1hl2dhg x16tdsg8 x1vvkbs\">Conservatorio \/ Escuela M\u00fasica Mieres<\/span><\/strong><\/a><\/span><\/span><\/li>\n<\/ul>\n<p style=\"text-align: center\">\n<!-- iframe plugin v.6.0 wordpress.org\/plugins\/iframe\/ -->\n<iframe loading=\"lazy\" src=\"https:\/\/www.facebook.com\/plugins\/post.php?href=https%3A%2F%2Fwww.facebook.com%2Fphoto.php%3Ffbid%3D900281548753018%26set%3Da.605959278185248%26type%3D3&#038;show_text=false&#038;width=500\" width=\"500\" height=\"708\" style=\"border:none;overflow:hidden\" scrolling=\"no\" frameborder=\"0\" allowfullscreen=\"true\" allow=\"autoplay; clipboard-write; encrypted-media; picture-in-picture; web-share\" 0=\"\/iframe\" class=\"iframe-class\"><\/iframe>\n<\/p>\n<\/div>\n<\/div>\n<div class=\"xu06os2 x1ok221b\"><\/div>\n<\/div>\n<div class=\"html-div xdj266r x11i5rnm xat24cr x1mh8g0r xexx8yu x4uap5 x18d9i69 xkhd6sd\" dir=\"auto\">\n<div class=\"html-div xdj266r x11i5rnm xat24cr x1mh8g0r xexx8yu x4uap5 x18d9i69 xkhd6sd\" dir=\"auto\">\n<div class=\"html-div xdj266r x11i5rnm xat24cr x1mh8g0r xexx8yu x4uap5 x18d9i69 xkhd6sd\" data-ad-rendering-role=\"story_message\">\n<div class=\"x1l90r2v x1iorvi4 x1ye3gou xn6708d\" data-ad-comet-preview=\"message\" data-ad-preview=\"message\">\n<div class=\"x78zum5 xdt5ytf xz62fqu x16ldp7u\">\n<div class=\"xu06os2 x1ok221b\">\n<div class=\"x11i5rnm xat24cr x1mh8g0r x1vvkbs xtlvy1s x126k92a\">\n<ul>\n<li dir=\"auto\"><em><span style=\"color: #008080\">Xueves 19 d\u2019avientu de 2024<\/span><\/em><\/li>\n<li dir=\"auto\"><em><span style=\"color: #008080\">19:00 hores<\/span><\/em><\/li>\n<li dir=\"auto\"><em><span style=\"color: #008080\">Auditoriu de la Casa de Cultura Teodoro Cuesta de Mieres<\/span><\/em><\/li>\n<\/ul>\n<\/div>\n<div class=\"x11i5rnm xat24cr x1mh8g0r x1vvkbs xtlvy1s x126k92a\">\n<div dir=\"auto\">C\u00f3mo nos presta presentavos esta activid\u00e1. Un peque\u00f1u homenaxe a Nacho Fonseca, profesor xubil\u00e1u y autor de les canciones que lleven a\u00f1os siendo la banda sonora de munches xeneraciones d\u2019escolinos de Llingua asturiana y tami\u00e9n de m\u00fasica.<\/div>\n<div dir=\"auto\"><!--more--><\/div>\n<\/div>\n<div class=\"x11i5rnm xat24cr x1mh8g0r x1vvkbs xtlvy1s x126k92a\">\n<div dir=\"auto\">Nesti espect\u00e1culu, con m\u00fasica en directu, participar\u00e1n un total de 150 persones: profesores y alumnos del Conservatoriu, un coru de profesores, d\u2019algunos d\u2019ellos n\u2019activu y otros y\u00e1 xubilaos, y alumn\u00e1u del colexu Aniceto Sela, qu\u2019interpretar\u00e1n eses canciones.<\/div>\n<div dir=\"auto\"><\/div>\n<\/div>\n<div class=\"x11i5rnm xat24cr x1mh8g0r x1vvkbs xtlvy1s x126k92a\">\n<div dir=\"auto\">Am\u00e1s, Nacho Fonseca tar\u00e1 acompa\u00f1au por Alicia \u00c1lvarez, periodista y componente del grupu \u201cPauline en la playa\u201d que ye, a la vez, la editora del llibru \u201cCanciones pa la Xentiquina, una selecci\u00f3n sentimental de Nacho Fonseca\u201d.<\/div>\n<div dir=\"auto\"><\/div>\n<\/div>\n<div class=\"x11i5rnm xat24cr x1mh8g0r x1vvkbs xtlvy1s x126k92a\">\n<div dir=\"auto\">Dambos dir\u00e1n represent\u00e1ndonos les canciones que van sonar y de xuru que Nacho Fonseca va contanos bien d\u2019an\u00e9cdotes que tien viv\u00edo a lo llargo de los a\u00f1os al frente de Xentiquina.<\/div>\n<div dir=\"auto\"><\/div>\n<\/div>\n<div class=\"x11i5rnm xat24cr x1mh8g0r x1vvkbs xtlvy1s x126k92a\">\n<div dir=\"auto\">El conciertu tendr\u00e1 llugar nel Auditoriu de la Casa de Cultura el viniente xueves 19 d\u2019avientu a les 19:00 hores, y\u00e1 qu\u2019l sal\u00f3n del Conservatoriu de M\u00fasica queda peque\u00f1u pa un espect\u00e1culu d\u2019esti tipu nel qu\u2019habr\u00e1 un gran n\u00famberu de participantes.<\/div>\n<div dir=\"auto\"><\/div>\n<\/div>\n<div class=\"x11i5rnm xat24cr x1mh8g0r x1vvkbs xtlvy1s x126k92a\">\n<div dir=\"auto\">Entraes disponibles nel Conservatoriu dende\u2019l llunes 16 d\u2019avientu.<\/div>\n<\/div>\n<div class=\"x11i5rnm xat24cr x1mh8g0r x1vvkbs xtlvy1s x126k92a\">\n<div dir=\"auto\"><span class=\"html-span xdj266r x11i5rnm xat24cr x1mh8g0r xexx8yu x4uap5 x18d9i69 xkhd6sd x1hl2dhg x16tdsg8 x1vvkbs\"><a class=\"x1i10hfl xjbqb8w x1ejq31n xd10rxx x1sy0etr x17r0tee x972fbf xcfux6l x1qhh985 xm0m39n x9f619 x1ypdohk xt0psk2 xe8uvvx xdj266r x11i5rnm xat24cr x1mh8g0r xexx8yu x4uap5 x18d9i69 xkhd6sd x16tdsg8 x1hl2dhg xggy1nq x1a2a7pz x1sur9pj xkrqix3 x1fey0fg x1s688f\" role=\"link\" href=\"https:\/\/www.facebook.com\/hashtag\/xentiquina?__eep__=6&amp;__cft__[0]=AZW4tUHZkmKxBx8uWCtZJgIffbWAqLM8SAgbeug2ec95JZ06L4rWOa_EUJIm8iiG34W50cIBF9RZGFnZH9H5gnZvqHHWM1xGByU5CVgsL6-j8C4jxiiD0aq3NVmJ_PXXx32o6kAXaCA3K4I57lj-jTa9oEvr7mrFj9c5czG019aOlJtQ1IIsiCHdm6zoRN2r6v1ZpE662chabNlPnXaeCxPx960bRwq9Q9_rhEODO2CPRg&amp;__tn__=*NK-y-R\">#xentiquina<\/a><\/span> <span class=\"html-span xdj266r x11i5rnm xat24cr x1mh8g0r xexx8yu x4uap5 x18d9i69 xkhd6sd x1hl2dhg x16tdsg8 x1vvkbs\"><a class=\"x1i10hfl xjbqb8w x1ejq31n xd10rxx x1sy0etr x17r0tee x972fbf xcfux6l x1qhh985 xm0m39n x9f619 x1ypdohk xt0psk2 xe8uvvx xdj266r x11i5rnm xat24cr x1mh8g0r xexx8yu x4uap5 x18d9i69 xkhd6sd x16tdsg8 x1hl2dhg xggy1nq x1a2a7pz x1sur9pj xkrqix3 x1fey0fg x1s688f\" role=\"link\" href=\"https:\/\/www.facebook.com\/hashtag\/comservatoriodemieres?__eep__=6&amp;__cft__[0]=AZW4tUHZkmKxBx8uWCtZJgIffbWAqLM8SAgbeug2ec95JZ06L4rWOa_EUJIm8iiG34W50cIBF9RZGFnZH9H5gnZvqHHWM1xGByU5CVgsL6-j8C4jxiiD0aq3NVmJ_PXXx32o6kAXaCA3K4I57lj-jTa9oEvr7mrFj9c5czG019aOlJtQ1IIsiCHdm6zoRN2r6v1ZpE662chabNlPnXaeCxPx960bRwq9Q9_rhEODO2CPRg&amp;__tn__=*NK-y-R\">#comservatoriodeMieres<\/a><\/span> <span class=\"html-span xdj266r x11i5rnm xat24cr x1mh8g0r xexx8yu x4uap5 x18d9i69 xkhd6sd x1hl2dhg x16tdsg8 x1vvkbs\"><a class=\"x1i10hfl xjbqb8w x1ejq31n xd10rxx x1sy0etr x17r0tee x972fbf xcfux6l x1qhh985 xm0m39n x9f619 x1ypdohk xt0psk2 xe8uvvx xdj266r x11i5rnm xat24cr x1mh8g0r xexx8yu x4uap5 x18d9i69 xkhd6sd x16tdsg8 x1hl2dhg xggy1nq x1a2a7pz x1sur9pj xkrqix3 x1fey0fg x1s688f\" role=\"link\" href=\"https:\/\/www.facebook.com\/hashtag\/escueladem%C3%BAsica?__eep__=6&amp;__cft__[0]=AZW4tUHZkmKxBx8uWCtZJgIffbWAqLM8SAgbeug2ec95JZ06L4rWOa_EUJIm8iiG34W50cIBF9RZGFnZH9H5gnZvqHHWM1xGByU5CVgsL6-j8C4jxiiD0aq3NVmJ_PXXx32o6kAXaCA3K4I57lj-jTa9oEvr7mrFj9c5czG019aOlJtQ1IIsiCHdm6zoRN2r6v1ZpE662chabNlPnXaeCxPx960bRwq9Q9_rhEODO2CPRg&amp;__tn__=*NK-y-R\">#escueladem\u00fasica<\/a><\/span> <span class=\"html-span xdj266r x11i5rnm xat24cr x1mh8g0r xexx8yu x4uap5 x18d9i69 xkhd6sd x1hl2dhg x16tdsg8 x1vvkbs\"><a class=\"x1i10hfl xjbqb8w x1ejq31n xd10rxx x1sy0etr x17r0tee x972fbf xcfux6l x1qhh985 xm0m39n x9f619 x1ypdohk xt0psk2 xe8uvvx xdj266r x11i5rnm xat24cr x1mh8g0r xexx8yu x4uap5 x18d9i69 xkhd6sd x16tdsg8 x1hl2dhg xggy1nq x1a2a7pz x1sur9pj xkrqix3 x1fey0fg x1s688f\" role=\"link\" href=\"https:\/\/www.facebook.com\/hashtag\/nachofonseca?__eep__=6&amp;__cft__[0]=AZW4tUHZkmKxBx8uWCtZJgIffbWAqLM8SAgbeug2ec95JZ06L4rWOa_EUJIm8iiG34W50cIBF9RZGFnZH9H5gnZvqHHWM1xGByU5CVgsL6-j8C4jxiiD0aq3NVmJ_PXXx32o6kAXaCA3K4I57lj-jTa9oEvr7mrFj9c5czG019aOlJtQ1IIsiCHdm6zoRN2r6v1ZpE662chabNlPnXaeCxPx960bRwq9Q9_rhEODO2CPRg&amp;__tn__=*NK-y-R\">#nachofonseca<\/a><\/span> <span class=\"html-span xdj266r x11i5rnm xat24cr x1mh8g0r xexx8yu x4uap5 x18d9i69 xkhd6sd x1hl2dhg x16tdsg8 x1vvkbs\"><a class=\"x1i10hfl xjbqb8w x1ejq31n xd10rxx x1sy0etr x17r0tee x972fbf xcfux6l x1qhh985 xm0m39n x9f619 x1ypdohk xt0psk2 xe8uvvx xdj266r x11i5rnm xat24cr x1mh8g0r xexx8yu x4uap5 x18d9i69 xkhd6sd x16tdsg8 x1hl2dhg xggy1nq x1a2a7pz x1sur9pj xkrqix3 x1fey0fg x1s688f\" role=\"link\" href=\"https:\/\/www.facebook.com\/hashtag\/mieres?__eep__=6&amp;__cft__[0]=AZW4tUHZkmKxBx8uWCtZJgIffbWAqLM8SAgbeug2ec95JZ06L4rWOa_EUJIm8iiG34W50cIBF9RZGFnZH9H5gnZvqHHWM1xGByU5CVgsL6-j8C4jxiiD0aq3NVmJ_PXXx32o6kAXaCA3K4I57lj-jTa9oEvr7mrFj9c5czG019aOlJtQ1IIsiCHdm6zoRN2r6v1ZpE662chabNlPnXaeCxPx960bRwq9Q9_rhEODO2CPRg&amp;__tn__=*NK-y-R\">#Mieres<\/a><\/span><\/div>\n<\/div>\n<\/div>\n<\/div>\n<\/div>\n<\/div>\n<\/div>\n<\/div>\n<p>&nbsp;<\/p>\n","protected":false},"excerpt":{"rendered":"<p>Conservatorio \/ Escuela M\u00fasica Mieres Xueves 19 d\u2019avientu de 2024 19:00 hores Auditoriu de la Casa de Cultura Teodoro Cuesta de Mieres C\u00f3mo nos presta presentavos esta activid\u00e1. Un peque\u00f1u homenaxe a Nacho Fonseca, profesor xubil\u00e1u y autor de les canciones que lleven a\u00f1os siendo la banda sonora de munches xeneraciones d\u2019escolinos de Llingua asturiana [&hellip;]<\/p>\n","protected":false},"author":117,"featured_media":0,"comment_status":"open","ping_status":"open","sticky":false,"template":"","format":"standard","meta":{"footnotes":""},"categories":[35],"tags":[],"class_list":["post-37965","post","type-post","status-publish","format-standard","hentry","category-musica"],"_links":{"self":[{"href":"https:\/\/edublog.educastur.es\/ixuxu\/wp-json\/wp\/v2\/posts\/37965","targetHints":{"allow":["GET"]}}],"collection":[{"href":"https:\/\/edublog.educastur.es\/ixuxu\/wp-json\/wp\/v2\/posts"}],"about":[{"href":"https:\/\/edublog.educastur.es\/ixuxu\/wp-json\/wp\/v2\/types\/post"}],"author":[{"embeddable":true,"href":"https:\/\/edublog.educastur.es\/ixuxu\/wp-json\/wp\/v2\/users\/117"}],"replies":[{"embeddable":true,"href":"https:\/\/edublog.educastur.es\/ixuxu\/wp-json\/wp\/v2\/comments?post=37965"}],"version-history":[{"count":1,"href":"https:\/\/edublog.educastur.es\/ixuxu\/wp-json\/wp\/v2\/posts\/37965\/revisions"}],"predecessor-version":[{"id":37966,"href":"https:\/\/edublog.educastur.es\/ixuxu\/wp-json\/wp\/v2\/posts\/37965\/revisions\/37966"}],"wp:attachment":[{"href":"https:\/\/edublog.educastur.es\/ixuxu\/wp-json\/wp\/v2\/media?parent=37965"}],"wp:term":[{"taxonomy":"category","embeddable":true,"href":"https:\/\/edublog.educastur.es\/ixuxu\/wp-json\/wp\/v2\/categories?post=37965"},{"taxonomy":"post_tag","embeddable":true,"href":"https:\/\/edublog.educastur.es\/ixuxu\/wp-json\/wp\/v2\/tags?post=37965"}],"curies":[{"name":"wp","href":"https:\/\/api.w.org\/{rel}","templated":true}]}}