{"id":37972,"date":"2024-12-15T19:00:22","date_gmt":"2024-12-15T17:00:22","guid":{"rendered":"https:\/\/edublog.educastur.es\/ixuxu\/?p=37972"},"modified":"2024-12-15T19:24:09","modified_gmt":"2024-12-15T17:24:09","slug":"presentacion-del-calendariomontepio2025-na-via","status":"publish","type":"post","link":"https:\/\/edublog.educastur.es\/ixuxu\/2024\/12\/presentacion-del-calendariomontepio2025-na-via\/","title":{"rendered":"Presentaci\u00f3n del #CalendarioMontep\u00edo2025 \u00abNa v\u00eda\u00bb"},"content":{"rendered":"<div class=\"x78zum5 xdt5ytf xz62fqu x16ldp7u\">\n<div class=\"xu06os2 x1ok221b\">\n<div class=\"html-div xdj266r x11i5rnm xat24cr x1mh8g0r xexx8yu x4uap5 x18d9i69 xkhd6sd\" data-ad-rendering-role=\"profile_name\">\n<ul>\n<li class=\"html-h3 x11i5rnm xat24cr x1mh8g0r xexx8yu x4uap5 x18d9i69 xkhd6sd x1vvkbs x1heor9g x1qlqyl8 x1pd3egz x1a2a7pz x1gslohp x1yc453h\"><span class=\"x1lliihq x6ikm8r x10wlt62 x1n2onr6\"><span class=\"xt0psk2\"><a class=\"x1i10hfl xjbqb8w x1ejq31n xd10rxx x1sy0etr x17r0tee x972fbf xcfux6l x1qhh985 xm0m39n x9f619 x1ypdohk xt0psk2 xe8uvvx xdj266r x11i5rnm xat24cr x1mh8g0r xexx8yu x4uap5 x18d9i69 xkhd6sd x16tdsg8 x1hl2dhg xggy1nq x1a2a7pz x1sur9pj xkrqix3 xzsf02u x1s688f\" role=\"link\" href=\"https:\/\/www.facebook.com\/montepiodelamineria?__cft__[0]=AZXOEDd8Wu6ICk18Oc5bpW9VTkiM4ZEUSn6yL7JL7vedag_8HcEkpdb-GEDUj4PN7pbYpZ1bgF1YTxRwVj4X3l5N8WxS2OUml3ncwTlsL8yCPpIbOTzmPj_AJYE4LRHtXxzqTbq4j-CVoemojizy_VnXFT6rctoQUmLC75577NPwWfZ0C_iFj3s7A_5D7NCDklJKEX3CYUftASkDjnSQr478wSr5uT4zzjLAMW0ZxRbC3A&amp;__tn__=-UC%2CP-y-R\"><strong class=\"html-strong xdj266r x11i5rnm xat24cr x1mh8g0r xexx8yu x4uap5 x18d9i69 xkhd6sd x1hl2dhg x16tdsg8 x1vvkbs x1s688f\"><span class=\"html-span xdj266r x11i5rnm xat24cr x1mh8g0r xexx8yu x4uap5 x18d9i69 xkhd6sd x1hl2dhg x16tdsg8 x1vvkbs\">Montep\u00edo de la Miner\u00eda Asturiana<\/span><\/strong><\/a><\/span><\/span><span class=\"html-span xdj266r x11i5rnm xat24cr x1mh8g0r xexx8yu x4uap5 x18d9i69 xkhd6sd x1hl2dhg x16tdsg8 x1vvkbs\"><span class=\"x4k7w5x x1h91t0o x1h9r5lt x1jfb8zj xv2umb2 x1beo9mf xaigb6o x12ejxvf x3igimt xarpa2k xedcshv x1lytzrv x1t2pt76 x7ja8zs x1qrby5j\"><span class=\"x1rg5ohu x6ikm8r x10wlt62 x16dsc37 xt0b8zv\" aria-labelledby=\":r1nq:\"><span class=\"xmper1u xt0psk2 xjb2p0i x1qlqyl8 x15bjb6t x1n2onr6 x17ihmo5 x1g77sc7\"><span class=\"xjb2p0i x1r8a4m5 x1n2onr6 x17ihmo5 xo1ph6p brhKlDDn qrhKlDDc hdor sdoc\">\/ Presentaci\u00f3n del <a class=\"x1i10hfl xjbqb8w x1ejq31n xd10rxx x1sy0etr x17r0tee x972fbf xcfux6l x1qhh985 xm0m39n x9f619 x1ypdohk xt0psk2 xe8uvvx xdj266r x11i5rnm xat24cr x1mh8g0r xexx8yu x4uap5 x18d9i69 xkhd6sd x16tdsg8 x1hl2dhg xggy1nq x1a2a7pz x1sur9pj xkrqix3 x1fey0fg x1s688f\" role=\"link\" href=\"https:\/\/www.facebook.com\/hashtag\/calendariomontep%C3%ADo2025?__eep__=6&amp;__cft__[0]=AZXOEDd8Wu6ICk18Oc5bpW9VTkiM4ZEUSn6yL7JL7vedag_8HcEkpdb-GEDUj4PN7pbYpZ1bgF1YTxRwVj4X3l5N8WxS2OUml3ncwTlsL8yCPpIbOTzmPj_AJYE4LRHtXxzqTbq4j-CVoemojizy_VnXFT6rctoQUmLC75577NPwWfZ0C_iFj3s7A_5D7NCDklJKEX3CYUftASkDjnSQr478wSr5uT4zzjLAMW0ZxRbC3A&amp;__tn__=*NK-y-R\">#CalendarioMontep\u00edo2025<\/a> \u00bb \/ montepio@montepio.es<br \/>\n<\/span><\/span><\/span><\/span><\/span><\/li>\n<\/ul>\n<p style=\"text-align: center\">\n<!-- iframe plugin v.6.0 wordpress.org\/plugins\/iframe\/ -->\n<iframe loading=\"lazy\" src=\"https:\/\/www.facebook.com\/plugins\/post.php?href=https%3A%2F%2Fwww.facebook.com%2Fmontepiodelamineria%2Fposts%2Fpfbid0kmjoiaW8mxUeHTCHQCA5a2rWfwjGGWDgGUXjCDVzCdhZfKTEgS6ZE3MWifjVvScyl&#038;show_text=false&#038;width=500\" width=\"500\" height=\"324\" style=\"border:none;overflow:hidden\" scrolling=\"no\" frameborder=\"0\" allowfullscreen=\"true\" allow=\"autoplay; clipboard-write; encrypted-media; picture-in-picture; web-share\" 0=\"\/iframe\" class=\"iframe-class\"><\/iframe>\n<\/p>\n<\/div>\n<\/div>\n<div class=\"xu06os2 x1ok221b\">\n<ul>\n<li>Llunes, 16 d&#8217;avientu \/ 12:00 hores \/ Espaciu Cultural 19 10 de Mieres, Plaza del Merc\u00e1u s\/n, Mieres<\/li>\n<\/ul>\n<\/div>\n<\/div>\n<div class=\"html-div xdj266r x11i5rnm xat24cr x1mh8g0r xexx8yu x4uap5 x18d9i69 xkhd6sd\" dir=\"auto\">\n<div class=\"html-div xdj266r x11i5rnm xat24cr x1mh8g0r xexx8yu x4uap5 x18d9i69 xkhd6sd\" dir=\"auto\">\n<div class=\"html-div xdj266r x11i5rnm xat24cr x1mh8g0r xexx8yu x4uap5 x18d9i69 xkhd6sd\" data-ad-rendering-role=\"story_message\">\n<div class=\"x1l90r2v x1iorvi4 x1ye3gou xn6708d\" data-ad-comet-preview=\"message\" data-ad-preview=\"message\">\n<div class=\"x78zum5 xdt5ytf xz62fqu x16ldp7u\">\n<div class=\"xu06os2 x1ok221b\">\n<div class=\"xdj266r x11i5rnm xat24cr x1mh8g0r x1vvkbs x126k92a\">\n<div dir=\"auto\"><span class=\"html-span xexx8yu x4uap5 x18d9i69 xkhd6sd x1hl2dhg x16tdsg8 x1vvkbs x3nfvp2 x1j61x8r x1fcty0u xdj266r xat24cr xgzva0m xhhsvwb xxymvpz xlup9mm x1kky2od\"><img loading=\"lazy\" decoding=\"async\" class=\"xz74otr\" src=\"https:\/\/static.xx.fbcdn.net\/images\/emoji.php\/v9\/td6\/1\/16\/1f4f0.png\" alt=\"?\" width=\"16\" height=\"16\" \/><\/span><span class=\"html-span xexx8yu x4uap5 x18d9i69 xkhd6sd x1hl2dhg x16tdsg8 x1vvkbs x3nfvp2 x1j61x8r x1fcty0u xdj266r xat24cr xgzva0m xhhsvwb xxymvpz xlup9mm x1kky2od\"><img loading=\"lazy\" decoding=\"async\" class=\"xz74otr\" src=\"https:\/\/static.xx.fbcdn.net\/images\/emoji.php\/v9\/tf4\/1\/16\/2728.png\" alt=\"\u2728\" width=\"16\" height=\"16\" \/><\/span>Na v\u00eda\u00bb\u00a0 Una de les publicaciones m\u00e1s emblem\u00e1tiques para la familia minera asturiana. \u00abNa v\u00eda\u00bbye&#8217;l t\u00edtulu d&#8217;esta nueva edici\u00f3n, realizada en collaboraci\u00f3n cola <span style=\"color: #008080\"><strong>Asociaci\u00f3n de Profesionales de Fotoperiodistes Asturianes-APFA<\/strong> <\/span>qu&#8217;axunta&#8217;l trabayu de destacaos fot\u00f3grafos de la nuesa tierra. Esti proyectu reflexa una sinerxia \u00fanica ente la nuesa Mutualid\u00e1 de families mineres y los fotoperiodistes asturianos, col prop\u00f3situ de caltener viva la memoria y l&#8217;esencia sociocultural del mundu mineru.<\/div>\n<div dir=\"auto\">\n<p><!--more--><br \/>\nEl calendariu del Montep\u00edo consolid\u00f3se como xuna pieza de gran impactu, con ediciones tem\u00e1tiques que rindieron homenaxe nos \u00faltimos a\u00f1os, a los guah.es mineros , la muyer y la mina , les categor\u00edes profesionales , los guardianes de la familia minera o la escepcional collaboraci\u00f3n del pas\u00e1u a\u00f1u col artista Alfonso Zapico, referente del c\u00f3mic europ\u00e9u: <strong>Calendario 2024<\/strong> <a class=\"avia-button avia-icon_select-yes-left-icon avia-color-theme-color avia-size-medium avia-position-center \" href=\"https:\/\/www.montepio.es\/wp-content\/uploads\/2024\/10\/CALENDARIO-2024-con-Alma-Minera-by-Alfonso-Zapico.pdf\" target=\"_blank\" rel=\"noopener\"><span class=\"avia_iconbox_title\">Ver \/ Descargar<\/span><\/a><\/p>\n<p>L&#8217;eventu va cuntar cola participaci\u00f3n de la direcci\u00f3n del Montep\u00edo y fot\u00f3grafos representantes de l&#8217;Asociaci\u00f3n de Profesionales de Fotoperiodistes Asturianes. Mientres l&#8217;actu presentar\u00e1se&#8217;l conten\u00edu del calendariu y va reconocese el talentu y la collaboraci\u00f3n de les entidaes implicaes .\u00a0 Xuntos, construyendo futuru con <span class=\"html-span xdj266r x11i5rnm xat24cr x1mh8g0r xexx8yu x4uap5 x18d9i69 xkhd6sd x1hl2dhg x16tdsg8 x1vvkbs\"><a class=\"x1i10hfl xjbqb8w x1ejq31n xd10rxx x1sy0etr x17r0tee x972fbf xcfux6l x1qhh985 xm0m39n x9f619 x1ypdohk xt0psk2 xe8uvvx xdj266r x11i5rnm xat24cr x1mh8g0r xexx8yu x4uap5 x18d9i69 xkhd6sd x16tdsg8 x1hl2dhg xggy1nq x1a2a7pz x1sur9pj xkrqix3 x1fey0fg x1s688f\" role=\"link\" href=\"https:\/\/www.facebook.com\/hashtag\/almaminera?__eep__=6&amp;__cft__[0]=AZXOEDd8Wu6ICk18Oc5bpW9VTkiM4ZEUSn6yL7JL7vedag_8HcEkpdb-GEDUj4PN7pbYpZ1bgF1YTxRwVj4X3l5N8WxS2OUml3ncwTlsL8yCPpIbOTzmPj_AJYE4LRHtXxzqTbq4j-CVoemojizy_VnXFT6rctoQUmLC75577NPwWfZ0C_iFj3s7A_5D7NCDklJKEX3CYUftASkDjnSQr478wSr5uT4zzjLAMW0ZxRbC3A&amp;__tn__=*NK-y-R\">#AlmaMinera<\/a><\/span><span class=\"html-span xexx8yu x4uap5 x18d9i69 xkhd6sd x1hl2dhg x16tdsg8 x1vvkbs x3nfvp2 x1j61x8r x1fcty0u xdj266r xat24cr xgzva0m xhhsvwb xxymvpz xlup9mm x1kky2od\"><img loading=\"lazy\" decoding=\"async\" class=\"xz74otr\" src=\"https:\/\/static.xx.fbcdn.net\/images\/emoji.php\/v9\/t6\/1\/16\/2692.png\" alt=\"\u2692\" width=\"16\" height=\"16\" \/><\/span><\/p>\n<\/div>\n<div dir=\"auto\">Mas\u00a0 sobre los nuesos calendarios na web: <span class=\"html-span xdj266r x11i5rnm xat24cr x1mh8g0r xexx8yu x4uap5 x18d9i69 xkhd6sd x1hl2dhg x16tdsg8 x1vvkbs\"><a class=\"x1i10hfl xjbqb8w x1ejq31n xd10rxx x1sy0etr x17r0tee x972fbf xcfux6l x1qhh985 xm0m39n x9f619 x1ypdohk xt0psk2 xe8uvvx xdj266r x11i5rnm xat24cr x1mh8g0r xexx8yu x4uap5 x18d9i69 xkhd6sd x16tdsg8 x1hl2dhg xggy1nq x1a2a7pz x1sur9pj xkrqix3 x1fey0fg x1s688f\" role=\"link\" href=\"https:\/\/l.facebook.com\/l.php?u=https%3A%2F%2Fwww.montepio.es%2Fmultimedia-y-prensa%2F%3Ffbclid%3DIwZXh0bgNhZW0CMTAAAR02Sf8GaqZ4Tz4IWmS9bISWpVYyte2fkkYcnUFpa_tpK4McsWcrqYisico_aem_cbb5XZHxRViAIfR3ieJFTw&amp;h=AT1EzuEKZooAxZwd59URWFLNPAXfRwmhzMskKee6_xIPBkP0MU7MvxFTZ_RHupK_iVOp17jtNNmMAcHDaj0P7UL56h7SczBEDxgBXvk7cV7H1_2-4U1oJ1QX9mnkqqTwpQ&amp;__tn__=-UK-y-R&amp;c[0]=AT0jBRDx2hX6KIpwxy3NWp6mv_d2dIB9CQvo-Oz9NyAJdyvvn82QbCoNIqasXRm_RtLf5OdxmAqy2_T-I6wbeQQSH40iFbU5XHP1EBhappp-ZBQaVG-EoyU4-2qhtwU1tGwMW82np40CFDbuFkxrTXILB2oAqYUi6Q5j27KjHHwHV9xjAhpURg3v2D_UfRfvIllfGoCVeWr1-jiqn2kxKkPoOIRpXrtfcTfDkPWWluwSM_QNkg\" target=\"_blank\" rel=\"nofollow noopener noreferrer\">https:\/\/www.montepio.es\/multimedia-y-prensa\/<\/a><\/span><\/div>\n<\/div>\n<\/div>\n<\/div>\n<\/div>\n<\/div>\n<\/div>\n<\/div>\n<p>&nbsp;<\/p>\n","protected":false},"excerpt":{"rendered":"<p>Montep\u00edo de la Miner\u00eda Asturiana\/ Presentaci\u00f3n del #CalendarioMontep\u00edo2025 \u00bb \/ montepio@montepio.es Llunes, 16 d&#8217;avientu \/ 12:00 hores \/ Espaciu Cultural 19 10 de Mieres, Plaza del Merc\u00e1u s\/n, Mieres Na v\u00eda\u00bb\u00a0 Una de les publicaciones m\u00e1s emblem\u00e1tiques para la familia minera asturiana. \u00abNa v\u00eda\u00bbye&#8217;l t\u00edtulu d&#8217;esta nueva edici\u00f3n, realizada en collaboraci\u00f3n cola Asociaci\u00f3n de Profesionales [&hellip;]<\/p>\n","protected":false},"author":117,"featured_media":0,"comment_status":"open","ping_status":"open","sticky":false,"template":"","format":"standard","meta":{"footnotes":""},"categories":[73],"tags":[],"class_list":["post-37972","post","type-post","status-publish","format-standard","hentry","category-calendariu"],"_links":{"self":[{"href":"https:\/\/edublog.educastur.es\/ixuxu\/wp-json\/wp\/v2\/posts\/37972","targetHints":{"allow":["GET"]}}],"collection":[{"href":"https:\/\/edublog.educastur.es\/ixuxu\/wp-json\/wp\/v2\/posts"}],"about":[{"href":"https:\/\/edublog.educastur.es\/ixuxu\/wp-json\/wp\/v2\/types\/post"}],"author":[{"embeddable":true,"href":"https:\/\/edublog.educastur.es\/ixuxu\/wp-json\/wp\/v2\/users\/117"}],"replies":[{"embeddable":true,"href":"https:\/\/edublog.educastur.es\/ixuxu\/wp-json\/wp\/v2\/comments?post=37972"}],"version-history":[{"count":3,"href":"https:\/\/edublog.educastur.es\/ixuxu\/wp-json\/wp\/v2\/posts\/37972\/revisions"}],"predecessor-version":[{"id":37975,"href":"https:\/\/edublog.educastur.es\/ixuxu\/wp-json\/wp\/v2\/posts\/37972\/revisions\/37975"}],"wp:attachment":[{"href":"https:\/\/edublog.educastur.es\/ixuxu\/wp-json\/wp\/v2\/media?parent=37972"}],"wp:term":[{"taxonomy":"category","embeddable":true,"href":"https:\/\/edublog.educastur.es\/ixuxu\/wp-json\/wp\/v2\/categories?post=37972"},{"taxonomy":"post_tag","embeddable":true,"href":"https:\/\/edublog.educastur.es\/ixuxu\/wp-json\/wp\/v2\/tags?post=37972"}],"curies":[{"name":"wp","href":"https:\/\/api.w.org\/{rel}","templated":true}]}}