{"id":37976,"date":"2024-12-16T08:20:26","date_gmt":"2024-12-16T06:20:26","guid":{"rendered":"https:\/\/edublog.educastur.es\/ixuxu\/?p=37976"},"modified":"2024-12-16T10:12:37","modified_gmt":"2024-12-16T08:12:37","slug":"37976","status":"publish","type":"post","link":"https:\/\/edublog.educastur.es\/ixuxu\/2024\/12\/37976\/","title":{"rendered":"Est\u00e1u del tiempu: llunes 16 d&#8217;avientu"},"content":{"rendered":"<div class=\"xu06os2 x1ok221b\">\n<div class=\"html-div xdj266r x11i5rnm xat24cr x1mh8g0r xexx8yu x4uap5 x18d9i69 xkhd6sd\" data-ad-rendering-role=\"profile_name\">\n<ul>\n<li id=\":rbh:\" class=\"html-h2 x11i5rnm xat24cr x1mh8g0r xexx8yu x4uap5 x18d9i69 xkhd6sd x1vvkbs x1heor9g x1qlqyl8 x1pd3egz x1a2a7pz x1gslohp x1yc453h\"><span class=\"xt0psk2\"><a class=\"x1i10hfl xjbqb8w x1ejq31n xd10rxx x1sy0etr x17r0tee x972fbf xcfux6l x1qhh985 xm0m39n x9f619 x1ypdohk xt0psk2 xe8uvvx xdj266r x11i5rnm xat24cr x1mh8g0r xexx8yu x4uap5 x18d9i69 xkhd6sd x16tdsg8 x1hl2dhg xggy1nq x1a2a7pz x1sur9pj xkrqix3 xzsf02u x1s688f\" role=\"link\" href=\"https:\/\/www.facebook.com\/eltiempuenasturies?__cft__[0]=AZWL4t_bEX42ElP74FasRzImGGUSz6ehMW71L_7xgyK3uyDep1aDGmJtNHzzPE6FyobKaCGaMGzGlIdKydtcOQw63Tqg7wwTfNORYnCNdCfVZYrlJPxzv8_Yh9aP5wTn1xsYpwTzouV9gXx2IiEgw4v5tanFqp8RRGZluPr--6cDWUgYjq9fuCdr68nztA0O5uk&amp;__tn__=-UC%2CP-R\"><strong class=\"html-strong xdj266r x11i5rnm xat24cr x1mh8g0r xexx8yu x4uap5 x18d9i69 xkhd6sd x1hl2dhg x16tdsg8 x1vvkbs x1s688f\"><span class=\"html-span xdj266r x11i5rnm xat24cr x1mh8g0r xexx8yu x4uap5 x18d9i69 xkhd6sd x1hl2dhg x16tdsg8 x1vvkbs\">Tiempu n&#8217;Asturies.<\/span><\/strong><\/a><\/span><\/li>\n<\/ul>\n<\/div>\n<\/div>\n<div class=\"xu06os2 x1ok221b\"><\/div>\n<div class=\"html-div xdj266r x11i5rnm xat24cr x1mh8g0r xexx8yu x4uap5 x18d9i69 xkhd6sd\" dir=\"auto\">\n<div class=\"html-div xdj266r x11i5rnm xat24cr x1mh8g0r xexx8yu x4uap5 x18d9i69 xkhd6sd\" data-ad-rendering-role=\"story_message\">\n<div id=\":rbj:\" class=\"x1l90r2v x1iorvi4 x1ye3gou xn6708d\" data-ad-comet-preview=\"message\" data-ad-preview=\"message\">\n<div class=\"x78zum5 xdt5ytf xz62fqu x16ldp7u\">\n<div class=\"xu06os2 x1ok221b\">\n<div class=\"x11i5rnm xat24cr x1mh8g0r x1vvkbs xtlvy1s x126k92a\">\n<div dir=\"auto\" style=\"text-align: center\"><\/div>\n<\/div>\n<div class=\"x11i5rnm xat24cr x1mh8g0r x1vvkbs xtlvy1s x126k92a\">\n<div dir=\"auto\" style=\"text-align: center\"><strong><span style=\"font-size: 20px\"><em><span style=\"color: #008080\">\u00abSigue&#8217;l tiempu estable con iversiones t\u00e9rmiques\u00bb<\/span><\/em><\/span><\/strong><\/div>\n<div dir=\"auto\"><\/div>\n<\/div>\n<div class=\"x11i5rnm xat24cr x1mh8g0r x1vvkbs xtlvy1s x126k92a\">\n<ul>\n<li dir=\"auto\"><strong><span style=\"color: #008080\">Alborecemos<\/span><\/strong> col cielu empuerc\u00e1u de nubes altes ya con unes temperatures que tan alrodiu de los 3\u00baC, anque mos puertos de monta\u00f1a onde ta soplando&#8217;l vientu \u00e1brigu tan perriba d&#8217;esa temperatura, destacando los 9\u00baC de la Vega Urriellu, rexistr\u00e1ndose nel puirtu Payares 3.3\u00baC.<\/li>\n<\/ul>\n<\/div>\n<div class=\"x11i5rnm xat24cr x1mh8g0r x1vvkbs xtlvy1s x126k92a\">\n<ul>\n<li dir=\"auto\"><strong><span style=\"color: #008080\">G\u00fcei<\/span><\/strong> vamos tener dalguna nube alta sin m\u00e1s consecuencies, predominando los grandes claros o abancios con unes temperatures m\u00e1simes n&#8217;ascensu ya col aire sele de componente sur.<\/li>\n<\/ul>\n<p><!--more--><\/p>\n<\/div>\n<div class=\"x11i5rnm xat24cr x1mh8g0r x1vvkbs xtlvy1s x126k92a\">\n<ul>\n<li dir=\"auto\"><strong><span style=\"color: #008080\">Ma\u00f1ana martes<\/span><\/strong> aumentar\u00e1 la nubosid\u00e1 alta y dir\u00e1 coyendo fuercia l&#8217;aire \u00e1brigu con un ascensu moder\u00e1u de les temperatures.<\/li>\n<\/ul>\n<\/div>\n<div class=\"x11i5rnm xat24cr x1mh8g0r x1vvkbs xtlvy1s x126k92a\">\n<ul>\n<li dir=\"auto\"><strong><span style=\"color: #008080\">El mi\u00e9rcoles<\/span><\/strong> l&#8217;aire \u00e1brigu sedr\u00e1&#8217;l protagonista con raches fuertes en zones de monta\u00f1a onde la nubosid\u00e1 sedr\u00e1 m\u00e1s abondosa ya tendremos dalguna precipitaci\u00f3n, nel restu sedr\u00e1n poco probables y les temperature van seguir subiendo, sobre too les m\u00ednimes que y\u00e1 nun baxaremos de los 10\u00baC na mayor parte d&#8217;Asturies.<\/li>\n<\/ul>\n<\/div>\n<div class=\"x11i5rnm xat24cr x1mh8g0r x1vvkbs xtlvy1s x126k92a\">\n<ul>\n<li dir=\"auto\"><strong><span style=\"color: #008080\">El xueves<\/span><\/strong> la llegada d&#8217;una vaguada atl\u00e1ntica mos dexar\u00e1 precipitaciones pela tarde, la ma\u00f1ana sedr\u00e1 m\u00e1s seliquina con grandes claros o abancios nel cielu y una vegada que pase&#8217;l frente que l&#8217;acompanga baxar\u00e1n les temperatures y la cota de nieve qu&#8217;anicialmente tar\u00e1 nes cumes m\u00e1s altes, surdir\u00e1 al final el d\u00eda perriba de los 1300m.<\/li>\n<\/ul>\n<\/div>\n<div class=\"x11i5rnm xat24cr x1mh8g0r x1vvkbs xtlvy1s x126k92a\">\n<ul>\n<li dir=\"auto\"><strong><span style=\"color: #008080\">El vienres<\/span> <\/strong>meyorar\u00e1 y la fin de selmana sedr\u00e1 seliquina, sicas\u00ed&#8217;l domingu podr\u00edamos tener nubosid\u00e1 baxa con dalgo d&#8217;orp\u00edn. Y de cara a los d\u00edes de Navid\u00e1 l&#8217;anticicl\u00f3n sedr\u00e1&#8217;l protagonista dex\u00e1ndonos un tiempu mui estable con temperatures fresques pela nueche y suaves a partir del mediud\u00eda, pero esto y\u00e1 lu diremos viendo.<\/li>\n<\/ul>\n<\/div>\n<\/div>\n<\/div>\n<\/div>\n<\/div>\n<\/div>\n<p>&nbsp;<\/p>\n","protected":false},"excerpt":{"rendered":"<p>Tiempu n&#8217;Asturies. \u00abSigue&#8217;l tiempu estable con iversiones t\u00e9rmiques\u00bb Alborecemos col cielu empuerc\u00e1u de nubes altes ya con unes temperatures que tan alrodiu de los 3\u00baC, anque mos puertos de monta\u00f1a onde ta soplando&#8217;l vientu \u00e1brigu tan perriba d&#8217;esa temperatura, destacando los 9\u00baC de la Vega Urriellu, rexistr\u00e1ndose nel puirtu Payares 3.3\u00baC. G\u00fcei vamos tener dalguna [&hellip;]<\/p>\n","protected":false},"author":117,"featured_media":0,"comment_status":"open","ping_status":"open","sticky":false,"template":"","format":"standard","meta":{"footnotes":""},"categories":[5],"tags":[],"class_list":["post-37976","post","type-post","status-publish","format-standard","hentry","category-tiempu"],"_links":{"self":[{"href":"https:\/\/edublog.educastur.es\/ixuxu\/wp-json\/wp\/v2\/posts\/37976","targetHints":{"allow":["GET"]}}],"collection":[{"href":"https:\/\/edublog.educastur.es\/ixuxu\/wp-json\/wp\/v2\/posts"}],"about":[{"href":"https:\/\/edublog.educastur.es\/ixuxu\/wp-json\/wp\/v2\/types\/post"}],"author":[{"embeddable":true,"href":"https:\/\/edublog.educastur.es\/ixuxu\/wp-json\/wp\/v2\/users\/117"}],"replies":[{"embeddable":true,"href":"https:\/\/edublog.educastur.es\/ixuxu\/wp-json\/wp\/v2\/comments?post=37976"}],"version-history":[{"count":2,"href":"https:\/\/edublog.educastur.es\/ixuxu\/wp-json\/wp\/v2\/posts\/37976\/revisions"}],"predecessor-version":[{"id":37978,"href":"https:\/\/edublog.educastur.es\/ixuxu\/wp-json\/wp\/v2\/posts\/37976\/revisions\/37978"}],"wp:attachment":[{"href":"https:\/\/edublog.educastur.es\/ixuxu\/wp-json\/wp\/v2\/media?parent=37976"}],"wp:term":[{"taxonomy":"category","embeddable":true,"href":"https:\/\/edublog.educastur.es\/ixuxu\/wp-json\/wp\/v2\/categories?post=37976"},{"taxonomy":"post_tag","embeddable":true,"href":"https:\/\/edublog.educastur.es\/ixuxu\/wp-json\/wp\/v2\/tags?post=37976"}],"curies":[{"name":"wp","href":"https:\/\/api.w.org\/{rel}","templated":true}]}}