{"id":38157,"date":"2024-12-17T14:50:14","date_gmt":"2024-12-17T12:50:14","guid":{"rendered":"https:\/\/edublog.educastur.es\/ixuxu\/?p=38157"},"modified":"2024-12-17T15:04:03","modified_gmt":"2024-12-17T13:04:03","slug":"poema-les-manes-de-mio-guela","status":"publish","type":"post","link":"https:\/\/edublog.educastur.es\/ixuxu\/2024\/12\/poema-les-manes-de-mio-guela\/","title":{"rendered":"Poema: \u00abLes manes de mio g\u00fcela\u00bb"},"content":{"rendered":"<div class=\"html-div xdj266r x11i5rnm xat24cr x1mh8g0r xexx8yu x4uap5 x18d9i69 xkhd6sd\" dir=\"auto\">\n<div class=\"html-div xdj266r x11i5rnm xat24cr x1mh8g0r xexx8yu x4uap5 x18d9i69 xkhd6sd\" data-ad-rendering-role=\"story_message\">\n<div id=\":rp2:\" class=\"x1l90r2v x1iorvi4 x1ye3gou xn6708d\" data-ad-comet-preview=\"message\" data-ad-preview=\"message\">\n<div class=\"x78zum5 xdt5ytf xz62fqu x16ldp7u\">\n<div class=\"xu06os2 x1ok221b\">\n<div class=\"xdj266r x11i5rnm xat24cr x1mh8g0r x1vvkbs x126k92a\">\n<div dir=\"auto\"><span style=\"text-decoration: underline\"><span style=\"color: #008080\"><strong><em>LES MANES DE MIO G\u00dcELA<\/em><\/strong><\/span><\/span><\/div>\n<div dir=\"auto\"><\/div>\n<div dir=\"auto\"><span style=\"color: #008080\"><strong><em>Siempre me maraviyaron.<\/em><\/strong><\/span><\/div>\n<div dir=\"auto\"><span style=\"color: #008080\"><strong><em>Cuando aletiaben al falar,<\/em><\/strong><\/span><\/div>\n<div dir=\"auto\"><span style=\"color: #008080\"><strong><em>cuando retorc\u00eden la bayeta<\/em><\/strong><\/span><\/div>\n<div dir=\"auto\"><span style=\"color: #008080\"><strong><em>o cuando dorm\u00eden, una enriba la otra,<\/em><\/strong><\/span><\/div>\n<div dir=\"auto\"><span style=\"color: #008080\"><strong><em>dulces nel somantu,<\/em><\/strong><\/span><\/div>\n<div dir=\"auto\"><span style=\"color: #008080\"><strong><em>yo miraba les m\u00edes disimulao<\/em><\/strong><\/span><\/div>\n<div dir=\"auto\"><span style=\"color: #008080\"><strong><em>-tan llises, tan blanques, tan de bona ne\u00f1a-<\/em><\/strong><\/span><\/div>\n<div dir=\"auto\"><span style=\"color: #008080\"><strong><em>tratando d\u00b4albidrar<\/em><\/strong><\/span><\/div>\n<div dir=\"auto\"><span style=\"color: #008080\"><strong><em>en qu\u00e9 momentu de la vida<\/em><\/strong><\/span><\/div>\n<div dir=\"auto\"><span style=\"color: #008080\"><strong><em>nacieren nes d\u00b4ella<\/em><\/strong><\/span><\/div>\n<div dir=\"auto\"><span style=\"color: #008080\"><strong><em>aquelles curves gordes,<\/em><\/strong><\/span><\/div>\n<div dir=\"auto\"><span style=\"color: #008080\"><strong><em>escures y un poco siniestres;<\/em><\/strong><\/span><\/div>\n<div dir=\"auto\"><span style=\"color: #008080\"><strong><em>r\u00edos guetando\u00b4l so mar.<\/em><\/strong><\/span><\/div>\n<div dir=\"auto\"><\/div>\n<div dir=\"auto\"><span style=\"color: #008080\"><strong><em>Nunca lo supi<\/em><\/strong><\/span><\/div>\n<div dir=\"auto\"><span style=\"color: #008080\"><strong><em>pero\u2026<\/em><\/strong><\/span><\/div>\n<div dir=\"auto\"><span style=\"color: #008080\"><strong><em>la mio sangre y\u00e1 llate agora<\/em><\/strong><\/span><\/div>\n<div dir=\"auto\"><span style=\"color: #008080\"><strong><em>tami\u00e9n<\/em><\/strong><\/span><\/div>\n<div dir=\"auto\"><span style=\"color: #008080\"><strong><em>a flor de piel.<\/em><\/strong><\/span><\/div>\n<div dir=\"auto\"><\/div>\n<\/div>\n<div class=\"x11i5rnm xat24cr x1mh8g0r x1vvkbs xtlvy1s x126k92a\">\n<div dir=\"auto\"><span style=\"text-decoration: underline\"><em><span style=\"color: #800080;text-decoration: underline\">Elvira Laruelo<\/span><\/em><\/span><\/div>\n<\/div>\n<div dir=\"auto\" style=\"text-align: center\"><a href=\"https:\/\/encrypted-tbn0.gstatic.com\/images?q=tbn:ANd9GcTjCvMzyIvRusVtnLiA-NVKZk-lg-coNaCLQg&amp;s\"><img loading=\"lazy\" decoding=\"async\" class=\"aligncenter size-large\" src=\"https:\/\/encrypted-tbn0.gstatic.com\/images?q=tbn:ANd9GcTjCvMzyIvRusVtnLiA-NVKZk-lg-coNaCLQg&amp;s\" width=\"183\" height=\"275\" \/><\/a><\/div>\n<div dir=\"auto\" style=\"text-align: center\"><\/div>\n<\/div>\n<\/div>\n<\/div>\n<\/div>\n<\/div>\n","protected":false},"excerpt":{"rendered":"<p>LES MANES DE MIO G\u00dcELA Siempre me maraviyaron. Cuando aletiaben al falar, cuando retorc\u00eden la bayeta o cuando dorm\u00eden, una enriba la otra, dulces nel somantu, yo miraba les m\u00edes disimulao -tan llises, tan blanques, tan de bona ne\u00f1a- tratando d\u00b4albidrar en qu\u00e9 momentu de la vida nacieren nes d\u00b4ella aquelles curves gordes, escures y [&hellip;]<\/p>\n","protected":false},"author":117,"featured_media":0,"comment_status":"open","ping_status":"open","sticky":false,"template":"","format":"standard","meta":{"footnotes":""},"categories":[39],"tags":[],"class_list":["post-38157","post","type-post","status-publish","format-standard","hentry","category-poesia"],"_links":{"self":[{"href":"https:\/\/edublog.educastur.es\/ixuxu\/wp-json\/wp\/v2\/posts\/38157","targetHints":{"allow":["GET"]}}],"collection":[{"href":"https:\/\/edublog.educastur.es\/ixuxu\/wp-json\/wp\/v2\/posts"}],"about":[{"href":"https:\/\/edublog.educastur.es\/ixuxu\/wp-json\/wp\/v2\/types\/post"}],"author":[{"embeddable":true,"href":"https:\/\/edublog.educastur.es\/ixuxu\/wp-json\/wp\/v2\/users\/117"}],"replies":[{"embeddable":true,"href":"https:\/\/edublog.educastur.es\/ixuxu\/wp-json\/wp\/v2\/comments?post=38157"}],"version-history":[{"count":3,"href":"https:\/\/edublog.educastur.es\/ixuxu\/wp-json\/wp\/v2\/posts\/38157\/revisions"}],"predecessor-version":[{"id":38160,"href":"https:\/\/edublog.educastur.es\/ixuxu\/wp-json\/wp\/v2\/posts\/38157\/revisions\/38160"}],"wp:attachment":[{"href":"https:\/\/edublog.educastur.es\/ixuxu\/wp-json\/wp\/v2\/media?parent=38157"}],"wp:term":[{"taxonomy":"category","embeddable":true,"href":"https:\/\/edublog.educastur.es\/ixuxu\/wp-json\/wp\/v2\/categories?post=38157"},{"taxonomy":"post_tag","embeddable":true,"href":"https:\/\/edublog.educastur.es\/ixuxu\/wp-json\/wp\/v2\/tags?post=38157"}],"curies":[{"name":"wp","href":"https:\/\/api.w.org\/{rel}","templated":true}]}}