{"id":38198,"date":"2024-12-18T08:20:00","date_gmt":"2024-12-18T06:20:00","guid":{"rendered":"https:\/\/edublog.educastur.es\/ixuxu\/?p=38198"},"modified":"2024-12-18T10:20:37","modified_gmt":"2024-12-18T08:20:37","slug":"38198","status":"publish","type":"post","link":"https:\/\/edublog.educastur.es\/ixuxu\/2024\/12\/38198\/","title":{"rendered":"Est\u00e1u del tiempu: mi\u00e9rcoles 18 d&#8217;avientu"},"content":{"rendered":"<div class=\"html-div xdj266r x11i5rnm xat24cr x1mh8g0r xexx8yu x4uap5 x18d9i69 xkhd6sd x1iyjqo2\">\n<div class=\"x78zum5 xdt5ytf xz62fqu x16ldp7u\">\n<div class=\"xu06os2 x1ok221b\">\n<div class=\"html-div xdj266r x11i5rnm xat24cr x1mh8g0r xexx8yu x4uap5 x18d9i69 xkhd6sd\" data-ad-rendering-role=\"profile_name\">\n<ul>\n<li id=\":rdo:\" class=\"html-h2 x11i5rnm xat24cr x1mh8g0r xexx8yu x4uap5 x18d9i69 xkhd6sd x1vvkbs x1heor9g x1qlqyl8 x1pd3egz x1a2a7pz x1gslohp x1yc453h\"><span class=\"xt0psk2\"><a class=\"x1i10hfl xjbqb8w x1ejq31n xd10rxx x1sy0etr x17r0tee x972fbf xcfux6l x1qhh985 xm0m39n x9f619 x1ypdohk xt0psk2 xe8uvvx xdj266r x11i5rnm xat24cr x1mh8g0r xexx8yu x4uap5 x18d9i69 xkhd6sd x16tdsg8 x1hl2dhg xggy1nq x1a2a7pz x1sur9pj xkrqix3 xzsf02u x1s688f\" role=\"link\" href=\"https:\/\/www.facebook.com\/eltiempuenasturies?__cft__[0]=AZW8dXxX4iUy0Yypdn9k7HNJ8hKdSy_gUEnREhoK_Rafnj5OxjS6qnc3nGF_QH5goTqHv5i7FThnNuxCoZWzJd6eNGNtzbVdGTEqgGGOCpdjz8ck_UNhPJTxwjkQMPvuVOrKw5vMrKi8AzjfWsMaLRHAZFrkCErtDc_vmtioZ48FQDvbpJqC_OdcyVX8qkXcT8w&amp;__tn__=-UC%2CP-R\"><strong class=\"html-strong xdj266r x11i5rnm xat24cr x1mh8g0r xexx8yu x4uap5 x18d9i69 xkhd6sd x1hl2dhg x16tdsg8 x1vvkbs x1s688f\"><span class=\"html-span xdj266r x11i5rnm xat24cr x1mh8g0r xexx8yu x4uap5 x18d9i69 xkhd6sd x1hl2dhg x16tdsg8 x1vvkbs\">El Tiempu n&#8217;Asturies.<\/span><\/strong><\/a><\/span><\/li>\n<\/ul>\n<\/div>\n<\/div>\n<\/div>\n<\/div>\n<div class=\"html-div xdj266r x11i5rnm xat24cr x1mh8g0r xexx8yu x4uap5 x18d9i69 xkhd6sd\" dir=\"auto\">\n<div class=\"html-div xdj266r x11i5rnm xat24cr x1mh8g0r xexx8yu x4uap5 x18d9i69 xkhd6sd\" data-ad-rendering-role=\"story_message\">\n<div id=\":rdq:\" class=\"x1l90r2v x1iorvi4 x1ye3gou xn6708d\" data-ad-comet-preview=\"message\" data-ad-preview=\"message\">\n<div class=\"x78zum5 xdt5ytf xz62fqu x16ldp7u\">\n<div class=\"xu06os2 x1ok221b\">\n<div class=\"x11i5rnm xat24cr x1mh8g0r x1vvkbs xtlvy1s x126k92a\">\n<div dir=\"auto\" style=\"text-align: center\"><span style=\"color: #008080\"><strong><em>\u00abTemperatures altes a la espera del descensu de ma\u00f1ana\u00bb<\/em><\/strong><\/span><\/div>\n<div dir=\"auto\"><\/div>\n<div dir=\"auto\" style=\"text-align: center\"><a href=\"http:\/\/edublog.educastur.es\/ixuxu\/files\/2024\/11\/467747825_894074599540617_1227988172354431857_n.jpg\"><img loading=\"lazy\" decoding=\"async\" class=\"aligncenter wp-image-36071\" src=\"http:\/\/edublog.educastur.es\/ixuxu\/files\/2024\/11\/467747825_894074599540617_1227988172354431857_n.jpg\" alt=\"\" width=\"283\" height=\"196\" srcset=\"https:\/\/edublog.educastur.es\/ixuxu\/files\/2024\/11\/467747825_894074599540617_1227988172354431857_n.jpg 450w, https:\/\/edublog.educastur.es\/ixuxu\/files\/2024\/11\/467747825_894074599540617_1227988172354431857_n-300x208.jpg 300w, https:\/\/edublog.educastur.es\/ixuxu\/files\/2024\/11\/467747825_894074599540617_1227988172354431857_n-433x300.jpg 433w\" sizes=\"auto, (max-width: 283px) 100vw, 283px\" \/><\/a><\/div>\n<div dir=\"auto\"><\/div>\n<\/div>\n<div class=\"x11i5rnm xat24cr x1mh8g0r x1vvkbs xtlvy1s x126k92a\">\n<ul>\n<li dir=\"auto\"><strong><span style=\"color: #008080\">Alborecemos<\/span><\/strong> con nubes ya claros o abancios, tando m\u00e1s escampl\u00e1u na met\u00e1 norte d&#8217;Asturies con unes temperatures que tan alrodiu de los 10\u00baC, rexistr\u00e1ndose nel puirtu Payares 4,2\u00baC.<\/li>\n<\/ul>\n<\/div>\n<div class=\"x11i5rnm xat24cr x1mh8g0r x1vvkbs xtlvy1s x126k92a\">\n<ul>\n<li dir=\"auto\"><strong><span style=\"color: #008080\">G\u00fcei<\/span><\/strong> vamos seguir col cielu empuerc\u00e1u de nubes medies y altes que sedr\u00e1n m\u00e1s abondoses na cordelera y fastera m\u00e1s surocidental d&#8217;Asturies onde nun se descarta dalguna precipitaci\u00f3n feble, nel restu sedr\u00e1 mui poco probable, sicas\u00ed al finar el d\u00eda aumentar\u00e1n les posibilidaes. Les temperatures van caltenese suaves y l&#8217;aire \u00e1brigu pue soplar con fuercia en zones altes de monta\u00f1a ya en puntos del llitoral.<\/li>\n<\/ul>\n<p><!--more--><\/p>\n<\/div>\n<div class=\"x11i5rnm xat24cr x1mh8g0r x1vvkbs xtlvy1s x126k92a\">\n<ul>\n<li dir=\"auto\"><strong><span style=\"color: #008080\">Ma\u00f1ana xueves<\/span> <\/strong>la llegada d&#8217;una vaguada atl\u00e1ntica va apurrinos un frente que mos barrer\u00e1 a primera hora de la ma\u00f1ana con precipitaciones abondoses que vendr\u00e1n acompangadas d&#8217;un descensu moder\u00e1u de les temperatures con el role de vientu a componente norte que pue soplar con raches fuertes en zones altes ya en puntos de la costa. La cota de nieve dir\u00e1 baxando de les cumes m\u00e1s altes hasta situase pela tarde perriba de los 1200m. cuando los xarabatos sedr\u00e1n menos frecuentes ya intensos.<\/li>\n<\/ul>\n<\/div>\n<div class=\"x11i5rnm xat24cr x1mh8g0r x1vvkbs xtlvy1s x126k92a\">\n<ul>\n<li dir=\"auto\"><strong><span style=\"color: #008080\">El vienres<\/span><\/strong> tov\u00eda vamos tener dalgo de nubosid\u00e1, sobre too pela ma\u00f1ana, tando m\u00e1s escampl\u00e1u a patir de mediud\u00eda con unes temperatures que van camudar poco, sicas\u00ed descender\u00e1n dalgo les m\u00ednimes y subir\u00e1n llixeramente les m\u00e1simes. L&#8217;aire va quedar sele ya variable.<\/li>\n<\/ul>\n<\/div>\n<div class=\"x11i5rnm xat24cr x1mh8g0r x1vvkbs xtlvy1s x126k92a\">\n<ul>\n<li dir=\"auto\"><strong><span style=\"color: #008080\">El s\u00e1badu<\/span> <\/strong>vamos tener un d\u00eda soleyeru y perguapu con dalguna xelada nes zones m\u00e1s favoretibles al alborecer, el domingu aumentar\u00e1 la nubosid\u00e1 pola entrada de vientu de noroeste anticicl\u00f3nicu que pue dexanos dalguna precipitaci\u00f3n al finar el d\u00eda, el llunes podr\u00eda llover dalgo y nevar en zones altes de la cordelera y paez que lu que resta d&#8217;a\u00f1u va instalase l&#8217;anticicl\u00f3n enrriba nuesu pa dexanos un tiempu mui estable con escasa nubosid\u00e1, temperatures fresques pela nueche y suaves a primera hora de la tarde.<\/li>\n<\/ul>\n<\/div>\n<div class=\"x11i5rnm xat24cr x1mh8g0r x1vvkbs xtlvy1s x126k92a\">\n<div dir=\"auto\"><\/div>\n<\/div>\n<div class=\"x11i5rnm xat24cr x1mh8g0r x1vvkbs xtlvy1s x126k92a\">\n<div dir=\"auto\"><\/div>\n<\/div>\n<\/div>\n<\/div>\n<\/div>\n<\/div>\n<\/div>\n<p>&nbsp;<\/p>\n","protected":false},"excerpt":{"rendered":"<p>El Tiempu n&#8217;Asturies. \u00abTemperatures altes a la espera del descensu de ma\u00f1ana\u00bb Alborecemos con nubes ya claros o abancios, tando m\u00e1s escampl\u00e1u na met\u00e1 norte d&#8217;Asturies con unes temperatures que tan alrodiu de los 10\u00baC, rexistr\u00e1ndose nel puirtu Payares 4,2\u00baC. G\u00fcei vamos seguir col cielu empuerc\u00e1u de nubes medies y altes que sedr\u00e1n m\u00e1s abondoses [&hellip;]<\/p>\n","protected":false},"author":117,"featured_media":0,"comment_status":"open","ping_status":"open","sticky":false,"template":"","format":"standard","meta":{"footnotes":""},"categories":[5],"tags":[],"class_list":["post-38198","post","type-post","status-publish","format-standard","hentry","category-tiempu"],"_links":{"self":[{"href":"https:\/\/edublog.educastur.es\/ixuxu\/wp-json\/wp\/v2\/posts\/38198","targetHints":{"allow":["GET"]}}],"collection":[{"href":"https:\/\/edublog.educastur.es\/ixuxu\/wp-json\/wp\/v2\/posts"}],"about":[{"href":"https:\/\/edublog.educastur.es\/ixuxu\/wp-json\/wp\/v2\/types\/post"}],"author":[{"embeddable":true,"href":"https:\/\/edublog.educastur.es\/ixuxu\/wp-json\/wp\/v2\/users\/117"}],"replies":[{"embeddable":true,"href":"https:\/\/edublog.educastur.es\/ixuxu\/wp-json\/wp\/v2\/comments?post=38198"}],"version-history":[{"count":3,"href":"https:\/\/edublog.educastur.es\/ixuxu\/wp-json\/wp\/v2\/posts\/38198\/revisions"}],"predecessor-version":[{"id":38201,"href":"https:\/\/edublog.educastur.es\/ixuxu\/wp-json\/wp\/v2\/posts\/38198\/revisions\/38201"}],"wp:attachment":[{"href":"https:\/\/edublog.educastur.es\/ixuxu\/wp-json\/wp\/v2\/media?parent=38198"}],"wp:term":[{"taxonomy":"category","embeddable":true,"href":"https:\/\/edublog.educastur.es\/ixuxu\/wp-json\/wp\/v2\/categories?post=38198"},{"taxonomy":"post_tag","embeddable":true,"href":"https:\/\/edublog.educastur.es\/ixuxu\/wp-json\/wp\/v2\/tags?post=38198"}],"curies":[{"name":"wp","href":"https:\/\/api.w.org\/{rel}","templated":true}]}}