{"id":38309,"date":"2024-12-19T11:08:59","date_gmt":"2024-12-19T09:08:59","guid":{"rendered":"https:\/\/edublog.educastur.es\/ixuxu\/?p=38309"},"modified":"2024-12-19T12:14:26","modified_gmt":"2024-12-19T10:14:26","slug":"el-conservatoriu-de-mieres-homenaxea-esti-xueves-a-xentiquina-y-nacho-fonseca","status":"publish","type":"post","link":"https:\/\/edublog.educastur.es\/ixuxu\/2024\/12\/el-conservatoriu-de-mieres-homenaxea-esti-xueves-a-xentiquina-y-nacho-fonseca\/","title":{"rendered":"El Conservatoriu de Mieres homenaxea esti xueves a Xentiquina y Nacho Fonseca"},"content":{"rendered":"<ul>\n<li>Fonte:<a href=\"https:\/\/musicasturiana.com\/el-conservatoriu-mieres-homenaxea-esti-xueves-a-xentiquina-y-nacho-fonseca\/?fbclid=IwZXh0bgNhZW0CMTEAAR2cp-pK6v4lun-B8qmK0j8npgGofy1x5Uovva31PCHOGP2uEhv6lNCmhnM_aem_tZonRK9dt16cEtaRbKjTyw\"> MusicAsturiana<\/a> \/ <a href=\"https:\/\/scontent-mad1-1.xx.fbcdn.net\/v\/t39.30808-6\/471132871_8984485888332715_8405996001722493287_n.jpg?_nc_cat=102&amp;ccb=1-7&amp;_nc_sid=127cfc&amp;_nc_ohc=AQbRCryOVc4Q7kNvgFXO_d2&amp;_nc_zt=23&amp;_nc_ht=scontent-mad1-1.xx&amp;_nc_gid=Aw9e3rrFH58HEJrxUDBwCfD&amp;oh=00_AYAT_87OZWI_wpoZVZnA00ZDbCp8vFahoQB5vOJgspzefw&amp;oe=6769CF94\"><em><strong>cartelu<\/strong><\/em><\/a> \/\u00a0 <a href=\"https:\/\/musicasturiana.com\/producto\/xentiquina-llibru-cd-canciones-pa-la-xentiquina\/\">merca&#8217;l llibru discu equ\u00ed<\/a><\/li>\n<\/ul>\n<p style=\"text-align: center\">\n<!-- iframe plugin v.6.0 wordpress.org\/plugins\/iframe\/ -->\n<iframe loading=\"lazy\" src=\"https:\/\/www.facebook.com\/plugins\/post.php?href=https%3A%2F%2Fwww.facebook.com%2Ffundacionbelenos%2Fposts%2Fpfbid0TdvroiFdepiRP8LDU3Hr4u6hnqXKmuuje7tGfkB9MXg4SgPKRUcAWTUCWuuPrUpzl&#038;show_text=false&#038;width=500\" width=\"500\" height=\"498\" style=\"border:none;overflow:hidden\" scrolling=\"no\" frameborder=\"0\" allowfullscreen=\"true\" allow=\"autoplay; clipboard-write; encrypted-media; picture-in-picture; web-share\" 0=\"\/iframe\" class=\"iframe-class\"><\/iframe>\n<\/p>\n<p>El lleg\u00e1u de <strong>Nacho Fonseca<\/strong> a travi\u00e9s de Seliqu\u00edn y Xentiquina nun tien llendes y esti <strong>xueves 19<\/strong> va volver amosase. El<strong> Conservatoriu-Escuela de M\u00fasica de Mieres <\/strong>entama l\u2019eventu <em><strong>Asina suenen\u2026 les canciones de Xentiquina y Nacho Fonseca<\/strong>. <\/em>N\u00e9l va participar un coru form\u00e1u por <strong>venticinco profesores<\/strong> y l\u2019alumn\u00e1u de<strong> sestu de primaria <\/strong>del colexu Aniceto Sela; am\u00e1s de dellos <strong>m\u00fasicos<\/strong>. Van ser <strong>m\u00e1s de 140 persones<\/strong> les que van xubir al escenaru del<strong> Auditoriu Teodoro Cuesta <\/strong>pa interpretar 10 cantares m\u00edticos de la formaci\u00f3n. Too ello de baldre y a les 19h.<\/p>\n<p><!--more--><\/p>\n<p style=\"text-align: center\"><a href=\"https:\/\/musicasturiana.com\/wp-content\/uploads\/2022\/06\/nacho-fonseca-2.jpg\"><img loading=\"lazy\" decoding=\"async\" class=\"aligncenter size-large\" src=\"https:\/\/musicasturiana.com\/wp-content\/uploads\/2022\/06\/nacho-fonseca-2.jpg\" width=\"1200\" height=\"600\" \/><\/a><\/p>\n<p>Nesta cita Fonseca tami\u00e9n va tar acompa\u00f1\u00e1u por <strong>Alicia \u00c1lvarez<\/strong>, periodista, m\u00fasica y responsable de La Fabriquina, la editorial y discogr\u00e1fica qu\u2019asoley\u00f3\u2019l llibru-CD <em><strong><a href=\"https:\/\/musicasturiana.com\/producto\/xentiquina-llibru-cd-canciones-pa-la-xentiquina\/\">Canciones pa la Xentiquina<\/a><\/strong><\/em>. Ente los dos van presentar les canciones que van dir sonando y, como presenten dende\u2019l Conceyu Mieres, \u00abde xuru que Nacho va cuntar munches de les <strong>an\u00e9cdotes <\/strong>que vivi\u00f3 nestos a\u00f1os al frente de Xentiquina\u00bb.<\/p>\n<p>Les 10 canciones que van sonar son les mesmes que t\u00e1n compilaes en <em><strong><a href=\"https:\/\/musicasturiana.com\/producto\/xentiquina-llibru-cd-canciones-pa-la-xentiquina\/\">Canciones pa la Xentiquina. Una selecci\u00f3n sentimental de Nacho Fonseca<\/a><\/strong><\/em>, cola particularid\u00e1 de que los <strong>arreglos musicales<\/strong> t\u00e1n fechos pol <strong>profesor\u00e1u <\/strong>del Conservatoriu-Escuela de M\u00fasica de Mieres. D\u2019esta manera, pianu, teclaos, viol\u00edn, clarinete, guitarra, curdi\u00f3n diat\u00f3nicu, saxof\u00f3n, violencellu, bater\u00eda, flauta y percusiones, van dar mayor color\u00edu a estos temes y acompa\u00f1ar al coru de voces.<\/p>\n<p><strong>Una obra exitosa<\/strong><\/p>\n<p><em><strong><a href=\"https:\/\/musicasturiana.com\/producto\/xentiquina-llibru-cd-canciones-pa-la-xentiquina\/\">Canciones pa la Xentiquina<\/a><\/strong><\/em> ta siendo \u00fan de los trabayos m\u00e1s reconoc\u00edos de la temporada. <strong>La Fabriquina<\/strong> edit\u00f3 n\u2019abril esta obra qu\u2019axunta diez de los temes m\u00e1s conoc\u00edos de Xentiquina y Seliqu\u00edn y que formen la banda sonora de la<strong>\u00a0infancia de delles xeneraciones<\/strong>\u00a0n\u2019Asturies. La m\u00fasica ta acompa\u00f1ada poles ilustraciones de l\u2019artista <strong>Laura Bitxo<\/strong> y por dellos testos alredor d\u2019esti proyectu pioneru nel \u00e1mbitu de la educaci\u00f3n y de la m\u00fasica.<\/p>\n<div class=\"wp-block-spacer\" aria-hidden=\"true\"><\/div>\n<p>Xentiquina ye una de les formaciones musicales m\u00e1s importantes pa la llingua asturiana, y\u00e1 que fo<strong>i l\u2019\u00fanicu grupu form\u00e1u esclusivamente por ne\u00f1os y ne\u00f1es<\/strong> y, per 25 a\u00f1os, foi la \u00fanica formaci\u00f3n que fac\u00eda c<strong>antares n\u2019asturianu pa la reciella<\/strong>. La so historia ye inseparable de la del mayestru Nacho Fonseca, que nel cursu 1986-1987 cuando daba clases en <strong>Porr\u00faa<\/strong>, decidi\u00f3 facer un grupu musical con dellos de los sos escolinos. Llam\u00e1ronse Seliqu\u00edn y llegaron a grabar un discu. Col tresll\u00e1u de Fonseca a dar clases a <strong>Lieres<\/strong>, \u00e9sti reconvirti\u00f3\u2019l proyectu en Xentiquina. Foi una revoluci\u00f3n pa la m\u00fasica n\u2019asturianu, una <strong>ferramienta imprescindible pal ense\u00f1u de la nuestra llingua<\/strong> y tou un \u00e9xitu; asoleyaron dellos discos, dieron un centenar de conciertos per escueles y escenarios del pa\u00eds y involucraron a cientos de ne\u00f1os y ne\u00f1es na xera de cantar n\u2019asturianu.<\/p>\n<p>&nbsp;<\/p>\n<div class=\"wp-block-spacer\" style=\"text-align: center\" aria-hidden=\"true\"><a href=\"https:\/\/musicasturiana.com\/wp-content\/uploads\/2024\/04\/xentiquina-canciones-pa-la-xentiquina.jpg\"><img loading=\"lazy\" decoding=\"async\" class=\"aligncenter size-large\" src=\"https:\/\/musicasturiana.com\/wp-content\/uploads\/2024\/04\/xentiquina-canciones-pa-la-xentiquina.jpg\" width=\"500\" height=\"500\" \/><\/a><\/div>\n","protected":false},"excerpt":{"rendered":"<p>Fonte: MusicAsturiana \/ cartelu \/\u00a0 merca&#8217;l llibru discu equ\u00ed El lleg\u00e1u de Nacho Fonseca a travi\u00e9s de Seliqu\u00edn y Xentiquina nun tien llendes y esti xueves 19 va volver amosase. El Conservatoriu-Escuela de M\u00fasica de Mieres entama l\u2019eventu Asina suenen\u2026 les canciones de Xentiquina y Nacho Fonseca. N\u00e9l va participar un coru form\u00e1u por venticinco [&hellip;]<\/p>\n","protected":false},"author":117,"featured_media":0,"comment_status":"open","ping_status":"open","sticky":false,"template":"","format":"standard","meta":{"footnotes":""},"categories":[10,35,125],"tags":[],"class_list":["post-38309","post","type-post","status-publish","format-standard","hentry","category-llibros-reciella","category-musica","category-musicasturiana-com"],"_links":{"self":[{"href":"https:\/\/edublog.educastur.es\/ixuxu\/wp-json\/wp\/v2\/posts\/38309","targetHints":{"allow":["GET"]}}],"collection":[{"href":"https:\/\/edublog.educastur.es\/ixuxu\/wp-json\/wp\/v2\/posts"}],"about":[{"href":"https:\/\/edublog.educastur.es\/ixuxu\/wp-json\/wp\/v2\/types\/post"}],"author":[{"embeddable":true,"href":"https:\/\/edublog.educastur.es\/ixuxu\/wp-json\/wp\/v2\/users\/117"}],"replies":[{"embeddable":true,"href":"https:\/\/edublog.educastur.es\/ixuxu\/wp-json\/wp\/v2\/comments?post=38309"}],"version-history":[{"count":2,"href":"https:\/\/edublog.educastur.es\/ixuxu\/wp-json\/wp\/v2\/posts\/38309\/revisions"}],"predecessor-version":[{"id":38332,"href":"https:\/\/edublog.educastur.es\/ixuxu\/wp-json\/wp\/v2\/posts\/38309\/revisions\/38332"}],"wp:attachment":[{"href":"https:\/\/edublog.educastur.es\/ixuxu\/wp-json\/wp\/v2\/media?parent=38309"}],"wp:term":[{"taxonomy":"category","embeddable":true,"href":"https:\/\/edublog.educastur.es\/ixuxu\/wp-json\/wp\/v2\/categories?post=38309"},{"taxonomy":"post_tag","embeddable":true,"href":"https:\/\/edublog.educastur.es\/ixuxu\/wp-json\/wp\/v2\/tags?post=38309"}],"curies":[{"name":"wp","href":"https:\/\/api.w.org\/{rel}","templated":true}]}}