{"id":3850,"date":"2021-02-19T10:00:11","date_gmt":"2021-02-19T08:00:11","guid":{"rendered":"https:\/\/edublog.educastur.es\/ixuxu\/?p=3850"},"modified":"2021-03-02T02:48:20","modified_gmt":"2021-03-02T00:48:20","slug":"cangas-celebral-dia-del-idioma-maternu-colos-sos-animales-autoctonos","status":"publish","type":"post","link":"https:\/\/edublog.educastur.es\/ixuxu\/2021\/02\/cangas-celebral-dia-del-idioma-maternu-colos-sos-animales-autoctonos\/","title":{"rendered":"Cangas celebra&#8217;l D\u00eda del Idioma Maternu colos sos animales aut\u00f3ctonos"},"content":{"rendered":"<div class=\"post-content-share post-content-share-bar jssocials\">\n<div class=\"post-categories\">\n<div class=\"post-content-share post-content-share-bar jssocials\">\n<div class=\"jssocials-shares\">\n<ul>\n<li class=\"jssocials-share jssocials-share-facebook\">Fonte: <a href=\"https:\/\/verasturies.com\/ast\/cangas-celebra-el-dia-del-idioma-materno-con-sus-animales-autoctonos\/\">Ver Asturies.com<\/a><\/li>\n<\/ul>\n<div>\n<div class=\"post-content-share post-content-share-bar jssocials is_stuck\">\n<div class=\"jssocials-shares\"><\/div>\n<\/div>\n<\/div>\n<div class=\"post-content post-single-content\">\n<p>El Conceyu de Cangas del Narcea, al travi\u00e9s del Serviciu de Normalizaci\u00f3n L.ling\u00fc\u00edstica, present\u00f3u con motivu del <strong><em>D\u00eda Internacional de la L.lingua Materna<\/em><\/strong>, que, cumo cada anu, cel\u00e9brase&#8217;l 21 de febreiru, la campa\u00f1a \u00abAsina los chamemos aiqu\u00ed\u00bb, cona que se pretende dar a conecer la denominaci\u00f3n d&#8217;especies de la fauna ya la flora no dialectu occidental del asturianu.<\/p>\n<p><a href=\"https:\/\/imgbox.es\/images\/2021\/02\/20\/fauna86c586baa187ba74.jpg\"><img loading=\"lazy\" decoding=\"async\" class=\"alignnone\" src=\"https:\/\/imgbox.es\/images\/2021\/02\/20\/fauna86c586baa187ba74.jpg\" alt=\"\" width=\"275\" height=\"385\" \/><\/a>\u00a0 \/ <a href=\"https:\/\/imgbox.es\/images\/2021\/02\/20\/floraca461c1b623a111f.jpg\"><img loading=\"lazy\" decoding=\"async\" class=\"alignnone\" src=\"https:\/\/imgbox.es\/images\/2021\/02\/20\/floraca461c1b623a111f.jpg\" alt=\"\" width=\"272\" height=\"381\" \/><\/a><\/p>\n<p><!--more--><\/p>\n<p>Tr\u00e1tase d&#8217;una campa\u00f1a que se presenta g\u00fcei nas redes sociales ya que vei fadese chegar a t\u00f3dolos centros educativos del conceyu ya de la redolada, Tin\u00e9u, Ayande ya Dega\u00f1a. Nesta campa\u00f1a mu\u00e9stranse los nomes que fonon perdurando no tiempu nel \u00e1mbitu familiar, reivindic\u00e1ndose ya dignific\u00e1ndose esa tresmisi\u00f3n interxeneracional de conecimientos tan importante.<\/p>\n<ul>\n<li><a href=\"https:\/\/www.ayto-cnarcea.es\/serviciu-de-normalizacion-linguistica\"><strong><em>Serviciu Normalizaci\u00f3n lling\u00fc\u00edstica<\/em><\/strong><\/a><\/li>\n<\/ul>\n<p>Nos carteles pueden vese un total de 48 exemplares, ente el.los: l&#8217;osu, la l.l\u00f3ndriga, el carbayu\/carbachu\/rebol.lu, el sardon\/xard\u00f3n, la pega ou&#8217;l feis\u00e1n, ente outros. Acompa\u00f1an a las im\u00e1xenes unas claves que facilitan la interpretaci\u00f3n de los conten\u00edos.<\/p>\n<p><a href=\"https:\/\/imgbox.es\/images\/2021\/02\/20\/fauna2823fec0818988895.jpg\"><img loading=\"lazy\" decoding=\"async\" class=\"alignnone\" src=\"https:\/\/imgbox.es\/images\/2021\/02\/20\/fauna2823fec0818988895.jpg\" alt=\"\" width=\"1389\" height=\"1965\" \/><\/a><\/p>\n<\/div>\n<\/div>\n<\/div>\n<\/div>\n<\/div>\n","protected":false},"excerpt":{"rendered":"<p>Fonte: Ver Asturies.com El Conceyu de Cangas del Narcea, al travi\u00e9s del Serviciu de Normalizaci\u00f3n L.ling\u00fc\u00edstica, present\u00f3u con motivu del D\u00eda Internacional de la L.lingua Materna, que, cumo cada anu, cel\u00e9brase&#8217;l 21 de febreiru, la campa\u00f1a \u00abAsina los chamemos aiqu\u00ed\u00bb, cona que se pretende dar a conecer la denominaci\u00f3n d&#8217;especies de la fauna ya la [&hellip;]<\/p>\n","protected":false},"author":117,"featured_media":0,"comment_status":"open","ping_status":"open","sticky":false,"template":"","format":"standard","meta":{"footnotes":""},"categories":[4],"tags":[],"class_list":["post-3850","post","type-post","status-publish","format-standard","hentry","category-natura"],"_links":{"self":[{"href":"https:\/\/edublog.educastur.es\/ixuxu\/wp-json\/wp\/v2\/posts\/3850","targetHints":{"allow":["GET"]}}],"collection":[{"href":"https:\/\/edublog.educastur.es\/ixuxu\/wp-json\/wp\/v2\/posts"}],"about":[{"href":"https:\/\/edublog.educastur.es\/ixuxu\/wp-json\/wp\/v2\/types\/post"}],"author":[{"embeddable":true,"href":"https:\/\/edublog.educastur.es\/ixuxu\/wp-json\/wp\/v2\/users\/117"}],"replies":[{"embeddable":true,"href":"https:\/\/edublog.educastur.es\/ixuxu\/wp-json\/wp\/v2\/comments?post=3850"}],"version-history":[{"count":6,"href":"https:\/\/edublog.educastur.es\/ixuxu\/wp-json\/wp\/v2\/posts\/3850\/revisions"}],"predecessor-version":[{"id":3852,"href":"https:\/\/edublog.educastur.es\/ixuxu\/wp-json\/wp\/v2\/posts\/3850\/revisions\/3852"}],"wp:attachment":[{"href":"https:\/\/edublog.educastur.es\/ixuxu\/wp-json\/wp\/v2\/media?parent=3850"}],"wp:term":[{"taxonomy":"category","embeddable":true,"href":"https:\/\/edublog.educastur.es\/ixuxu\/wp-json\/wp\/v2\/categories?post=3850"},{"taxonomy":"post_tag","embeddable":true,"href":"https:\/\/edublog.educastur.es\/ixuxu\/wp-json\/wp\/v2\/tags?post=3850"}],"curies":[{"name":"wp","href":"https:\/\/api.w.org\/{rel}","templated":true}]}}