{"id":38523,"date":"2024-12-22T22:40:23","date_gmt":"2024-12-22T20:40:23","guid":{"rendered":"https:\/\/edublog.educastur.es\/ixuxu\/?p=38523"},"modified":"2024-12-22T22:43:53","modified_gmt":"2024-12-22T20:43:53","slug":"calendarios-de-vacunes","status":"publish","type":"post","link":"https:\/\/edublog.educastur.es\/ixuxu\/2024\/12\/calendarios-de-vacunes\/","title":{"rendered":"Calendarios de vacunes"},"content":{"rendered":"<div class=\"enlaces-vacunas\">\n<p style=\"text-align: center\"><a href=\"https:\/\/www.sanidad.gob.es\/areas\/promocionPrevencion\/vacunaciones\/calendario\/home.htm\"><strong><em>Web Ministeriu de Sanid\u00e1<\/em><\/strong><\/a><\/p>\n<p style=\"text-align: center\"><span id=\"i4t-id-1\" aria-hidden=\"true\"><a href=\"https:\/\/www.sanidad.gob.es\/areas\/promocionPrevencion\/vacunaciones\/calendario\/img\/CalendarioVacunacion_Todalavida.jpg\"><img loading=\"lazy\" decoding=\"async\" class=\"aligncenter size-large\" src=\"https:\/\/www.sanidad.gob.es\/areas\/promocionPrevencion\/vacunaciones\/calendario\/img\/CalendarioVacunacion_Todalavida.jpg\" width=\"1353\" height=\"957\" \/><\/a><\/span><\/p>\n<ul role=\"menu\" data-insuit-top=\"-40px;\" data-insuit-height=\"+40px;\" aria-labelledby=\"i4t-id-1\" data-insuit-uuid=\"da515b33-eaea-4a77-aaf1-577eb3fbd3d8\">\n<li role=\"menuitem\" data-insuit-uuid=\"f167a5ae-9f51-4122-852f-5df81429ad95\"><a href=\"https:\/\/www.sanidad.gob.es\/areas\/promocionPrevencion\/vacunaciones\/calendario\/home.htm\" data-insuit-uuid=\"013a3d88-b052-48f3-b125-bf04a8b823e8\">Calendario a lo largo de toda la vida<\/a><\/li>\n<li role=\"menuitem\" data-insuit-uuid=\"1f954cb2-e165-4458-aaf5-f58f8b08ab20\"><a title=\"Se abrir\u00e1 en una nueva ventana a la p\u00e1gina calendario\/docs\/CalendarioVacunacion_GRinfantil.pdf\" href=\"https:\/\/www.sanidad.gob.es\/areas\/promocionPrevencion\/vacunaciones\/calendario\/docs\/CalendarioVacunacion_GRinfantil.pdf\" target=\"_blank\" rel=\"noopener\" data-insuit-uuid=\"168f69d9-b9e2-4490-b658-9bb27eebcc72\">Calendario de vacunaci\u00f3n condiciones de riesgo (infantil) <img decoding=\"async\" src=\"https:\/\/www.sanidad.gob.es\/diseno\/img\/ico_pdf.gif\" alt=\"Archivo pdf. Se abrir\u00e1 en una ventana nueva\" \/> <\/a><\/li>\n<li role=\"menuitem\" data-insuit-uuid=\"f028fceb-ae7e-4461-8ca5-bcdd13234c0e\"><a title=\"Se abrir\u00e1 en una nueva ventana a la p\u00e1gina calendario\/docs\/CalendarioVacunacion_GRadultos.pdf\" href=\"https:\/\/www.sanidad.gob.es\/areas\/promocionPrevencion\/vacunaciones\/calendario\/docs\/CalendarioVacunacion_GRadultos.pdf\" target=\"_blank\" rel=\"noopener\" data-insuit-uuid=\"a2fb6cdb-4afb-4df5-aea5-1cce6f5a59c6\">Calendario de vacunaci\u00f3n condiciones de riesgo (adulto) <img decoding=\"async\" src=\"https:\/\/www.sanidad.gob.es\/diseno\/img\/ico_pdf.gif\" alt=\"Archivo pdf. Se abrir\u00e1 en una ventana nueva\" \/> <\/a><\/li>\n<li role=\"menuitem\" data-insuit-uuid=\"23ff0e21-9893-4ae9-a4e5-a33cf10e27f8\"><a title=\"Se abrir\u00e1 en una nueva ventana a la p\u00e1gina calendario\/docs\/Calendario_Acelerado_Vacunaciones.pdf\" href=\"https:\/\/www.sanidad.gob.es\/areas\/promocionPrevencion\/vacunaciones\/calendario\/docs\/Calendario_Acelerado_Vacunaciones.pdf\" target=\"_blank\" rel=\"noopener\" data-insuit-uuid=\"0c1e295a-f3d6-4de3-b29c-7d9820c93786\">Calendario acelerado <img decoding=\"async\" src=\"https:\/\/www.sanidad.gob.es\/diseno\/img\/ico_pdf.gif\" alt=\"Archivo pdf. Se abrir\u00e1 en una ventana nueva\" \/> <\/a><\/li>\n<li role=\"menuitem\" data-insuit-uuid=\"70e664c2-8986-4f9e-b4cc-e5c682db4cca\"><a title=\"Se abrir\u00e1 en una nueva ventana a la p\u00e1gina calendario\/calendario\/docs\/Calendario_Acelerado_Refugiados_Ucrania.pdf\" href=\"https:\/\/www.sanidad.gob.es\/areas\/promocionPrevencion\/vacunaciones\/calendario\/calendario\/docs\/Calendario_Acelerado_Refugiados_Ucrania.pdf\" target=\"_blank\" rel=\"noopener\" data-insuit-uuid=\"5468e214-61e3-42bf-87d2-f4edb01cd60c\">Vacunaci\u00f3n de refugiados de Ucrania <img decoding=\"async\" src=\"https:\/\/www.sanidad.gob.es\/diseno\/img\/ico_pdf.gif\" alt=\"Archivo pdf. Se abrir\u00e1 en una ventana nueva\" \/> <\/a><\/li>\n<li role=\"menuitem\" data-insuit-uuid=\"7557062a-ed4a-47a7-91b9-f9196737dc7d\"><a href=\"https:\/\/www.sanidad.gob.es\/areas\/promocionPrevencion\/vacunaciones\/coberturas\/home.htm\" data-insuit-uuid=\"448ff3a0-553e-4fc8-bf23-859ca4445f38\">Coberturas de vacunaci\u00f3n<\/a><\/li>\n<li role=\"menuitem\" data-insuit-uuid=\"9e950298-53db-41ad-a4b3-b1c83b271b86\"><a href=\"https:\/\/www.sanidad.gob.es\/areas\/promocionPrevencion\/vacunaciones\/coberturas\/historico\/home.htm\" data-insuit-uuid=\"d15572d5-031a-43de-8e9a-f9a315754423\">Hist\u00f3rico de coberturas de vacunaci\u00f3n<\/a><\/li>\n<\/ul>\n<p><!--more--><\/p>\n<p><a href=\"https:\/\/www.sanidad.gob.es\/areas\/promocionPrevencion\/vacunaciones\/calendario\/img\/CalendarioVacunacion_GRinfantil.jpg\"><img loading=\"lazy\" decoding=\"async\" class=\"aligncenter size-large\" src=\"https:\/\/www.sanidad.gob.es\/areas\/promocionPrevencion\/vacunaciones\/calendario\/img\/CalendarioVacunacion_GRinfantil.jpg\" width=\"1353\" height=\"957\" \/><\/a><\/p>\n<\/div>\n<p>&nbsp;<\/p>\n<div class=\"row\">\n<div class=\"col-md-4\">\n<p class=\"texto_centrado infografia-prevencion-promocion\"><a title=\"Se abrir\u00e1 en una nueva ventana a la p\u00e1gina .\/docs\/CalendarioVacunacion_Todalavida.pdf\" href=\"https:\/\/www.sanidad.gob.es\/areas\/promocionPrevencion\/vacunaciones\/calendario\/docs\/CalendarioVacunacion_Todalavida.pdf\" target=\"_blank\" rel=\"noopener\" data-insuit-uuid=\"d1f9f48e-40c6-4433-a715-ce473656b326\">Calendario de vacunaci\u00f3n a lo largo de toda la vida <img decoding=\"async\" src=\"https:\/\/www.sanidad.gob.es\/diseno\/img\/ico_pdf.gif\" alt=\"Archivo pdf. Se abrir\u00e1 en una ventana nueva\" \/> <\/a><\/p>\n<\/div>\n<\/div>\n<div class=\"texto_centrado\">\n<p><a title=\"Se abrir\u00e1 en una nueva ventana a la p\u00e1gina docs\/Calendario_Acelerado_Vacunaciones.pdf\" href=\"https:\/\/www.sanidad.gob.es\/areas\/promocionPrevencion\/vacunaciones\/calendario\/docs\/Calendario_Acelerado_Vacunaciones.pdf\" target=\"_blank\" rel=\"noopener\" data-insuit-uuid=\"c980ee62-f5c0-4156-89b9-a8f110e8dc10\">Calendario acelerado. Actualizado noviembre 2024 <img decoding=\"async\" src=\"https:\/\/www.sanidad.gob.es\/diseno\/img\/ico_pdf.gif\" alt=\"Archivo pdf. Se abrir\u00e1 en una ventana nueva\" \/> <\/a> <span class=\"negrita\">(NUEVO)<\/span><\/p>\n<p><a title=\"Se abrir\u00e1 en una nueva ventana a la p\u00e1gina calendario\/docs\/Calendario_Acelerado_Refugiados_Ucrania.pdf\" href=\"https:\/\/www.sanidad.gob.es\/areas\/promocionPrevencion\/vacunaciones\/calendario\/calendario\/docs\/Calendario_Acelerado_Refugiados_Ucrania.pdf\" target=\"_blank\" rel=\"noopener\" data-insuit-uuid=\"561138b1-8435-4923-af72-c58e4ac02b11\">Vacunaci\u00f3n de refugiados de Ucrania. 18 marzo 2022 <img decoding=\"async\" src=\"https:\/\/www.sanidad.gob.es\/diseno\/img\/ico_pdf.gif\" alt=\"Archivo pdf. Se abrir\u00e1 en una ventana nueva\" \/> <\/a><\/p>\n<\/div>\n","protected":false},"excerpt":{"rendered":"<p>Web Ministeriu de Sanid\u00e1 Calendario a lo largo de toda la vida Calendario de vacunaci\u00f3n condiciones de riesgo (infantil) Calendario de vacunaci\u00f3n condiciones de riesgo (adulto) Calendario acelerado Vacunaci\u00f3n de refugiados de Ucrania Coberturas de vacunaci\u00f3n Hist\u00f3rico de coberturas de vacunaci\u00f3n<\/p>\n","protected":false},"author":117,"featured_media":0,"comment_status":"open","ping_status":"open","sticky":false,"template":"","format":"standard","meta":{"footnotes":""},"categories":[73,48,161],"tags":[],"class_list":["post-38523","post","type-post","status-publish","format-standard","hentry","category-calendariu","category-salu","category-vacuna"],"_links":{"self":[{"href":"https:\/\/edublog.educastur.es\/ixuxu\/wp-json\/wp\/v2\/posts\/38523","targetHints":{"allow":["GET"]}}],"collection":[{"href":"https:\/\/edublog.educastur.es\/ixuxu\/wp-json\/wp\/v2\/posts"}],"about":[{"href":"https:\/\/edublog.educastur.es\/ixuxu\/wp-json\/wp\/v2\/types\/post"}],"author":[{"embeddable":true,"href":"https:\/\/edublog.educastur.es\/ixuxu\/wp-json\/wp\/v2\/users\/117"}],"replies":[{"embeddable":true,"href":"https:\/\/edublog.educastur.es\/ixuxu\/wp-json\/wp\/v2\/comments?post=38523"}],"version-history":[{"count":5,"href":"https:\/\/edublog.educastur.es\/ixuxu\/wp-json\/wp\/v2\/posts\/38523\/revisions"}],"predecessor-version":[{"id":38528,"href":"https:\/\/edublog.educastur.es\/ixuxu\/wp-json\/wp\/v2\/posts\/38523\/revisions\/38528"}],"wp:attachment":[{"href":"https:\/\/edublog.educastur.es\/ixuxu\/wp-json\/wp\/v2\/media?parent=38523"}],"wp:term":[{"taxonomy":"category","embeddable":true,"href":"https:\/\/edublog.educastur.es\/ixuxu\/wp-json\/wp\/v2\/categories?post=38523"},{"taxonomy":"post_tag","embeddable":true,"href":"https:\/\/edublog.educastur.es\/ixuxu\/wp-json\/wp\/v2\/tags?post=38523"}],"curies":[{"name":"wp","href":"https:\/\/api.w.org\/{rel}","templated":true}]}}