{"id":38540,"date":"2024-12-23T17:01:39","date_gmt":"2024-12-23T15:01:39","guid":{"rendered":"https:\/\/edublog.educastur.es\/ixuxu\/?p=38540"},"modified":"2024-12-23T19:19:18","modified_gmt":"2024-12-23T17:19:18","slug":"cuencauentos-en-grau-un-trasgu-na-ciuda-de-histories-sonores","status":"publish","type":"post","link":"https:\/\/edublog.educastur.es\/ixuxu\/2024\/12\/cuencauentos-en-grau-un-trasgu-na-ciuda-de-histories-sonores\/","title":{"rendered":"Cuentauentos en Grau: \u00abUn trasgu na ciud\u00e1 de Histories sonores\u00bb."},"content":{"rendered":"<div class=\"x78zum5 xdt5ytf xz62fqu x16ldp7u\">\n<div class=\"xu06os2 x1ok221b\">\n<div class=\"html-div xdj266r x11i5rnm xat24cr x1mh8g0r xexx8yu x4uap5 x18d9i69 xkhd6sd\" data-ad-rendering-role=\"profile_name\">\n<ul>\n<li class=\"html-h4 x11i5rnm xat24cr x1mh8g0r xexx8yu x4uap5 x18d9i69 xkhd6sd x1vvkbs x1heor9g x1qlqyl8 x1pd3egz x1a2a7pz x1gslohp x1yc453h\"><span class=\"xt0psk2\"><a class=\"x1i10hfl xjbqb8w x1ejq31n xd10rxx x1sy0etr x17r0tee x972fbf xcfux6l x1qhh985 xm0m39n x9f619 x1ypdohk xt0psk2 xe8uvvx xdj266r x11i5rnm xat24cr x1mh8g0r xexx8yu x4uap5 x18d9i69 xkhd6sd x16tdsg8 x1hl2dhg xggy1nq x1a2a7pz x1sur9pj xkrqix3 xzsf02u x1s688f\" role=\"link\" href=\"https:\/\/www.facebook.com\/biblioteca.grado?__cft__[0]=AZW1fSz_mQhC6y7rPErEi6LUK0Svn1UiipSUcBNQ2X85W636l9kBhF4qUKMl1M1U7eFbNMaLqBoVbSjjtDieHB6CdBvJCZ69iaDlhmIRlRjVGpdASW5qigbFDqHgB42evuSjBzzLdiqy4CDmf8R_Ge0MQ2PIOf1nOyNb05mIn0GHjHoQUtQD6hcHZfQWsCff_f0ceSUNWA7GPcOw5PNhmOchKN0MgZQlP2PnoUx9wHrfxuFBaPMbPOqboX6DWw_4f8Q&amp;__tn__=-UC%2CP-R\"><strong class=\"html-strong xdj266r x11i5rnm xat24cr x1mh8g0r xexx8yu x4uap5 x18d9i69 xkhd6sd x1hl2dhg x16tdsg8 x1vvkbs x1s688f\"><span class=\"html-span xdj266r x11i5rnm xat24cr x1mh8g0r xexx8yu x4uap5 x18d9i69 xkhd6sd x1hl2dhg x16tdsg8 x1vvkbs\">Cultura Grado<\/span><\/strong><\/a><\/span><span class=\"xzsf02u xo1l8bm\"><span class=\"xzpqnlu xjm9jq1 x6ikm8r x10wlt62 x10l6tqk x1i1rx1s\">\u00a0<\/span><span aria-hidden=\"true\"> \/ <a href=\"https:\/\/scontent-mad2-1.xx.fbcdn.net\/v\/t39.30808-6\/470504979_1026730022828036_9100900158083482089_n.jpg?_nc_cat=110&amp;ccb=1-7&amp;_nc_sid=127cfc&amp;_nc_ohc=PmUcA1cNeTUQ7kNvgGv5rwi&amp;_nc_oc=AdhfRIWUeA-7IFy5-0oZZPkbbnC7tvl41xy2IMGlZ96bVob1qpcTbArmbenOpL9gfFs&amp;_nc_zt=23&amp;_nc_ht=scontent-mad2-1.xx&amp;_nc_gid=ACJTjf8l9TBLlJ9PlOiIUOe&amp;oh=00_AYB2_UVlBBg6oLdAXKPWExyMbqjOuoYLG8HbbCIjFeEq-w&amp;oe=676F5033\">cartelu<\/a><br \/>\n<\/span><\/span><\/li>\n<\/ul>\n<\/div>\n<\/div>\n<\/div>\n<div class=\"html-div xdj266r x11i5rnm xat24cr x1mh8g0r xexx8yu x4uap5 x18d9i69 xkhd6sd\" dir=\"auto\">\n<div class=\"html-div xdj266r x11i5rnm xat24cr x1mh8g0r xexx8yu x4uap5 x18d9i69 xkhd6sd\" data-ad-rendering-role=\"story_message\">\n<div id=\":rnl:\" class=\"x1l90r2v x1iorvi4 x1ye3gou xn6708d\" data-ad-comet-preview=\"message\" data-ad-preview=\"message\">\n<div class=\"x78zum5 xdt5ytf xz62fqu x16ldp7u\">\n<div class=\"xu06os2 x1ok221b\">\n<div class=\"xdj266r x11i5rnm xat24cr x1mh8g0r x1vvkbs x126k92a\">\n<ul>\n<li dir=\"auto\">Hora: 18 h. \/ Tem\u00e1tica: narraci\u00f3n oral \/ Dirix\u00edu a: p\u00fablico infantil \/ Duraci\u00f3n: 45 minutos<\/li>\n<li dir=\"auto\">Entrada libre y de baldre hasta completar aforu.<\/li>\n<\/ul>\n<p style=\"text-align: center\">\n<!-- iframe plugin v.6.0 wordpress.org\/plugins\/iframe\/ -->\n<iframe loading=\"lazy\" src=\"https:\/\/www.facebook.com\/plugins\/post.php?href=https%3A%2F%2Fwww.facebook.com%2Fbiblioteca.grado%2Fposts%2Fpfbid0E4kCAHxj179Wt5TuUZau5n7P8iDdR13FUtWxdUL8dC6WHgTjYFYmv15xgsuA7FTgl&#038;show_text=false&#038;width=500\" width=\"500\" height=\"497\" style=\"border:none;overflow:hidden\" scrolling=\"no\" frameborder=\"0\" allowfullscreen=\"true\" allow=\"autoplay; clipboard-write; encrypted-media; picture-in-picture; web-share\" 0=\"\/iframe\" class=\"iframe-class\"><\/iframe>\n<\/p>\n<div dir=\"auto\"><em>Esta serie de cuentos quier remozar la forma d\u2019interactuar colos nuestros seres mitol\u00f3xicos, pas\u00e1ndolos d\u2019un contextu rural a otru citad\u00edn y a una esfera m\u00e1s moderna y humor\u00edstica. Los cuentos son obra d\u2019Aique Fernandi y l\u2019ambiente y la m\u00fasica qu\u2019endolquen les histories p\u00f3nenlos el D\u00fao Amati.<\/em><\/div>\n<\/div>\n<\/div>\n<\/div>\n<\/div>\n<\/div>\n<\/div>\n","protected":false},"excerpt":{"rendered":"<p>Cultura Grado\u00a0 \/ cartelu Hora: 18 h. \/ Tem\u00e1tica: narraci\u00f3n oral \/ Dirix\u00edu a: p\u00fablico infantil \/ Duraci\u00f3n: 45 minutos Entrada libre y de baldre hasta completar aforu. Esta serie de cuentos quier remozar la forma d\u2019interactuar colos nuestros seres mitol\u00f3xicos, pas\u00e1ndolos d\u2019un contextu rural a otru citad\u00edn y a una esfera m\u00e1s moderna y [&hellip;]<\/p>\n","protected":false},"author":117,"featured_media":0,"comment_status":"open","ping_status":"open","sticky":false,"template":"","format":"standard","meta":{"footnotes":""},"categories":[7],"tags":[],"class_list":["post-38540","post","type-post","status-publish","format-standard","hentry","category-cuentos"],"_links":{"self":[{"href":"https:\/\/edublog.educastur.es\/ixuxu\/wp-json\/wp\/v2\/posts\/38540","targetHints":{"allow":["GET"]}}],"collection":[{"href":"https:\/\/edublog.educastur.es\/ixuxu\/wp-json\/wp\/v2\/posts"}],"about":[{"href":"https:\/\/edublog.educastur.es\/ixuxu\/wp-json\/wp\/v2\/types\/post"}],"author":[{"embeddable":true,"href":"https:\/\/edublog.educastur.es\/ixuxu\/wp-json\/wp\/v2\/users\/117"}],"replies":[{"embeddable":true,"href":"https:\/\/edublog.educastur.es\/ixuxu\/wp-json\/wp\/v2\/comments?post=38540"}],"version-history":[{"count":2,"href":"https:\/\/edublog.educastur.es\/ixuxu\/wp-json\/wp\/v2\/posts\/38540\/revisions"}],"predecessor-version":[{"id":38595,"href":"https:\/\/edublog.educastur.es\/ixuxu\/wp-json\/wp\/v2\/posts\/38540\/revisions\/38595"}],"wp:attachment":[{"href":"https:\/\/edublog.educastur.es\/ixuxu\/wp-json\/wp\/v2\/media?parent=38540"}],"wp:term":[{"taxonomy":"category","embeddable":true,"href":"https:\/\/edublog.educastur.es\/ixuxu\/wp-json\/wp\/v2\/categories?post=38540"},{"taxonomy":"post_tag","embeddable":true,"href":"https:\/\/edublog.educastur.es\/ixuxu\/wp-json\/wp\/v2\/tags?post=38540"}],"curies":[{"name":"wp","href":"https:\/\/api.w.org\/{rel}","templated":true}]}}