{"id":38604,"date":"2024-12-23T19:49:28","date_gmt":"2024-12-23T17:49:28","guid":{"rendered":"https:\/\/edublog.educastur.es\/ixuxu\/?p=38604"},"modified":"2024-12-23T19:49:59","modified_gmt":"2024-12-23T17:49:59","slug":"poema-una-casa-berta-pinan","status":"publish","type":"post","link":"https:\/\/edublog.educastur.es\/ixuxu\/2024\/12\/poema-una-casa-berta-pinan\/","title":{"rendered":"Poema \u00abUna casa\u00bb (Berta Pi\u00f1\u00e1n)"},"content":{"rendered":"<p><span style=\"text-decoration: underline;font-size: 32px\"><span style=\"color: #008080\"><em><strong>Una casa<\/strong><\/em><\/span><\/span><br \/>\n<span style=\"color: #008080;font-size: 24px\"><em>Un mes, 2002, Ediciones Trabe<\/em><\/span><\/p>\n<p><span style=\"color: #008080;font-size: 24px\"><em>Llevantar una casa que seya como<\/em><\/span><br \/>\n<span style=\"color: #008080;font-size: 24px\"><em>un \u00e1rbol, como Dafne crecer peles<\/em><\/span><br \/>\n<span style=\"color: #008080;font-size: 24px\"><em>sos ca\u00f1es, sentir les estaciones, la fueya<\/em><\/span><br \/>\n<span style=\"color: #008080;font-size: 24px\"><em>nuevo depu\u00e9s de la ivernera, les frutes primeres<\/em><\/span><br \/>\n<span style=\"color: #008080;font-size: 24px\"><em>del branu. Una casa que seya como un \u00e1rbol,<\/em><\/span><br \/>\n<span style=\"color: #008080;font-size: 24px\"><em>qu\u2019aguante los rellampos, qu\u2019escample<\/em><\/span><br \/>\n<span style=\"color: #008080;font-size: 24px\"><em>la pedrisca, qu\u2019espante llo\u00f1e la ventolera x\u00e9lido<\/em><\/span><br \/>\n<span style=\"color: #008080;font-size: 24px\"><em>del tiempu.<\/em><\/span><\/p>\n<p><!--more--><\/p>\n<p><span style=\"color: #008080;font-size: 24px\"><em>Llevantar una casa que seya como<\/em><\/span><br \/>\n<span style=\"color: #008080;font-size: 24px\"><em>un r\u00edu, navegable y llixera, mudable,<\/em><\/span><br \/>\n<span style=\"color: #008080;font-size: 24px\"><em>pasaxera, beber de les sos fontes parame peles<\/em><\/span><br \/>\n<span style=\"color: #008080;font-size: 24px\"><em>poces, correr colos regatos. Una casa que seya<\/em><\/span><br \/>\n<span style=\"color: #008080;font-size: 24px\"><em>como un r\u00edu, qu\u2019arrastre la derrota,<\/em><\/span><br \/>\n<span style=\"color: #008080;font-size: 24px\"><em>qu\u2019arramque\u2019l dolor de les sequres y lu lleve<\/em><\/span><br \/>\n<span style=\"color: #008080;font-size: 24px\"><em>pel rabi\u00f3n, ag\u00fces abaxo.<\/em><\/span><\/p>\n<p><span style=\"color: #008080;font-size: 24px\"><em>Llevantar una casa que seya como<\/em><\/span><br \/>\n<span style=\"color: #008080;font-size: 24px\"><em>un mundu, andar les xeograf\u00edes de pasiellos,<\/em><\/span><br \/>\n<span style=\"color: #008080;font-size: 24px\"><em>cordales d\u2019escaleres, les ventanes abiertes,<\/em><\/span><br \/>\n<span style=\"color: #008080;font-size: 24px\"><em>les pontes, los caminos. Sentame na antoxana<\/em><\/span><br \/>\n<span style=\"color: #008080;font-size: 24px\"><em>a ver andar la vida, una amiga, un pa\u00eds,<\/em><\/span><br \/>\n<span style=\"color: #008080;font-size: 24px\"><em>una llingua, saludar un instante<\/em><\/span><br \/>\n<span style=\"color: #008080;font-size: 24px\"><em>cuando pasen.<\/em><\/span><\/p>\n<p><span style=\"color: #008080;font-size: 24px\"><em>Llevantar una casa que ponga\u2019l nuestru<\/em><\/span><br \/>\n<span style=\"color: #008080;font-size: 24px\"><em>nome, les se\u00f1es qu\u2019un d\u00eda enquivocamos,<\/em><\/span><br \/>\n<span style=\"color: #008080;font-size: 24px\"><em>una palabra, un rostru, la memoria d\u2019aquello<\/em><\/span><br \/>\n<span style=\"color: #008080;font-size: 24px\"><em>que quiximos,<\/em><\/span><br \/>\n<span style=\"color: #008080;font-size: 24px\"><em>y asina, llevantar una casa nam\u00e1s que<\/em><\/span><br \/>\n<span style=\"color: #008080;font-size: 24px\"><em>por si vuelves.<\/em><\/span><\/p>\n","protected":false},"excerpt":{"rendered":"<p>Una casa Un mes, 2002, Ediciones Trabe Llevantar una casa que seya como un \u00e1rbol, como Dafne crecer peles sos ca\u00f1es, sentir les estaciones, la fueya nuevo depu\u00e9s de la ivernera, les frutes primeres del branu. Una casa que seya como un \u00e1rbol, qu\u2019aguante los rellampos, qu\u2019escample la pedrisca, qu\u2019espante llo\u00f1e la ventolera x\u00e9lido del [&hellip;]<\/p>\n","protected":false},"author":117,"featured_media":0,"comment_status":"open","ping_status":"open","sticky":false,"template":"","format":"standard","meta":{"footnotes":""},"categories":[39],"tags":[],"class_list":["post-38604","post","type-post","status-publish","format-standard","hentry","category-poesia"],"_links":{"self":[{"href":"https:\/\/edublog.educastur.es\/ixuxu\/wp-json\/wp\/v2\/posts\/38604","targetHints":{"allow":["GET"]}}],"collection":[{"href":"https:\/\/edublog.educastur.es\/ixuxu\/wp-json\/wp\/v2\/posts"}],"about":[{"href":"https:\/\/edublog.educastur.es\/ixuxu\/wp-json\/wp\/v2\/types\/post"}],"author":[{"embeddable":true,"href":"https:\/\/edublog.educastur.es\/ixuxu\/wp-json\/wp\/v2\/users\/117"}],"replies":[{"embeddable":true,"href":"https:\/\/edublog.educastur.es\/ixuxu\/wp-json\/wp\/v2\/comments?post=38604"}],"version-history":[{"count":2,"href":"https:\/\/edublog.educastur.es\/ixuxu\/wp-json\/wp\/v2\/posts\/38604\/revisions"}],"predecessor-version":[{"id":38606,"href":"https:\/\/edublog.educastur.es\/ixuxu\/wp-json\/wp\/v2\/posts\/38604\/revisions\/38606"}],"wp:attachment":[{"href":"https:\/\/edublog.educastur.es\/ixuxu\/wp-json\/wp\/v2\/media?parent=38604"}],"wp:term":[{"taxonomy":"category","embeddable":true,"href":"https:\/\/edublog.educastur.es\/ixuxu\/wp-json\/wp\/v2\/categories?post=38604"},{"taxonomy":"post_tag","embeddable":true,"href":"https:\/\/edublog.educastur.es\/ixuxu\/wp-json\/wp\/v2\/tags?post=38604"}],"curies":[{"name":"wp","href":"https:\/\/api.w.org\/{rel}","templated":true}]}}