{"id":3864,"date":"2021-02-21T01:35:59","date_gmt":"2021-02-20T23:35:59","guid":{"rendered":"https:\/\/edublog.educastur.es\/ixuxu\/?p=3864"},"modified":"2021-02-21T01:37:41","modified_gmt":"2021-02-20T23:37:41","slug":"pinguin-rei-color-mariellu","status":"publish","type":"post","link":"https:\/\/edublog.educastur.es\/ixuxu\/2021\/02\/pinguin-rei-color-mariellu\/","title":{"rendered":"Ping\u00fc\u00edn rei color mariellu"},"content":{"rendered":"<p style=\"text-align: center\"><a href=\"https:\/\/imgbox.es\/images\/2021\/02\/21\/pinguinmariellu0ef1cdb500ce026d.jpg\"><img loading=\"lazy\" decoding=\"async\" class=\"alignnone\" src=\"https:\/\/imgbox.es\/images\/2021\/02\/21\/pinguinmariellu0ef1cdb500ce026d.jpg\" alt=\"\" width=\"568\" height=\"380\" \/><\/a><\/p>\n<p style=\"text-align: left\">El fot\u00f3grafu belga <strong><a href=\"https:\/\/www.yvesadams.com\/\">Yves Adams<\/a><\/strong>, comparti\u00f3 una semeya desaxeradamente peculiar de lo qu&#8217;\u00e9l cree que ye un ping\u00fc\u00edn mariellu \u00abnunca antes vistu\u00bb.<br \/>\n<em>\u201cNunca hab\u00eda vistu nin oy\u00edu falar d&#8217;un ping\u00fc\u00edn mariellu antes\u201d, \u00abHab\u00eda 120.000 p\u00e1xaros nesa sablera y este yera l&#8217;\u00fanicu de color m<a href=\"https:\/\/www.facebook.com\/cienciayanimales\">ariellu\u00bb,<\/a><\/em> diz el fot\u00f3grafu.<\/p>\n<ul>\n<li>Fonte: Ciencia y Animales<\/li>\n<\/ul>\n<p style=\"text-align: center\"><!--more--><a href=\"https:\/\/imgbox.es\/images\/2021\/02\/21\/pinguin2bdb0ca5d0c4a0a70.jpg\"><img loading=\"lazy\" decoding=\"async\" class=\"aligncenter\" src=\"https:\/\/imgbox.es\/images\/2021\/02\/21\/pinguin2bdb0ca5d0c4a0a70.jpg\" alt=\"\" width=\"553\" height=\"398\" \/>Semeya: Yves Adams.<\/a><\/p>\n<p>La estra\u00f1a coloraci\u00f3n del ping\u00fc\u00edn probablemente s\u00eda a una condici\u00f3n llamada leucismo, que&#8217;l so result\u00e1u ye la <strong><em>perda de pigmentaci\u00f3n nes plumes.<\/em><\/strong> Los ping\u00fcinos usen el pigmentu mariellu p&#8217;atraer pareyes y abarruntamos fuertemente que la mol\u00e9cula mariella sintet\u00edzase internamente\u201d, diz l&#8217;investigador Daniel Thomas. Sicas\u00ed, nel casu d&#8217;esti ping\u00fc\u00edn mariellu nun ta claru si el so plumaxe faelu m\u00e1s curiosu o feu pa les femes de la so especie.<\/p>\n<p style=\"text-align: center\"><img loading=\"lazy\" decoding=\"async\" class=\"alignnone size-full\" src=\"https:\/\/scontent.fmad7-1.fna.fbcdn.net\/v\/t1.0-9\/150958755_1396346997364656_2713192042355295360_o.jpg?_nc_cat=100&amp;ccb=3&amp;_nc_sid=730e14&amp;_nc_ohc=cTywDNJFclUAX9uHYQa&amp;_nc_ht=scontent.fmad7-1.fna&amp;oh=30cd6ad143574e4b0ff682dfdf3c9266&amp;oe=605734E2\" width=\"2048\" height=\"1365\" \/><\/p>\n","protected":false},"excerpt":{"rendered":"<p>El fot\u00f3grafu belga Yves Adams, comparti\u00f3 una semeya desaxeradamente peculiar de lo qu&#8217;\u00e9l cree que ye un ping\u00fc\u00edn mariellu \u00abnunca antes vistu\u00bb. \u201cNunca hab\u00eda vistu nin oy\u00edu falar d&#8217;un ping\u00fc\u00edn mariellu antes\u201d, \u00abHab\u00eda 120.000 p\u00e1xaros nesa sablera y este yera l&#8217;\u00fanicu de color mariellu\u00bb, diz el fot\u00f3grafu. Fonte: Ciencia y Animales<\/p>\n","protected":false},"author":117,"featured_media":0,"comment_status":"open","ping_status":"open","sticky":false,"template":"","format":"standard","meta":{"footnotes":""},"categories":[4],"tags":[],"class_list":["post-3864","post","type-post","status-publish","format-standard","hentry","category-natura"],"_links":{"self":[{"href":"https:\/\/edublog.educastur.es\/ixuxu\/wp-json\/wp\/v2\/posts\/3864","targetHints":{"allow":["GET"]}}],"collection":[{"href":"https:\/\/edublog.educastur.es\/ixuxu\/wp-json\/wp\/v2\/posts"}],"about":[{"href":"https:\/\/edublog.educastur.es\/ixuxu\/wp-json\/wp\/v2\/types\/post"}],"author":[{"embeddable":true,"href":"https:\/\/edublog.educastur.es\/ixuxu\/wp-json\/wp\/v2\/users\/117"}],"replies":[{"embeddable":true,"href":"https:\/\/edublog.educastur.es\/ixuxu\/wp-json\/wp\/v2\/comments?post=3864"}],"version-history":[{"count":3,"href":"https:\/\/edublog.educastur.es\/ixuxu\/wp-json\/wp\/v2\/posts\/3864\/revisions"}],"predecessor-version":[{"id":3866,"href":"https:\/\/edublog.educastur.es\/ixuxu\/wp-json\/wp\/v2\/posts\/3864\/revisions\/3866"}],"wp:attachment":[{"href":"https:\/\/edublog.educastur.es\/ixuxu\/wp-json\/wp\/v2\/media?parent=3864"}],"wp:term":[{"taxonomy":"category","embeddable":true,"href":"https:\/\/edublog.educastur.es\/ixuxu\/wp-json\/wp\/v2\/categories?post=3864"},{"taxonomy":"post_tag","embeddable":true,"href":"https:\/\/edublog.educastur.es\/ixuxu\/wp-json\/wp\/v2\/tags?post=3864"}],"curies":[{"name":"wp","href":"https:\/\/api.w.org\/{rel}","templated":true}]}}