{"id":38678,"date":"2024-12-20T10:00:35","date_gmt":"2024-12-20T08:00:35","guid":{"rendered":"https:\/\/edublog.educastur.es\/ixuxu\/?p=38678"},"modified":"2024-12-25T17:10:10","modified_gmt":"2024-12-25T15:10:10","slug":"carl-sagan-lhome-que-nos-enseno-a-percorrer-el-cosmos-al-travies-de-la-nuesa-imaxinacion","status":"publish","type":"post","link":"https:\/\/edublog.educastur.es\/ixuxu\/2024\/12\/carl-sagan-lhome-que-nos-enseno-a-percorrer-el-cosmos-al-travies-de-la-nuesa-imaxinacion\/","title":{"rendered":"Carl Sagan, l&#8217;home que nos ense\u00f1\u00f3 a percorrer el cosmos al travi\u00e9s de la nuesa imaxinaci\u00f3n."},"content":{"rendered":"<ul>\n<li><strong><span style=\"color: #008080\">Carl Sagan<\/span><\/strong><span style=\"color: #008080\">:<a href=\"https:\/\/es.wikipedia.org\/wiki\/Carl_Sagan\"> wiki<\/a><\/span><strong><span style=\"color: #008080\"> \/\u00a0<\/span><\/strong><\/li>\n<\/ul>\n<p style=\"text-align: center\"><a href=\"https:\/\/socialstudieshelp.com\/wp-content\/uploads\/2024\/06\/Carl-Sagan-Bringing-the-Cosmos-Closer.webp\"><img loading=\"lazy\" decoding=\"async\" class=\"aligncenter \" src=\"https:\/\/socialstudieshelp.com\/wp-content\/uploads\/2024\/06\/Carl-Sagan-Bringing-the-Cosmos-Closer.webp\" width=\"579\" height=\"579\" \/><\/a><\/p>\n<p>Un d\u00eda como g\u00fcei 20 d&#8217;avientu pero del a\u00f1u 1996, finaba qui\u00e9n foi la inspiraci\u00f3n de millones de persones nel mundu de la educaci\u00f3n, la divulgaci\u00f3n y l&#8217;espardimientu cient\u00edficu. Un d\u00eda como g\u00fcei perdimos al nuesu quer\u00edu maestru <strong><span style=\"color: #008080\">Carl Sagan, l&#8217;home que nos ense\u00f1\u00f3 a percorrer el cosmos al travi\u00e9s de la nuesa imaxinaci\u00f3n.<\/span><\/strong><\/p>\n<p style=\"text-align: center\"><span style=\"color: #008080\"><strong><span style=\"font-size: 20px\"><em>Sabemos que tolos seres vivos somos ef\u00edmeros, <\/em><\/span><\/strong><\/span><br \/>\n<span style=\"color: #008080\"><strong><span style=\"font-size: 20px\"><em>pero l&#8217;impactu de les nueses vides puede estendese <\/em><\/span><\/strong><\/span><br \/>\n<span style=\"color: #008080\"><strong><span style=\"font-size: 20px\"><em>muncho m\u00e1s all\u00e1 de la nuesa esistencia.<\/em><\/span><\/strong><\/span><\/p>\n<p>Precisamos a daqui\u00e9n que nos ense\u00f1e, de nuevu, a sua\u00f1ar colos g\u00fceyos abiertos, mirando les estrelles, entendiendo los caminos de la ciencia y potenciando l&#8217;activismu y la participaci\u00f3n.<\/p>\n<p><!--more--><\/p>\n<p style=\"text-align: center\"><a href=\"https:\/\/s2-galileu.glbimg.com\/Uk-GvybgN2S1XH3bWfGyFoC--6o=\/0x0:1366x898\/888x0\/smart\/filters:strip_icc()\/i.s3.glbimg.com\/v1\/AUTH_fde5cd494fb04473a83fa5fd57ad4542\/internal_photos\/bs\/2024\/o\/C\/lIVy5OS0atinJhMVodwQ\/1366-2000.jpg\"><img loading=\"lazy\" decoding=\"async\" class=\"aligncenter size-large\" src=\"https:\/\/s2-galileu.glbimg.com\/Uk-GvybgN2S1XH3bWfGyFoC--6o=\/0x0:1366x898\/888x0\/smart\/filters:strip_icc()\/i.s3.glbimg.com\/v1\/AUTH_fde5cd494fb04473a83fa5fd57ad4542\/internal_photos\/bs\/2024\/o\/C\/lIVy5OS0atinJhMVodwQ\/1366-2000.jpg\" width=\"888\" height=\"584\" \/><\/a><\/p>\n","protected":false},"excerpt":{"rendered":"<p>Carl Sagan: wiki \/\u00a0 Un d\u00eda como g\u00fcei 20 d&#8217;avientu pero del a\u00f1u 1996, finaba qui\u00e9n foi la inspiraci\u00f3n de millones de persones nel mundu de la educaci\u00f3n, la divulgaci\u00f3n y l&#8217;espardimientu cient\u00edficu. Un d\u00eda como g\u00fcei perdimos al nuesu quer\u00edu maestru Carl Sagan, l&#8217;home que nos ense\u00f1\u00f3 a percorrer el cosmos al travi\u00e9s de [&hellip;]<\/p>\n","protected":false},"author":117,"featured_media":0,"comment_status":"open","ping_status":"open","sticky":false,"template":"","format":"standard","meta":{"footnotes":""},"categories":[107,45],"tags":[],"class_list":["post-38678","post","type-post","status-publish","format-standard","hentry","category-aniversariu","category-ciencia"],"_links":{"self":[{"href":"https:\/\/edublog.educastur.es\/ixuxu\/wp-json\/wp\/v2\/posts\/38678","targetHints":{"allow":["GET"]}}],"collection":[{"href":"https:\/\/edublog.educastur.es\/ixuxu\/wp-json\/wp\/v2\/posts"}],"about":[{"href":"https:\/\/edublog.educastur.es\/ixuxu\/wp-json\/wp\/v2\/types\/post"}],"author":[{"embeddable":true,"href":"https:\/\/edublog.educastur.es\/ixuxu\/wp-json\/wp\/v2\/users\/117"}],"replies":[{"embeddable":true,"href":"https:\/\/edublog.educastur.es\/ixuxu\/wp-json\/wp\/v2\/comments?post=38678"}],"version-history":[{"count":8,"href":"https:\/\/edublog.educastur.es\/ixuxu\/wp-json\/wp\/v2\/posts\/38678\/revisions"}],"predecessor-version":[{"id":38686,"href":"https:\/\/edublog.educastur.es\/ixuxu\/wp-json\/wp\/v2\/posts\/38678\/revisions\/38686"}],"wp:attachment":[{"href":"https:\/\/edublog.educastur.es\/ixuxu\/wp-json\/wp\/v2\/media?parent=38678"}],"wp:term":[{"taxonomy":"category","embeddable":true,"href":"https:\/\/edublog.educastur.es\/ixuxu\/wp-json\/wp\/v2\/categories?post=38678"},{"taxonomy":"post_tag","embeddable":true,"href":"https:\/\/edublog.educastur.es\/ixuxu\/wp-json\/wp\/v2\/tags?post=38678"}],"curies":[{"name":"wp","href":"https:\/\/api.w.org\/{rel}","templated":true}]}}