{"id":38717,"date":"2024-12-23T10:00:20","date_gmt":"2024-12-23T08:00:20","guid":{"rendered":"https:\/\/edublog.educastur.es\/ixuxu\/?p=38717"},"modified":"2024-12-25T21:04:32","modified_gmt":"2024-12-25T19:04:32","slug":"senarda","status":"publish","type":"post","link":"https:\/\/edublog.educastur.es\/ixuxu\/2024\/12\/senarda\/","title":{"rendered":"\u00abSe\u00f1ard\u00e1\u00bb"},"content":{"rendered":"<div class=\"html-div xdj266r x11i5rnm xat24cr x1mh8g0r xexx8yu x4uap5 x18d9i69 xkhd6sd\">\n<div class=\"html-div xdj266r x11i5rnm x1mh8g0r x18d9i69 x1cy8zhl x78zum5 x1q0g3np xod5an3 xz9dl7a x1ye3gou xn6708d\">\n<div class=\"html-div xdj266r x11i5rnm xat24cr x1mh8g0r xexx8yu x4uap5 x18d9i69 xkhd6sd x1iyjqo2\">\n<div class=\"x78zum5 xdt5ytf xz62fqu x16ldp7u\">\n<div class=\"xu06os2 x1ok221b\">\n<div class=\"html-div xdj266r x11i5rnm xat24cr x1mh8g0r xexx8yu x4uap5 x18d9i69 xkhd6sd\" data-ad-rendering-role=\"profile_name\">\n<ul>\n<li id=\":r4fb:\" class=\"html-h2 x11i5rnm xat24cr x1mh8g0r xexx8yu x4uap5 x18d9i69 xkhd6sd x1vvkbs x1heor9g x1qlqyl8 x1pd3egz x1a2a7pz x1gslohp x1yc453h\"><span class=\"xt0psk2\"><a class=\"x1i10hfl xjbqb8w x1ejq31n xd10rxx x1sy0etr x17r0tee x972fbf xcfux6l x1qhh985 xm0m39n x9f619 x1ypdohk xt0psk2 xe8uvvx xdj266r x11i5rnm xat24cr x1mh8g0r xexx8yu x4uap5 x18d9i69 xkhd6sd x16tdsg8 x1hl2dhg xggy1nq x1a2a7pz x1sur9pj xkrqix3 xzsf02u x1s688f\" role=\"link\" href=\"https:\/\/www.facebook.com\/profile.php?id=100005574348298&amp;__cft__[0]=AZXNKIjNOsmtHQblZNRZkyTe-6iavSN1_OOlFu343lwF7rDEG2AczfsAulAfujMH_VS3P452jA0_sbm7VAdJ9sgSj6eFdrm3DjCeP0S_e_MAbB4ipZ2wLXySbj9j7BVB8WdPzklxSLcj5sSJGHpbXqeG8uXlHZYqD76c6YuxSUSFBA&amp;__tn__=-UC%2CP-R\"><strong class=\"html-strong xdj266r x11i5rnm xat24cr x1mh8g0r xexx8yu x4uap5 x18d9i69 xkhd6sd x1hl2dhg x16tdsg8 x1vvkbs x1s688f\"><span class=\"html-span xdj266r x11i5rnm xat24cr x1mh8g0r xexx8yu x4uap5 x18d9i69 xkhd6sd x1hl2dhg x16tdsg8 x1vvkbs\">Claudia Elena Men\u00e9ndez Fern\u00e1ndez<\/span><\/strong><\/a><\/span><\/li>\n<\/ul>\n<\/div>\n<\/div>\n<div class=\"xu06os2 x1ok221b\"><\/div>\n<\/div>\n<\/div>\n<\/div>\n<\/div>\n<div class=\"html-div xdj266r x11i5rnm xat24cr x1mh8g0r xexx8yu x4uap5 x18d9i69 xkhd6sd\">\n<div class=\"html-div xdj266r x11i5rnm xat24cr x1mh8g0r xexx8yu x4uap5 x18d9i69 xkhd6sd\" dir=\"auto\">\n<div class=\"html-div xdj266r x11i5rnm xat24cr x1mh8g0r xexx8yu x4uap5 x18d9i69 xkhd6sd\" data-ad-rendering-role=\"story_message\">\n<div id=\":r4fd:\" class=\"x1l90r2v x1iorvi4 x1ye3gou xn6708d\" data-ad-comet-preview=\"message\" data-ad-preview=\"message\">\n<div class=\"x78zum5 xdt5ytf xz62fqu x16ldp7u\">\n<div class=\"xu06os2 x1ok221b\">\n<div class=\"xdj266r x11i5rnm xat24cr x1mh8g0r x1vvkbs x126k92a\">\n<div dir=\"auto\"><\/div>\n<\/div>\n<div class=\"x11i5rnm xat24cr x1mh8g0r x1vvkbs xtlvy1s x126k92a\">\n<div dir=\"auto\" style=\"text-align: center\"><strong><em><span style=\"color: #008080\">SE\u00d1ARD\u00c1 s.f.: &#8216;Sentimientu de tristura pola falta de daqu\u00e9 o daqui\u00e9n&#8217;.<\/span><\/em><\/strong><\/div>\n<div dir=\"auto\"><\/div>\n<\/div>\n<\/div>\n<\/div>\n<\/div>\n<\/div>\n<\/div>\n<\/div>\n<p><!--more--><\/p>\n<ul>\n<li dir=\"auto\"><em><span style=\"color: #008080\">A partir del llat\u00edn SINGULARITATE &#8216;soled\u00e1&#8217;, &#8216;sentimientu de ser \u00fanicu, singular&#8217; continu\u00f3se, tres de la sonorizaci\u00f3n de les oclusives dentales y la palatalizaci\u00f3n de NG&#8217;L, la voz \u00abse\u00f1ard\u00e1\u00bb, que tami\u00e9n conoz una variante con cambiu de l\u00edquides (\u00abse\u00f1ald\u00e1\u00bb). Otru cogn\u00e1u romance ye&#8217;l gallegu \u00abse\u00f1ardade\u00bb.<\/span><\/em><\/li>\n<\/ul>\n<div dir=\"auto\"><\/div>\n<ul>\n<li dir=\"auto\"><em><span style=\"color: #008080\">Afondando na mesma idea de la soled\u00e1 o&#8217;l sentise a soles, xustif\u00edcase mesmo&#8217;l portugu\u00e9s \u00absaudade\u00bb que, nesti casu, ye heriede del llat. SOLITATE.<\/span><\/em><\/li>\n<\/ul>\n","protected":false},"excerpt":{"rendered":"<p>Claudia Elena Men\u00e9ndez Fern\u00e1ndez SE\u00d1ARD\u00c1 s.f.: &#8216;Sentimientu de tristura pola falta de daqu\u00e9 o daqui\u00e9n&#8217;.<\/p>\n","protected":false},"author":117,"featured_media":0,"comment_status":"open","ping_status":"open","sticky":false,"template":"","format":"standard","meta":{"footnotes":""},"categories":[407],"tags":[],"class_list":["post-38717","post","type-post","status-publish","format-standard","hentry","category-calendariu-davientu-detimoloxies"],"_links":{"self":[{"href":"https:\/\/edublog.educastur.es\/ixuxu\/wp-json\/wp\/v2\/posts\/38717","targetHints":{"allow":["GET"]}}],"collection":[{"href":"https:\/\/edublog.educastur.es\/ixuxu\/wp-json\/wp\/v2\/posts"}],"about":[{"href":"https:\/\/edublog.educastur.es\/ixuxu\/wp-json\/wp\/v2\/types\/post"}],"author":[{"embeddable":true,"href":"https:\/\/edublog.educastur.es\/ixuxu\/wp-json\/wp\/v2\/users\/117"}],"replies":[{"embeddable":true,"href":"https:\/\/edublog.educastur.es\/ixuxu\/wp-json\/wp\/v2\/comments?post=38717"}],"version-history":[{"count":1,"href":"https:\/\/edublog.educastur.es\/ixuxu\/wp-json\/wp\/v2\/posts\/38717\/revisions"}],"predecessor-version":[{"id":38718,"href":"https:\/\/edublog.educastur.es\/ixuxu\/wp-json\/wp\/v2\/posts\/38717\/revisions\/38718"}],"wp:attachment":[{"href":"https:\/\/edublog.educastur.es\/ixuxu\/wp-json\/wp\/v2\/media?parent=38717"}],"wp:term":[{"taxonomy":"category","embeddable":true,"href":"https:\/\/edublog.educastur.es\/ixuxu\/wp-json\/wp\/v2\/categories?post=38717"},{"taxonomy":"post_tag","embeddable":true,"href":"https:\/\/edublog.educastur.es\/ixuxu\/wp-json\/wp\/v2\/tags?post=38717"}],"curies":[{"name":"wp","href":"https:\/\/api.w.org\/{rel}","templated":true}]}}