{"id":38719,"date":"2024-12-21T10:00:51","date_gmt":"2024-12-21T08:00:51","guid":{"rendered":"https:\/\/edublog.educastur.es\/ixuxu\/?p=38719"},"modified":"2024-12-25T21:06:03","modified_gmt":"2024-12-25T19:06:03","slug":"sestaferia","status":"publish","type":"post","link":"https:\/\/edublog.educastur.es\/ixuxu\/2024\/12\/sestaferia\/","title":{"rendered":"\u00abSestaferia\u00bb"},"content":{"rendered":"<div class=\"html-div xdj266r x11i5rnm xat24cr x1mh8g0r xexx8yu x4uap5 x18d9i69 xkhd6sd\">\n<div class=\"html-div xdj266r x11i5rnm x1mh8g0r x18d9i69 x1cy8zhl x78zum5 x1q0g3np xod5an3 xz9dl7a x1ye3gou xn6708d\">\n<div class=\"html-div xdj266r x11i5rnm xat24cr x1mh8g0r xexx8yu x4uap5 x18d9i69 xkhd6sd x1iyjqo2\">\n<div class=\"x78zum5 xdt5ytf xz62fqu x16ldp7u\">\n<div class=\"xu06os2 x1ok221b\">\n<div class=\"html-div xdj266r x11i5rnm xat24cr x1mh8g0r xexx8yu x4uap5 x18d9i69 xkhd6sd\" data-ad-rendering-role=\"profile_name\">\n<h2 id=\":r4g1:\" class=\"html-h2 x11i5rnm xat24cr x1mh8g0r xexx8yu x4uap5 x18d9i69 xkhd6sd x1vvkbs x1heor9g x1qlqyl8 x1pd3egz x1a2a7pz x1gslohp x1yc453h\"><span class=\"xt0psk2\"><a class=\"x1i10hfl xjbqb8w x1ejq31n xd10rxx x1sy0etr x17r0tee x972fbf xcfux6l x1qhh985 xm0m39n x9f619 x1ypdohk xt0psk2 xe8uvvx xdj266r x11i5rnm xat24cr x1mh8g0r xexx8yu x4uap5 x18d9i69 xkhd6sd x16tdsg8 x1hl2dhg xggy1nq x1a2a7pz x1sur9pj xkrqix3 xzsf02u x1s688f\" role=\"link\" href=\"https:\/\/www.facebook.com\/profile.php?id=100005574348298&amp;__cft__[0]=AZW3zCYwdTK-ZpwSjyOTdzkEGVmCWDcarUcQylEtjw0AGxdAXpPd5hrquJl37UPQmzfEOA6Xot1FmKEuM8NQPHFqwiPqRuEZRRYb_tFqXidQDOcDTUoi-nZ9vVOM3jli0I-Bgo32UQdwz5QvoKqMHk1FNgurTt-CcdDnaU8DxNZ0PQ&amp;__tn__=-UC%2CP-R\"><strong class=\"html-strong xdj266r x11i5rnm xat24cr x1mh8g0r xexx8yu x4uap5 x18d9i69 xkhd6sd x1hl2dhg x16tdsg8 x1vvkbs x1s688f\"><span class=\"html-span xdj266r x11i5rnm xat24cr x1mh8g0r xexx8yu x4uap5 x18d9i69 xkhd6sd x1hl2dhg x16tdsg8 x1vvkbs\">Claudia Elena Men\u00e9ndez Fern\u00e1ndez<\/span><\/strong><\/a><\/span><\/h2>\n<\/div>\n<\/div>\n<div class=\"xu06os2 x1ok221b\"><\/div>\n<\/div>\n<\/div>\n<\/div>\n<\/div>\n<div class=\"html-div xdj266r x11i5rnm xat24cr x1mh8g0r xexx8yu x4uap5 x18d9i69 xkhd6sd\">\n<div class=\"html-div xdj266r x11i5rnm xat24cr x1mh8g0r xexx8yu x4uap5 x18d9i69 xkhd6sd\" dir=\"auto\">\n<div class=\"html-div xdj266r x11i5rnm xat24cr x1mh8g0r xexx8yu x4uap5 x18d9i69 xkhd6sd\" data-ad-rendering-role=\"story_message\">\n<div id=\":r4g3:\" class=\"x1l90r2v x1iorvi4 x1ye3gou xn6708d\" data-ad-comet-preview=\"message\" data-ad-preview=\"message\">\n<div class=\"x78zum5 xdt5ytf xz62fqu x16ldp7u\">\n<div class=\"xu06os2 x1ok221b\">\n<div class=\"xdj266r x11i5rnm xat24cr x1mh8g0r x1vvkbs x126k92a\">\n<ul>\n<li dir=\"auto\"><strong><em><span style=\"color: #008080\">SESTAFERIA s.f.: &#8216;Trabayu, xornada que dediquen los vecinos d&#8217;un pueblu pa iguar a comu\u00f1a los caminos, y que suel (sol\u00eda) facese de vienres&#8217;.<\/span><\/em><\/strong><\/li>\n<\/ul>\n<\/div>\n<p><em><span style=\"color: #008080\"><!--more--><\/span><\/em><\/p>\n<div class=\"x11i5rnm xat24cr x1mh8g0r x1vvkbs xtlvy1s x126k92a\">\n<ul>\n<li dir=\"auto\"><em><span style=\"color: #008080\">A partir de la construcci\u00f3n llatina SEXTA FERIA alcu\u00f1\u00f3se&#8217;l nome d&#8217;un d\u00eda concretu de la selmana: el vienres (esto ye, el sestu d\u00eda dende&#8217;l domingu). <\/span><\/em><\/li>\n<li dir=\"auto\"><em><span style=\"color: #008080\">Esta manera d&#8217;identificar los d\u00edes de la selmana, tapeciendo les referencies paganes qu&#8217;impliquen les f\u00f3rmules del tipu \u00abxenitivu (MARTIS, IOVIS, VENERIS) + DIES\u00bb, afit\u00f3se plenamente solo en portugu\u00e9s. <\/span><\/em><\/li>\n<li dir=\"auto\"><em><span style=\"color: #008080\">Pero queden restos nel noroeste peninsular. Asina por exemplu, n&#8217;asturianu, onde acab\u00f3 trunfando la denominaci\u00f3n VENERIS (DIES) &gt; \u00abvienres\u00bb, el siguidor de SEXTA FERIA pervive nuna voz qu&#8217;alude a los trabayos vecinales d&#8217;arreglu de caminos qu&#8217;avezaben a facese los vienres. Otros derivaos: \u00absestaferiar\u00bb, \u00absestaferiador\u00bb, etc.<\/span><\/em><\/li>\n<\/ul>\n<\/div>\n<\/div>\n<\/div>\n<\/div>\n<\/div>\n<\/div>\n<\/div>\n<p>&nbsp;<\/p>\n","protected":false},"excerpt":{"rendered":"<p>Claudia Elena Men\u00e9ndez Fern\u00e1ndez SESTAFERIA s.f.: &#8216;Trabayu, xornada que dediquen los vecinos d&#8217;un pueblu pa iguar a comu\u00f1a los caminos, y que suel (sol\u00eda) facese de vienres&#8217;.<\/p>\n","protected":false},"author":117,"featured_media":0,"comment_status":"open","ping_status":"open","sticky":false,"template":"","format":"standard","meta":{"footnotes":""},"categories":[407],"tags":[],"class_list":["post-38719","post","type-post","status-publish","format-standard","hentry","category-calendariu-davientu-detimoloxies"],"_links":{"self":[{"href":"https:\/\/edublog.educastur.es\/ixuxu\/wp-json\/wp\/v2\/posts\/38719","targetHints":{"allow":["GET"]}}],"collection":[{"href":"https:\/\/edublog.educastur.es\/ixuxu\/wp-json\/wp\/v2\/posts"}],"about":[{"href":"https:\/\/edublog.educastur.es\/ixuxu\/wp-json\/wp\/v2\/types\/post"}],"author":[{"embeddable":true,"href":"https:\/\/edublog.educastur.es\/ixuxu\/wp-json\/wp\/v2\/users\/117"}],"replies":[{"embeddable":true,"href":"https:\/\/edublog.educastur.es\/ixuxu\/wp-json\/wp\/v2\/comments?post=38719"}],"version-history":[{"count":1,"href":"https:\/\/edublog.educastur.es\/ixuxu\/wp-json\/wp\/v2\/posts\/38719\/revisions"}],"predecessor-version":[{"id":38720,"href":"https:\/\/edublog.educastur.es\/ixuxu\/wp-json\/wp\/v2\/posts\/38719\/revisions\/38720"}],"wp:attachment":[{"href":"https:\/\/edublog.educastur.es\/ixuxu\/wp-json\/wp\/v2\/media?parent=38719"}],"wp:term":[{"taxonomy":"category","embeddable":true,"href":"https:\/\/edublog.educastur.es\/ixuxu\/wp-json\/wp\/v2\/categories?post=38719"},{"taxonomy":"post_tag","embeddable":true,"href":"https:\/\/edublog.educastur.es\/ixuxu\/wp-json\/wp\/v2\/tags?post=38719"}],"curies":[{"name":"wp","href":"https:\/\/api.w.org\/{rel}","templated":true}]}}