{"id":38742,"date":"2024-12-26T11:42:59","date_gmt":"2024-12-26T09:42:59","guid":{"rendered":"https:\/\/edublog.educastur.es\/ixuxu\/?p=38742"},"modified":"2024-12-27T17:49:49","modified_gmt":"2024-12-27T15:49:49","slug":"los-estatutos-nuevos-de-la-universida-duvieu-apuesten-pol-asturianu","status":"publish","type":"post","link":"https:\/\/edublog.educastur.es\/ixuxu\/2024\/12\/los-estatutos-nuevos-de-la-universida-duvieu-apuesten-pol-asturianu\/","title":{"rendered":"Los estatutos nuevos de la Universid\u00e1 d\u2019Uvi\u00e9u apuesten pol asturianu"},"content":{"rendered":"<div class=\"x78zum5 xdt5ytf xz62fqu x16ldp7u\">\n<div class=\"xu06os2 x1ok221b\">\n<div class=\"html-div xdj266r x11i5rnm xat24cr x1mh8g0r xexx8yu x4uap5 x18d9i69 xkhd6sd\" data-ad-rendering-role=\"profile_name\">\n<ul>\n<li class=\"html-h3 x11i5rnm xat24cr x1mh8g0r xexx8yu x4uap5 x18d9i69 xkhd6sd x1vvkbs x1heor9g x1qlqyl8 x1pd3egz x1a2a7pz x1gslohp x1yc453h\"><span class=\"x1lliihq x6ikm8r x10wlt62 x1n2onr6\"><span class=\"xt0psk2\"><a class=\"x1i10hfl xjbqb8w x1ejq31n xd10rxx x1sy0etr x17r0tee x972fbf xcfux6l x1qhh985 xm0m39n x9f619 x1ypdohk xt0psk2 xe8uvvx xdj266r x11i5rnm xat24cr x1mh8g0r xexx8yu x4uap5 x18d9i69 xkhd6sd x16tdsg8 x1hl2dhg xggy1nq x1a2a7pz x1sur9pj xkrqix3 xzsf02u x1s688f\" role=\"link\" href=\"https:\/\/www.facebook.com\/inaciu?__cft__[0]=AZU6Fh1TO31kRZn-YocLCkMTUVjQ0BtRGb7wf19_JPvICHJwJQQK-Zwpa9oox4QmRwlLFbE3IXlSnj7PilnsXoKeLjOlg6BlGarefPOXBfDC06m_NDiDY747nnpvQgoVn0qrWlItF0h3Tr2LVZ5-nZOl6fQchfqqVTkeFgjg7SFnF6Z4EVazrXYceQKhH_0fx0M&amp;__tn__=-UC%2CP-y-R\"><strong class=\"html-strong xdj266r x11i5rnm xat24cr x1mh8g0r xexx8yu x4uap5 x18d9i69 xkhd6sd x1hl2dhg x16tdsg8 x1vvkbs x1s688f\"><span class=\"html-span xdj266r x11i5rnm xat24cr x1mh8g0r xexx8yu x4uap5 x18d9i69 xkhd6sd x1hl2dhg x16tdsg8 x1vvkbs\">Inaciu Gal\u00e1n<\/span><\/strong><\/a><\/span><\/span>\/\u00a0 <a href=\"https:\/\/transparencia.uniovi.es\/estatutos\">Enllaz Uniovi<\/a>\u00a0 \/<\/li>\n<li><a href=\"https:\/\/sede.asturias.es\/bopa\/2024\/12\/26\/2024-11125.pdf\">Decreto 77\/2024, de 5 de diciembre, por el que se aprueban los Estatutos de la Universidad de Oviedo<\/a><\/li>\n<li><span style=\"color: #008080\"><span style=\"text-decoration: underline\">Art\u00edculu 7<\/span><em><strong>: La Universid\u00e1 y Asturies<\/strong><\/em> \/ P\u00e1xina 14 de 99 \/<\/span><\/li>\n<\/ul>\n<\/div>\n<\/div>\n<\/div>\n<div class=\"html-div xdj266r x11i5rnm xat24cr x1mh8g0r xexx8yu x4uap5 x18d9i69 xkhd6sd\" dir=\"auto\">\n<div class=\"html-div xdj266r x11i5rnm xat24cr x1mh8g0r xexx8yu x4uap5 x18d9i69 xkhd6sd\" dir=\"auto\">\n<div class=\"html-div xdj266r x11i5rnm xat24cr x1mh8g0r xexx8yu x4uap5 x18d9i69 xkhd6sd\" data-ad-rendering-role=\"story_message\">\n<div class=\"x1l90r2v x1iorvi4 x1ye3gou xn6708d\" data-ad-comet-preview=\"message\" data-ad-preview=\"message\">\n<div class=\"x78zum5 xdt5ytf xz62fqu x16ldp7u\">\n<div class=\"xu06os2 x1ok221b\">\n<div class=\"xdj266r x11i5rnm xat24cr x1mh8g0r x1vvkbs x126k92a\">\n<div dir=\"auto\"><span class=\"html-span xexx8yu x4uap5 x18d9i69 xkhd6sd x1hl2dhg x16tdsg8 x1vvkbs x3nfvp2 x1j61x8r x1fcty0u xdj266r xat24cr xgzva0m xhhsvwb xxymvpz xlup9mm x1kky2od\"><img loading=\"lazy\" decoding=\"async\" class=\"xz74otr\" src=\"https:\/\/static.xx.fbcdn.net\/images\/emoji.php\/v9\/tfd\/1\/16\/1f4c4.png\" alt=\"?\" width=\"16\" height=\"16\" \/><\/span> G\u00fcei recu\u00e9yense nel BOPA los<strong> estatutos nuevos de la Universid\u00e1 d\u2019Uvi\u00e9u<\/strong>, que como nes versiones anteriores garantiza\u2019l derechu a emplegala en tolos \u00e1mbitos ensin carecer discriminaci\u00f3n por ello, asina como compromete a la universid\u00e1 asturiana a poner en marcha pol\u00edtiques de normalizaci\u00f3n, desendolcu, ense\u00f1u ya investigaci\u00f3n.<\/div>\n<div dir=\"auto\"><\/div>\n<\/div>\n<blockquote>\n<div dir=\"auto\"><strong><em><span style=\"color: #008080\">Art\u00edculu 7. La Universid\u00e1 y Asturies.<\/span><\/em><\/strong><\/div>\n<ul>\n<li dir=\"auto\"><em><span style=\"color: #008080\">1. La Universid\u00e1 d&#8217;Uvi\u00e9u, como Universid\u00e1 p\u00fablica asturiana, <strong>va empobinar de manera relevante les sos actividaes a la realid\u00e1 y l&#8217;\u00e1mbitu d&#8217;Asturies.<\/strong><\/span><\/em><\/li>\n<li dir=\"auto\"><strong><em><span style=\"color: #008080\">2. La llingua asturiana va ser oxetu d&#8217;estudiu, ense\u00f1anza ya investigaci\u00f3n nos <\/span><\/em><em><span style=\"color: #008080\">\u00e1mbitos que correspuendan. Coles mesmes, el so usu va tener el tratamientu qu&#8217;establezan l&#8217;Estatutu d&#8217;Autonom\u00eda y la lexislaci\u00f3n complementaria, garantiz\u00e1ndose la non <\/span><\/em><em><span style=\"color: #008080\">discriminaci\u00f3n de quien la emplegue.<\/span><\/em><\/strong><\/li>\n<li dir=\"auto\"><em><span style=\"color: #008080\">3. La Universid\u00e1 d&#8217;Uvi\u00e9u <strong>va promover, nel marcu de les sos competencies, les <\/strong><\/span><\/em><strong><em><span style=\"color: #008080\">acciones y pol\u00edtiques universitaries que s\u00edan necesaries para la normalizaci\u00f3n y desenvolvimientu <\/span><\/em><em><span style=\"color: #008080\">de la llingua asturiana.<\/span><\/em><\/strong><\/li>\n<\/ul>\n<\/blockquote>\n<div class=\"xdj266r x11i5rnm xat24cr x1mh8g0r x1vvkbs x126k92a\">\n<div dir=\"auto\"><!--more--><\/div>\n<div dir=\"auto\" style=\"text-align: center\">\n<!-- iframe plugin v.6.0 wordpress.org\/plugins\/iframe\/ -->\n<iframe loading=\"lazy\" src=\"https:\/\/www.facebook.com\/plugins\/post.php?href=https%3A%2F%2Fwww.facebook.com%2Finaciu%2Fposts%2Fpfbid0dcCbfxLBva63b5U79kRuZMh29Uphw8nfhcYcmiv1L7kfA9SVowfD7NrzAnxcG2E5l&#038;show_text=false&#038;width=500\" width=\"500\" height=\"172\" style=\"border:none;overflow:hidden\" scrolling=\"no\" frameborder=\"0\" allowfullscreen=\"true\" allow=\"autoplay; clipboard-write; encrypted-media; picture-in-picture; web-share\" 0=\"\/iframe\" class=\"iframe-class\"><\/iframe>\n<\/div>\n<div dir=\"auto\"><\/div>\n<div dir=\"auto\">\n<h1 class=\"detalle_noticia\" style=\"text-align: center\"><em><span style=\"color: #008080\">Estatutos de la Universid\u00e1 d&#8217;Uvi\u00e9u<\/span><\/em><\/h1>\n<div>\n<div class=\"f-r\">\n<div class=\"f-r addthis_toolbox addthis_default_style \"><span style=\"color: #008080\">Decreto 77\/2024, de 5 de diciembre, por el que se aprueban los Estatutos de la Universidad de Oviedo (BOPA de 26 de diciembre de 2024). Texto completo.<\/span><\/div>\n<\/div>\n<\/div>\n<p class=\"Xdef\" align=\"center\"><span style=\"color: #008080\"><b>DECRETO 77\/2024, DE 5 DE DICIEMBRE, POR EL QUE SE APRUEBAN LOS ESTATUTOS DE LA UNIVERSIDAD DE OVIEDO<\/b><\/span><\/p>\n<\/div>\n<\/div>\n<\/div>\n<\/div>\n<\/div>\n<\/div>\n<\/div>\n<\/div>\n<p>&nbsp;<\/p>\n","protected":false},"excerpt":{"rendered":"<p>Inaciu Gal\u00e1n\/\u00a0 Enllaz Uniovi\u00a0 \/ Decreto 77\/2024, de 5 de diciembre, por el que se aprueban los Estatutos de la Universidad de Oviedo Art\u00edculu 7: La Universid\u00e1 y Asturies \/ P\u00e1xina 14 de 99 \/ G\u00fcei recu\u00e9yense nel BOPA los estatutos nuevos de la Universid\u00e1 d\u2019Uvi\u00e9u, que como nes versiones anteriores garantiza\u2019l derechu a emplegala [&hellip;]<\/p>\n","protected":false},"author":117,"featured_media":0,"comment_status":"open","ping_status":"open","sticky":false,"template":"","format":"standard","meta":{"footnotes":""},"categories":[322],"tags":[],"class_list":["post-38742","post","type-post","status-publish","format-standard","hentry","category-inaciu-galan"],"_links":{"self":[{"href":"https:\/\/edublog.educastur.es\/ixuxu\/wp-json\/wp\/v2\/posts\/38742","targetHints":{"allow":["GET"]}}],"collection":[{"href":"https:\/\/edublog.educastur.es\/ixuxu\/wp-json\/wp\/v2\/posts"}],"about":[{"href":"https:\/\/edublog.educastur.es\/ixuxu\/wp-json\/wp\/v2\/types\/post"}],"author":[{"embeddable":true,"href":"https:\/\/edublog.educastur.es\/ixuxu\/wp-json\/wp\/v2\/users\/117"}],"replies":[{"embeddable":true,"href":"https:\/\/edublog.educastur.es\/ixuxu\/wp-json\/wp\/v2\/comments?post=38742"}],"version-history":[{"count":9,"href":"https:\/\/edublog.educastur.es\/ixuxu\/wp-json\/wp\/v2\/posts\/38742\/revisions"}],"predecessor-version":[{"id":38854,"href":"https:\/\/edublog.educastur.es\/ixuxu\/wp-json\/wp\/v2\/posts\/38742\/revisions\/38854"}],"wp:attachment":[{"href":"https:\/\/edublog.educastur.es\/ixuxu\/wp-json\/wp\/v2\/media?parent=38742"}],"wp:term":[{"taxonomy":"category","embeddable":true,"href":"https:\/\/edublog.educastur.es\/ixuxu\/wp-json\/wp\/v2\/categories?post=38742"},{"taxonomy":"post_tag","embeddable":true,"href":"https:\/\/edublog.educastur.es\/ixuxu\/wp-json\/wp\/v2\/tags?post=38742"}],"curies":[{"name":"wp","href":"https:\/\/api.w.org\/{rel}","templated":true}]}}