{"id":38746,"date":"2024-12-26T11:00:09","date_gmt":"2024-12-26T09:00:09","guid":{"rendered":"https:\/\/edublog.educastur.es\/ixuxu\/?p=38746"},"modified":"2024-12-27T17:58:48","modified_gmt":"2024-12-27T15:58:48","slug":"calendariu-llunar-de-los-arboles","status":"publish","type":"post","link":"https:\/\/edublog.educastur.es\/ixuxu\/2024\/12\/calendariu-llunar-de-los-arboles\/","title":{"rendered":"Calendariu Llunar de los \u00c1rboles"},"content":{"rendered":"<div class=\"html-div xdj266r x11i5rnm xat24cr x1mh8g0r xexx8yu x4uap5 x18d9i69 xkhd6sd x1iyjqo2\">\n<div class=\"x78zum5 xdt5ytf xz62fqu x16ldp7u\">\n<div class=\"xu06os2 x1ok221b\">\n<ul>\n<li class=\"html-h3 x11i5rnm xat24cr x1mh8g0r xexx8yu x4uap5 x18d9i69 xkhd6sd x1vvkbs x1heor9g x1qlqyl8 x1pd3egz x1a2a7pz x1gslohp x1yc453h\"><span class=\"xt0psk2\"><a class=\"x1i10hfl xjbqb8w x1ejq31n xd10rxx x1sy0etr x17r0tee x972fbf xcfux6l x1qhh985 xm0m39n x9f619 x1ypdohk xt0psk2 xe8uvvx xdj266r x11i5rnm xat24cr x1mh8g0r xexx8yu x4uap5 x18d9i69 xkhd6sd x16tdsg8 x1hl2dhg xggy1nq x1a2a7pz x1sur9pj xkrqix3 xzsf02u x1s688f\" role=\"link\" href=\"https:\/\/www.facebook.com\/nur.ant.16?__cft__[0]=AZV0dRpvxHsyfNszDVjiu0hbZub8XG0stCgtUjP8Emm5V83qAGoGcPV5OVIFE2SkIoGjrhA49jqkLS4JkcDil8wHh1_cfw54PGYqwF-y8ox7ggeT8xgMSXUCmGkbgL_OspQRfa07PpafUUGbozWi7ZCBbwy-jRa-vk5fxrC4adaeYC2YeaKD_HczWNtuCdC2Oz0&amp;__tn__=-UC%2CP-y-R\"><strong class=\"html-strong xdj266r x11i5rnm xat24cr x1mh8g0r xexx8yu x4uap5 x18d9i69 xkhd6sd x1hl2dhg x16tdsg8 x1vvkbs x1s688f\"><span class=\"html-span xdj266r x11i5rnm xat24cr x1mh8g0r xexx8yu x4uap5 x18d9i69 xkhd6sd x1hl2dhg x16tdsg8 x1vvkbs\">Flor Del Agua<\/span><\/strong><\/a><\/span>\/<a href=\"https:\/\/flordelagua1.wordpress.com\/2024\/12\/25\/calendariu-llunar-de-los-arboles\/?fbclid=IwZXh0bgNhZW0CMTEAAR1MCj7ABJdvLvQ4ZXOVLGMWNt1kcAb5rYWJbLiwjj7gG8HqJ00RUArCsO8_aem_bB_VGRW1xTV6S2u-aRxFTA\"> blogue<\/a> \/<\/li>\n<\/ul>\n<p style=\"text-align: center\"><a href=\"https:\/\/flordelagua1.wordpress.com\/wp-content\/uploads\/2024\/12\/45d487_34909b5d12564444a497aaafd27d62a1mv2.webp\"><img loading=\"lazy\" decoding=\"async\" class=\"aligncenter size-large\" src=\"https:\/\/flordelagua1.wordpress.com\/wp-content\/uploads\/2024\/12\/45d487_34909b5d12564444a497aaafd27d62a1mv2.webp\" width=\"800\" height=\"533\" \/><\/a><span style=\"font-size: 16px\"><em>Xab\u00fa, Ruis, 25 de Payares al 22 d\u2019Avientu<\/em><\/span><\/p>\n<\/div>\n<\/div>\n<\/div>\n<div class=\"html-div xdj266r x11i5rnm xat24cr x1mh8g0r xexx8yu x4uap5 x18d9i69 xkhd6sd\" dir=\"auto\">\n<div class=\"html-div xdj266r x11i5rnm xat24cr x1mh8g0r xexx8yu x4uap5 x18d9i69 xkhd6sd\" data-ad-rendering-role=\"story_message\">\n<div class=\"x1l90r2v x1iorvi4 x1ye3gou xn6708d\" data-ad-comet-preview=\"message\" data-ad-preview=\"message\">\n<div class=\"x78zum5 xdt5ytf xz62fqu x16ldp7u\">\n<div class=\"xu06os2 x1ok221b\">\n<div class=\"xdj266r x11i5rnm xat24cr x1mh8g0r x1vvkbs x126k92a\">\n<div dir=\"auto\">El <strong>Calendariu Llunar de los \u00c1rboles<\/strong> que vos dixe. Entamamos col Xab\u00fa y dir\u00e9 pali que pali&#8230;<\/div>\n<div dir=\"auto\">\n<div class=\"entry-content wp-block-post-content has-global-padding is-layout-constrained wp-block-post-content-is-layout-constrained\">\n<p id=\"mlmqs151\"><em><span style=\"color: #008080\">Los pueblos celtes d\u2019Europa, ente ellos los \u00e1stures, rend\u00eden cultu a la Naturaleza y daben importancia al ciclu solar y llunar, como puede notase nes festividaes y\u2019l Calendariu Coligny. Tami\u00e9n les fontes cl\u00e1siques d\u00e9xennos dellos pasaxes escritos sol tema:<\/span><\/em><\/p>\n<p id=\"89u95479\"><em><span style=\"color: #008080\">\u201cDellos dicen que los callaicos nun tienen dioses; nun ans\u00edina los celt\u00ed\u00adberos y los dem\u00e1s pueblos que pol norte llenden con ellos, y toos <strong>rinden cultu nes noches de pleniluniu<\/strong> <strong>a un dios ensin nome, danciando<\/strong> <strong>les families fasta l\u2019amanecer\u00edn<\/strong> ante les puertes de los llares\u201cEstrab\u00f3n, \u00abXeograf\u00eda\u00bb\u009d 3,3, 7-8<\/span><\/em><\/p>\n<p><em><span style=\"color: #008080\"><!--more--><\/span><\/em><\/p>\n<p id=\"j1b6g1178\"><em><span style=\"color: #008080\">La lluna yera bien g\u00fceyada y\u00b4l so ciclu taba sofit\u00e1u nes idegues de muerte, renacimientu y metemps\u00edcosis tan quer\u00edes por estos pueblos diversos.<\/span><\/em><\/p>\n<p id=\"pi3e53726\"><em><span style=\"color: #008080\">G\u00fcei entamamos esti blog col calendariu llunar de los \u00e1rboles, ye daqu\u00e9 moderno, pero inspir\u00e1o nel sentir d\u2019estes xentes y les sos visiones so los \u00e1rboles y biesques.<\/span><\/em><a href=\"https:\/\/flordelagua1.wordpress.com\/wp-content\/uploads\/2024\/12\/45d487_f186a59259434b14bb7a0053b5188dc4mv2.webp\"><em><span style=\"color: #008080\">.<\/span><\/em><img loading=\"lazy\" decoding=\"async\" class=\"aligncenter \" src=\"https:\/\/flordelagua1.wordpress.com\/wp-content\/uploads\/2024\/12\/45d487_f186a59259434b14bb7a0053b5188dc4mv2.webp\" width=\"454\" height=\"454\" \/><\/a><\/p>\n<p><span style=\"color: #008080\"><strong>Ogham: <\/strong>RUIS \/ <strong>Piedra: <\/strong>acebache \/ Flor: llechera, tarriellu \/ <strong>Animal: <\/strong>cuervu<\/span><\/p>\n<p id=\"iz2rf1957\">El nome de \u201cxab\u00fa\u201d vien del llat\u00edn <em>sambucus<\/em> y en griegu esist\u00eda\u2019l t\u00e9rminu <em>sambyk\u00e9<\/em>, un pr\u00e9stamu oriental que ven\u00eda a ser un arpa triangular. Anque nun sabemos si tien que ver, posiblemente ansina seya, porque paez que griegos y romanos fac\u00eden una especie de flautes d\u2019esti \u00e1rbol y, de la parte m\u00e1s dura, un instrumentu de cuerdes.<\/p>\n<p id=\"snrj017033\">Ye un \u00e1rbol asociau a les bruxes, dia\u00f1os y xanes. Tami\u00e9n sol\u00eda asociase cola muerte; en Gales y la islla de Man plant\u00e1be xab\u00fa nes tumbes nueves, y si florec\u00eda, quer\u00eda decir que l\u2019\u00e9sp\u00edritu del muertu ser\u00eda feliz na tierra del T\u00edr na n\u00d3g, del otru mundu, la Tierra de la Xuvent\u00fa. Tami\u00e9n se pon\u00eden rames dientru de la tumba pa protexer de la bruxer\u00eda a la cadarma.<\/p>\n<p id=\"cs30224635\">El xab\u00fa rexen\u00e9rase constantemente poro ye un s\u00edmbolu de camudamientu, de espoxigue espiritual y de resiliencia ante los retos que la vida nos trae. Ye ent\u00f3s un \u00e1rbol que, por esto, paez conectanos cola sabidur\u00eda de los nuesos antepasaos y coles esperiencies que nos faen ser quienes somos. Tami\u00e9n nos xune a la Vieya, a les xanes, a les dioses feminines y la so sabidur\u00eda de sieglos.<\/p>\n<p id=\"doxkj39064\">Hai que s\u2019alcordar de l\u2019emplegu medicinal del xab\u00fa que, siendo ricu en flavonoides, presenta propiedaes antiinflamatories que sofiten la sal\u00fa inmunol\u00f3xica, protexen la piel, regulen la presi\u00f3n arterial y ameyoren les funciones cerebrales. Esta planta lleva calteniendo el so valor dende el Neol\u00edticu, cuando los sos frutos yeren parviaos o na D\u00f3mina del Fierru, a\u00fa los druides emplegaben flores y frutos pol so valor terap\u00e9uticu. El vinu fecho colos frutos, nun yera pa cualquiera, s\u00f3lo pa los sacerdotes iniciaos por ser entend\u00edo como un regalu de la diosa de la Tierra.<\/p>\n<p id=\"5ccr9816\" class=\"has-medium-font-size\"><em><strong>Ruis. <\/strong>Ye la lletra d\u2019Ogham pal mes del xab\u00fa, cuando la gran fola torna a la mar, seg\u00fan se diz nel Canciu d\u2019Amergin.<\/em><\/p>\n<p id=\"zvm6v667\" class=\"has-medium-font-size\"><em><strong>Acebache. <\/strong>Amuletu dende tiempu inmemorial poles propiedaes m\u00e1xiques que se-y atribu\u00eden tanto sanadores como pa la maxa. Los druides barruntaben que, ambur\u00e1ndolo, espuls\u00e1bense los dia\u00f1os. N\u2019Asturies, les cig\u00fces d\u2019acebache protex\u00eden escontra\u2019l malg\u00fceyu, especialmente a los \u00f1e\u00f1os. La costa de Xix\u00f3n a Colunga ye a\u00fa se esplot\u00f3 m\u00e1s el tipu esti de miner\u00eda que amuesa l\u2019acebache asturiano como el meyor del mundu xunto al de Whitby ( Reinu Xun\u00edu).<\/em><\/p>\n<p id=\"fqjl122703\" class=\"has-medium-font-size\"><em><strong>Llechera o Tarriellu. <\/strong>Ll\u00e1mase llechera porque cuando la cortes, desprende un ll\u00edquidu cande apaec\u00edu a la lleche. Ye una planta qu\u2019espoxiga en cualquier condici\u00f3n y florez tou l\u2019a\u00f1u, poro asimilada al sol. Cament\u00e1base que yera un bon t\u00f3nicu, rica en vitamina C, calciu y otros nutrientes. Esta enerx\u00eda xunto a la so resistencia nos diferentes climes relaci\u00f3nala cola supervivencia y tien una venceyada asociaci\u00f3n al mes del Xab\u00fa.<\/em><\/p>\n<p id=\"0b9oe12607\" class=\"has-medium-font-size\"><em><strong>Cuervu. <\/strong>Animal sagr\u00e1u que fai de mensaxeru ente\u2019l mundu humanu y\u2019l divinu, tra\u00eda los mensaxes de los dioses. Taba asociau a la muerte y la batalla. Los celtes dexaben los cadabres nos campos de batalla pa que los cuervos los llevaran al Eidh, al M\u00e1s All\u00e1. Yera un animal m\u00edsticu rellacionau cola maxa y les profec\u00edes, preve\u00eden sucesos futuros y revelaben secretos ocultos. Acompa\u00f1ante del Nuberu, Od\u00edn y Wotan, diferentes nomes pa un mesmu dios seg\u00fan les mitolox\u00edes asturiana, n\u00f3rdica o xermana.<\/em><\/p>\n<p id=\"7twqr39641\" class=\"has-medium-font-size\"><em><strong>Personalid\u00e1 de los Xab\u00fa<\/strong><\/em><\/p>\n<p id=\"tkcfc40955\"><em>Xente que tiende a ser diferente, creativa y presenta la capacid\u00e1 d\u2019atalantar lo complexo de la vida y un grau grande de sabidur\u00eda anque-yos faiga viaxar llo\u00f1e p\u2019atopala.<\/em><\/p>\n<p id=\"2bnm949974\"><em>El so forte ye la intuici\u00f3n de tar no correcto, la paciencia y la disciplina. Son lluchadores fasta\u2019l fin. Y, am\u00e1s, pr\u00e9sta-yos desafiar el poder establec\u00edu y les regles si conlleven inxosticies. Son xente en\u00e9rxico que esfruta d\u2019activides na \u00d1atura. L\u2019humor, normalmente ir\u00f3nicu, failos resilientes y siempre se noten diferentes a la mayor\u00eda de la xente, \u00fanicos, y especiales.<\/em><\/p>\n<\/div>\n<p>&nbsp;<\/p>\n<\/div>\n<div dir=\"auto\"><\/div>\n<\/div>\n<\/div>\n<\/div>\n<\/div>\n<\/div>\n<\/div>\n<p>&nbsp;<\/p>\n","protected":false},"excerpt":{"rendered":"<p>Flor Del Agua\/ blogue \/ Xab\u00fa, Ruis, 25 de Payares al 22 d\u2019Avientu El Calendariu Llunar de los \u00c1rboles que vos dixe. Entamamos col Xab\u00fa y dir\u00e9 pali que pali&#8230; Los pueblos celtes d\u2019Europa, ente ellos los \u00e1stures, rend\u00eden cultu a la Naturaleza y daben importancia al ciclu solar y llunar, como puede notase nes [&hellip;]<\/p>\n","protected":false},"author":117,"featured_media":0,"comment_status":"open","ping_status":"open","sticky":false,"template":"","format":"standard","meta":{"footnotes":""},"categories":[408],"tags":[],"class_list":["post-38746","post","type-post","status-publish","format-standard","hentry","category-calendariu-llunar-de-los-arboles"],"_links":{"self":[{"href":"https:\/\/edublog.educastur.es\/ixuxu\/wp-json\/wp\/v2\/posts\/38746","targetHints":{"allow":["GET"]}}],"collection":[{"href":"https:\/\/edublog.educastur.es\/ixuxu\/wp-json\/wp\/v2\/posts"}],"about":[{"href":"https:\/\/edublog.educastur.es\/ixuxu\/wp-json\/wp\/v2\/types\/post"}],"author":[{"embeddable":true,"href":"https:\/\/edublog.educastur.es\/ixuxu\/wp-json\/wp\/v2\/users\/117"}],"replies":[{"embeddable":true,"href":"https:\/\/edublog.educastur.es\/ixuxu\/wp-json\/wp\/v2\/comments?post=38746"}],"version-history":[{"count":2,"href":"https:\/\/edublog.educastur.es\/ixuxu\/wp-json\/wp\/v2\/posts\/38746\/revisions"}],"predecessor-version":[{"id":38760,"href":"https:\/\/edublog.educastur.es\/ixuxu\/wp-json\/wp\/v2\/posts\/38746\/revisions\/38760"}],"wp:attachment":[{"href":"https:\/\/edublog.educastur.es\/ixuxu\/wp-json\/wp\/v2\/media?parent=38746"}],"wp:term":[{"taxonomy":"category","embeddable":true,"href":"https:\/\/edublog.educastur.es\/ixuxu\/wp-json\/wp\/v2\/categories?post=38746"},{"taxonomy":"post_tag","embeddable":true,"href":"https:\/\/edublog.educastur.es\/ixuxu\/wp-json\/wp\/v2\/tags?post=38746"}],"curies":[{"name":"wp","href":"https:\/\/api.w.org\/{rel}","templated":true}]}}