{"id":38781,"date":"2024-12-27T08:28:14","date_gmt":"2024-12-27T06:28:14","guid":{"rendered":"https:\/\/edublog.educastur.es\/ixuxu\/?p=38781"},"modified":"2024-12-27T12:31:48","modified_gmt":"2024-12-27T10:31:48","slug":"el-friu-y-les-xelaes-ganen-terrenal","status":"publish","type":"post","link":"https:\/\/edublog.educastur.es\/ixuxu\/2024\/12\/el-friu-y-les-xelaes-ganen-terrenal\/","title":{"rendered":"El fr\u00edu y les xelaes ganen terrenal"},"content":{"rendered":"<p style=\"text-align: center\"><a href=\"https:\/\/cdns3.eltiempo.es\/eltiempo\/blog\/noticias\/2024\/12\/26103742\/N.minimas_sabado-18-1536x864.jpg\"><img loading=\"lazy\" decoding=\"async\" class=\"aligncenter size-large\" src=\"https:\/\/cdns3.eltiempo.es\/eltiempo\/blog\/noticias\/2024\/12\/26103742\/N.minimas_sabado-18-1536x864.jpg\" width=\"1536\" height=\"864\" \/>Temperatures m\u00ednimes previstes para&#8217;l s\u00e1badu. Mapa: Eltiempo.es<\/a><\/p>\n<p>El fr\u00edu y les xelaes ganen terrenal: estes capitales van amanecer baxo cero. Les xelaes dir\u00e1n estendi\u00e9ndose pel interior peninsular y delles capitales pueden amanecer baxo cero.<\/p>\n<ul>\n<li><a href=\"https:\/\/www.eltiempo.es\/noticias\/el-frio-y-las-heladas-ganan-terreno-estas-capitales-amaneceran-bajo-cero?fbclid=IwZXh0bgNhZW0CMTEAAR01jBV5rxjH7-XVDl7LvP9Op1ef8kR_ICB7TFSCrkOwsXcTNEB0EAvzCDE_aem_BF9xqZwlHRwaNWMmPKvHdQ\"> Videu<\/a> El Tiempo.es \/<\/li>\n<\/ul>\n<p>La estabilid\u00e1 va siguir n&#8217;Espa\u00f1a siquier hasta&#8217;l domingu y les borrines y el sol van ser los protagonistes. Anque les temperatures m\u00e1ximes s\u00edan nidies, les m\u00ednimes van ser d\u00eda tres d\u00edes m\u00e1s baxes y el fr\u00edu y les xelaes van ganar terr\u00e9n.<\/p>\n<p><!--more--><\/p>\n<p>A partir del vienres les xelaes dir\u00e1n estendi\u00e9ndose pel interior peninsular y delles capitales pueden amanecer baxo cero. \u00bf\u00d3nde va faer m\u00e1s fr\u00edu la fin de selmana?<\/p>\n<p>Les xelaes\u00a0 van estendese pol mapa: baxo cero nestes ciudaes. El fr\u00edu va notase sobremanera peles nueches. A partir del vienres les xelaes van dir estendi\u00e9ndose pel interior peninsular y sobremanera van afectar a zones de monte y tami\u00e9n a los pandos. En zones de mari\u00f1a les m\u00ednimes nun van ser tan fr\u00edes.<\/p>\n<p>La fin de selmana casi tol interior peninsular va amanecer per debaxo de los 5\u00baC y con m\u00ednimes cercanes a los 0\u00baC. En capitales de Castiella y Lli\u00f3n, Castiella-La Mancha, Arag\u00f3n y l&#8217;interior de Catalu\u00f1a, van empezar el d\u00eda en negativu.<\/p>\n<p>\u00bf\u00d3nde va faer m\u00e1s fr\u00edu? Baxo cero en Cuenca, Albacete, Ciud\u00e1 Real, Guadalaxara, Burgos, \u00c1vila, Lli\u00f3n, Palencia, Teruel o Valladolid. Con delles variaciones seg\u00fan el d\u00eda y la zona, les xelaes van tener continuid\u00e1 nel interior peninsular.<\/p>\n<p style=\"text-align: center\"><a href=\"https:\/\/cdns3.eltiempo.es\/eltiempo\/blog\/noticias\/2024\/12\/27103644\/plantillas-thumbnail-noticia-meteo-2024-12-27T103525.009.jpg\"><img loading=\"lazy\" decoding=\"async\" class=\"aligncenter size-large\" src=\"https:\/\/cdns3.eltiempo.es\/eltiempo\/blog\/noticias\/2024\/12\/27103644\/plantillas-thumbnail-noticia-meteo-2024-12-27T103525.009.jpg\" width=\"1280\" height=\"720\" \/><\/a><\/p>\n","protected":false},"excerpt":{"rendered":"<p>Temperatures m\u00ednimes previstes para&#8217;l s\u00e1badu. Mapa: Eltiempo.es El fr\u00edu y les xelaes ganen terrenal: estes capitales van amanecer baxo cero. Les xelaes dir\u00e1n estendi\u00e9ndose pel interior peninsular y delles capitales pueden amanecer baxo cero. Videu El Tiempo.es \/ La estabilid\u00e1 va siguir n&#8217;Espa\u00f1a siquier hasta&#8217;l domingu y les borrines y el sol van ser los [&hellip;]<\/p>\n","protected":false},"author":117,"featured_media":0,"comment_status":"open","ping_status":"open","sticky":false,"template":"","format":"standard","meta":{"footnotes":""},"categories":[5],"tags":[],"class_list":["post-38781","post","type-post","status-publish","format-standard","hentry","category-tiempu"],"_links":{"self":[{"href":"https:\/\/edublog.educastur.es\/ixuxu\/wp-json\/wp\/v2\/posts\/38781","targetHints":{"allow":["GET"]}}],"collection":[{"href":"https:\/\/edublog.educastur.es\/ixuxu\/wp-json\/wp\/v2\/posts"}],"about":[{"href":"https:\/\/edublog.educastur.es\/ixuxu\/wp-json\/wp\/v2\/types\/post"}],"author":[{"embeddable":true,"href":"https:\/\/edublog.educastur.es\/ixuxu\/wp-json\/wp\/v2\/users\/117"}],"replies":[{"embeddable":true,"href":"https:\/\/edublog.educastur.es\/ixuxu\/wp-json\/wp\/v2\/comments?post=38781"}],"version-history":[{"count":3,"href":"https:\/\/edublog.educastur.es\/ixuxu\/wp-json\/wp\/v2\/posts\/38781\/revisions"}],"predecessor-version":[{"id":38784,"href":"https:\/\/edublog.educastur.es\/ixuxu\/wp-json\/wp\/v2\/posts\/38781\/revisions\/38784"}],"wp:attachment":[{"href":"https:\/\/edublog.educastur.es\/ixuxu\/wp-json\/wp\/v2\/media?parent=38781"}],"wp:term":[{"taxonomy":"category","embeddable":true,"href":"https:\/\/edublog.educastur.es\/ixuxu\/wp-json\/wp\/v2\/categories?post=38781"},{"taxonomy":"post_tag","embeddable":true,"href":"https:\/\/edublog.educastur.es\/ixuxu\/wp-json\/wp\/v2\/tags?post=38781"}],"curies":[{"name":"wp","href":"https:\/\/api.w.org\/{rel}","templated":true}]}}