{"id":38793,"date":"2024-12-26T22:00:22","date_gmt":"2024-12-26T20:00:22","guid":{"rendered":"https:\/\/edublog.educastur.es\/ixuxu\/?p=38793"},"modified":"2024-12-27T17:31:54","modified_gmt":"2024-12-27T15:31:54","slug":"ainhoa-arteta-llena-de-versos-en-navida-a-los-asturianos-nel-teatru-campoamor-duvieu","status":"publish","type":"post","link":"https:\/\/edublog.educastur.es\/ixuxu\/2024\/12\/ainhoa-arteta-llena-de-versos-en-navida-a-los-asturianos-nel-teatru-campoamor-duvieu\/","title":{"rendered":"Ainhoa Arteta llena de \u00abVersos en Navid\u00e1\u00bb a los asturianos nel Teatru Campoamor d&#8217;Uvi\u00e9u"},"content":{"rendered":"<p>Ainhoa Arteta enguapez la Navid\u00e1 con un conciertu memorable nel Campoamor.\u00a0 La soprano entusiasma al p\u00fablicu qu&#8217;atarraquit\u00f3&#8217;l teatru uvie\u00edn y epondera una propuesta po\u00e9tica que sirve<span style=\"color: #800080\"><em> \u00abde patria para tol mundu\u00bb dende \u00abesta formosa tierra\u00bb<\/em><\/span><\/p>\n<p style=\"text-align: center\"><a href=\"https:\/\/estaticos-cdn.prensaiberica.es\/clip\/d2f5bf66-048c-4d90-9c60-3afcd0ae9ce3_16-9-aspect-ratio_default_0.webp\"><img loading=\"lazy\" decoding=\"async\" class=\"aligncenter size-large\" src=\"https:\/\/estaticos-cdn.prensaiberica.es\/clip\/d2f5bf66-048c-4d90-9c60-3afcd0ae9ce3_16-9-aspect-ratio_default_0.webp\" width=\"880\" height=\"495\" \/><\/a><em>Ainhoa Arteta con Javier Carmena al piano.<\/em><\/p>\n<ul>\n<li>Fonte:<a href=\"https:\/\/www.lne.es\/oviedo\/2024\/12\/27\/ainhoa-arteta-embellece-navidad-concierto-112941038.html?fbclid=IwZXh0bgNhZW0CMTEAAR22oz_KvJScHI-5r4vkuM5KSAw2hsHxlkASntZlB_mSvSrfuw8kuPTyIFQ_aem_3DuVLQh35v_yyeikc0RVxg\"> LNE \/ semeya de Luisma Murias<\/a><\/li>\n<li><strong>Ainhoa Arteta<\/strong>: <a href=\"https:\/\/es.wikipedia.org\/wiki\/Ainhoa_Arteta\">wiki<\/a> \/<a href=\"https:\/\/ainhoaarteta.es\"><strong> web<\/strong><\/a> \/ semeyes \/<\/li>\n<li>Entrevistes: <a href=\"https:\/\/www.elcomercio.es\/culturas\/musica\/ainhoa-arteta-versos-navidad-oviedo-teatro-campoamor-20241227224152-nt.html\">El Comercio<\/a> \/<\/li>\n<\/ul>\n<p>El teatru Campoamor visti\u00f3se anueche de gala para acoyer el tradicional conciertu navidiegu entam\u00e1u per <span style=\"text-decoration: underline\"><em><span style=\"color: #800080;text-decoration: underline\"><strong>Asturies, capital Mundial de la Poes\u00eda<\/strong><\/span><\/em><\/span>\u00ab, el proyectu abander\u00e1u pol periodista y director em\u00e9ritu de la Fundaci\u00f3n Princesa d&#8217;Asturies Graciano Garc\u00eda, que la so finalid\u00e1 ye, como espres\u00f3 la mesma Ainhoa Arteta al entamu de la velada,<strong><em><span style=\"color: #800080\"> \u00abenguapecer m\u00e1s si quepe esta formosa tierra y sirvir de patria para tol mundu\u00bb.<\/span><\/em><\/strong><\/p>\n<p><!--more--><\/p>\n<p style=\"text-align: center\"><a href=\"https:\/\/s1.ppllstatics.com\/elcomercio\/www\/multimedia\/2024\/12\/27\/arteta-campoamor-kkZG--1200x840@El%20Comercio.jpg\"><img loading=\"lazy\" decoding=\"async\" class=\"aligncenter size-large\" src=\"https:\/\/s1.ppllstatics.com\/elcomercio\/www\/multimedia\/2024\/12\/27\/arteta-campoamor-kkZG--1200x840@El%20Comercio.jpg\" width=\"1200\" height=\"840\" \/><\/a><\/p>\n<p style=\"text-align: center\">\n<!-- iframe plugin v.6.0 wordpress.org\/plugins\/iframe\/ -->\n<iframe loading=\"lazy\" src=\"https:\/\/www.instagram.com\/reel\/DEDtiSfM1Yt\/embed\" width=\"500\" height=\"700\" 0=\"\/iframe\" scrolling=\"yes\" class=\"iframe-class\" frameborder=\"0\"><\/iframe>\n<\/p>\n<p style=\"text-align: center\">\n<!-- iframe plugin v.6.0 wordpress.org\/plugins\/iframe\/ -->\n<iframe loading=\"lazy\" src=\"https:\/\/www.facebook.com\/plugins\/post.php?href=https%3A%2F%2Fwww.facebook.com%2Fisa.lobo.35%2Fposts%2Fpfbid02A1ckguKHzDxyD8Db9rMNiXMGV1CFp96SCXg67249WfypUtVsJYoXuDTCczTKawm3l&#038;show_text=true&#038;width=500\" width=\"500\" height=\"620\" style=\"border:none;overflow:hidden\" scrolling=\"no\" frameborder=\"0\" allowfullscreen=\"true\" allow=\"autoplay; clipboard-write; encrypted-media; picture-in-picture; web-share\" 0=\"\/iframe\" class=\"iframe-class\"><\/iframe>\n<\/p>\n<p style=\"text-align: center\"><a href=\"https:\/\/cms.guggenheim-bilbao.eus\/uploads\/2024\/09\/Ainhoa-Arteta.jpg\"><img loading=\"lazy\" decoding=\"async\" class=\"aligncenter size-large\" src=\"https:\/\/cms.guggenheim-bilbao.eus\/uploads\/2024\/09\/Ainhoa-Arteta.jpg\" width=\"1920\" height=\"1080\" \/><\/a><\/p>\n<p style=\"text-align: center\"><a href=\"https:\/\/s3.abcstatics.com\/Media\/201510\/26\/AinhoaArteta--644x362.jpg\"><img loading=\"lazy\" decoding=\"async\" class=\"aligncenter size-large\" src=\"https:\/\/s3.abcstatics.com\/Media\/201510\/26\/AinhoaArteta--644x362.jpg\" width=\"644\" height=\"362\" \/><\/a><\/p>\n<p>&nbsp;<\/p>\n","protected":false},"excerpt":{"rendered":"<p>Ainhoa Arteta enguapez la Navid\u00e1 con un conciertu memorable nel Campoamor.\u00a0 La soprano entusiasma al p\u00fablicu qu&#8217;atarraquit\u00f3&#8217;l teatru uvie\u00edn y epondera una propuesta po\u00e9tica que sirve \u00abde patria para tol mundu\u00bb dende \u00abesta formosa tierra\u00bb Ainhoa Arteta con Javier Carmena al piano. Fonte: LNE \/ semeya de Luisma Murias Ainhoa Arteta: wiki \/ web \/ [&hellip;]<\/p>\n","protected":false},"author":117,"featured_media":0,"comment_status":"open","ping_status":"open","sticky":false,"template":"","format":"standard","meta":{"footnotes":""},"categories":[409,35,39],"tags":[],"class_list":["post-38793","post","type-post","status-publish","format-standard","hentry","category-asturies-capital-mundial-de-la-poesia","category-musica","category-poesia"],"_links":{"self":[{"href":"https:\/\/edublog.educastur.es\/ixuxu\/wp-json\/wp\/v2\/posts\/38793","targetHints":{"allow":["GET"]}}],"collection":[{"href":"https:\/\/edublog.educastur.es\/ixuxu\/wp-json\/wp\/v2\/posts"}],"about":[{"href":"https:\/\/edublog.educastur.es\/ixuxu\/wp-json\/wp\/v2\/types\/post"}],"author":[{"embeddable":true,"href":"https:\/\/edublog.educastur.es\/ixuxu\/wp-json\/wp\/v2\/users\/117"}],"replies":[{"embeddable":true,"href":"https:\/\/edublog.educastur.es\/ixuxu\/wp-json\/wp\/v2\/comments?post=38793"}],"version-history":[{"count":5,"href":"https:\/\/edublog.educastur.es\/ixuxu\/wp-json\/wp\/v2\/posts\/38793\/revisions"}],"predecessor-version":[{"id":38796,"href":"https:\/\/edublog.educastur.es\/ixuxu\/wp-json\/wp\/v2\/posts\/38793\/revisions\/38796"}],"wp:attachment":[{"href":"https:\/\/edublog.educastur.es\/ixuxu\/wp-json\/wp\/v2\/media?parent=38793"}],"wp:term":[{"taxonomy":"category","embeddable":true,"href":"https:\/\/edublog.educastur.es\/ixuxu\/wp-json\/wp\/v2\/categories?post=38793"},{"taxonomy":"post_tag","embeddable":true,"href":"https:\/\/edublog.educastur.es\/ixuxu\/wp-json\/wp\/v2\/tags?post=38793"}],"curies":[{"name":"wp","href":"https:\/\/api.w.org\/{rel}","templated":true}]}}