{"id":38808,"date":"2024-12-27T15:55:08","date_gmt":"2024-12-27T13:55:08","guid":{"rendered":"https:\/\/edublog.educastur.es\/ixuxu\/?p=38808"},"modified":"2024-12-29T14:36:00","modified_gmt":"2024-12-29T12:36:00","slug":"lexecutivu-declara-la-cultura-del-acebache-bien-dinteres-cultural-de-calter-inmaterial","status":"publish","type":"post","link":"https:\/\/edublog.educastur.es\/ixuxu\/2024\/12\/lexecutivu-declara-la-cultura-del-acebache-bien-dinteres-cultural-de-calter-inmaterial\/","title":{"rendered":"L&#8217;Executivu declara la cultura del acebache bien d&#8217;inter\u00e9s cultural de calter inmaterial"},"content":{"rendered":"<p>Fonte: <a href=\"https:\/\/actualidad.asturias.es\/-\/el-gobierno-de-asturias-declara-la-cultura-del-azabache-bien-de-inter\u00e9s-cultural-de-car\u00e1cter-inmaterial?redirect=%2Falertas\">Actualidad.Asturies<\/a> \/<\/p>\n<p style=\"text-align: center\"><a href=\"https:\/\/actualidad.asturias.es\/documents\/537115\/2306058\/azabache.jpg\/87546b7b-e02c-99d5-66bd-5854384a0987?t=1735304777476\"><img loading=\"lazy\" decoding=\"async\" class=\"aligncenter size-large\" src=\"https:\/\/actualidad.asturias.es\/documents\/537115\/2306058\/azabache.jpg\/87546b7b-e02c-99d5-66bd-5854384a0987?t=1735304777476\" width=\"708\" height=\"449\" \/><\/a><\/p>\n<p>La zona de Les Mari\u00f1es, en Villaviciosa, concentra&#8217;l mayor n\u00famberu de talleres artesanales que trabayen esta materia primo, d&#8217;incontestable valor para la comunid\u00e1 a lo llargo de la hestoria. El Gobiernu d&#8217;Asturies aprob\u00f3&#8217;l decretu pol que se declara la cultura del acebache<strong><span style=\"color: #008080\"> bien d&#8217;inter\u00e9s cultural (BIC)<\/span><\/strong> de calter inmaterial.<\/p>\n<p><!--more--><\/p>\n<div class=\"html-div xdj266r xat24cr x1mh8g0r xexx8yu x4uap5 x18d9i69 xkhd6sd x78zum5 x2lah0s xqtp20y x1emribx\" style=\"text-align: center\">\n<!-- iframe plugin v.6.0 wordpress.org\/plugins\/iframe\/ -->\n<iframe loading=\"lazy\" src=\"https:\/\/www.facebook.com\/plugins\/post.php?href=https%3A%2F%2Fwww.facebook.com%2Fphoto.php%3Ffbid%3D902223148748319%26set%3Da.229758265994814%26type%3D3&#038;show_text=false&#038;width=500\" width=\"500\" height=\"531\" style=\"border:none;overflow:hidden\" scrolling=\"no\" frameborder=\"0\" allowfullscreen=\"true\" allow=\"autoplay; clipboard-write; encrypted-media; picture-in-picture; web-share\" 0=\"\/iframe\" class=\"iframe-class\"><\/iframe>\n<\/div>\n<div class=\"x78zum5 xdt5ytf xz62fqu x16ldp7u\">\n<div class=\"xu06os2 x1ok221b\">\n<div class=\"html-div xdj266r x11i5rnm xat24cr x1mh8g0r xexx8yu x4uap5 x18d9i69 xkhd6sd\" data-ad-rendering-role=\"profile_name\">\n<ul>\n<li class=\"html-h3 x11i5rnm xat24cr x1mh8g0r xexx8yu x4uap5 x18d9i69 xkhd6sd x1vvkbs x1heor9g x1qlqyl8 x1pd3egz x1a2a7pz x1gslohp x1yc453h\"><span class=\"x1lliihq x6ikm8r x10wlt62 x1n2onr6\"><span class=\"xt0psk2\"><a class=\"x1i10hfl xjbqb8w x1ejq31n xd10rxx x1sy0etr x17r0tee x972fbf xcfux6l x1qhh985 xm0m39n x9f619 x1ypdohk xt0psk2 xe8uvvx xdj266r x11i5rnm xat24cr x1mh8g0r xexx8yu x4uap5 x18d9i69 xkhd6sd x16tdsg8 x1hl2dhg xggy1nq x1a2a7pz x1sur9pj xkrqix3 xzsf02u x1s688f\" role=\"link\" href=\"https:\/\/www.facebook.com\/gobiernodeasturias?__cft__[0]=AZVfy8nXUnbJX66iCpYZmyMJcDJY1U1CzKKg5gXCMnFKsrzoGkWH8XWrLoC_U2IWHgrCgP1U3S4maoZWfLnffXpS1AWBfPwoLFMMGmsvCo23bSvYJtKK0YdnpPuLxNfmIAiwH5Ml55kRxiYZp2pwGZhWmSnSAN9rlWiv4jhUrMmexYgQLbJG8a08wVTJG0Di-DhLuDP268wFWZTw3tQSmryN1IPa69OaVNrpo5IF92_Gpw&amp;__tn__=-UC%2CP-y-R\"><strong class=\"html-strong xdj266r x11i5rnm xat24cr x1mh8g0r xexx8yu x4uap5 x18d9i69 xkhd6sd x1hl2dhg x16tdsg8 x1vvkbs x1s688f\"><span class=\"html-span xdj266r x11i5rnm xat24cr x1mh8g0r xexx8yu x4uap5 x18d9i69 xkhd6sd x1hl2dhg x16tdsg8 x1vvkbs\">Principado de Asturias<\/span><\/strong><\/a><\/span><span class=\"html-span xdj266r x11i5rnm xat24cr x1mh8g0r xexx8yu x4uap5 x18d9i69 xkhd6sd x1hl2dhg x16tdsg8 x1vvkbs x1dor1uw x1n2onr6\">\u00a0<\/span><\/span><\/li>\n<\/ul>\n<\/div>\n<\/div>\n<\/div>\n<p>El valor incontestable que se-y confier na comunid\u00e1 al acebache a nivel social y cultural queda reflex\u00e1u nel so usu a lo llargo de la hestoria. La so rareza, el so color, el so rellumu y el so inalterabilidad, seg\u00fan les sos supuestes propiedaes, espliquen un apreciu que lleg\u00f3 al sieglu XXI y que xustifica la so protecci\u00f3n.<\/p>\n<p>L&#8217;espediente de declaraci\u00f3n se inco\u00f3 formalmente por aciu unu resolvimientu de la Conseyer\u00eda de Cultura, Pol\u00edtica Lling\u00fc\u00edstica y Deporte, fechada&#8217;l 11 de xineru de 2023. Mientres la tramitaci\u00f3n llogr\u00e1ronse informes favorables del <strong>Real Institutu d&#8217;Estudios Asturianos (Ridea)<\/strong> y de la Universid\u00e1 d&#8217;Uvi\u00e9u. El plenu del Conseyu del Patrimoniu Cultural, m\u00e1ximu \u00f3rganu asesor del Princip\u00e1u nesta materia, inform\u00f3 *favorablemente sobro la declaraci\u00f3n el pas\u00e1u 18 d&#8217;avientu.<\/p>\n<p>La esistencia de xacimientos d&#8217;acebache d&#8217;escepcional calid\u00e1 n&#8217;Asturies<strong> dex\u00f3, y\u00e1 dende d\u00f3mines remotes, la so esplotaci\u00f3n minera y el so aprovechamientu artesanal, un fechu que dio llugar a una cultura basada nes cualidaes d&#8217;esti singular mineral<\/strong>. El so supuestu calter profil\u00e1cticu xener\u00f3 xuna alta demanda de creaciones artesanales que se comercializaron especialmente fora de la comunid\u00e1, tantu al travi\u00e9s de formatos convencionales, como *amuletos, como en versiones singulares, en variaes pieces de xoyer\u00eda.<\/p>\n<p>La so trayectoria hist\u00f3rico y art\u00edstico identificase con un \u00e1rea xeogr\u00e1fica determinada: Les Mari\u00f1es de Villaviciosa y la so redoma, onde la tradici\u00f3n minera pervivi\u00f3 hasta fai un par de d\u00e9cades. Nesa zona conc\u00e9ntrase&#8217;l mayor n\u00famberu de talleres artesanos ent\u00e1 venceyaos al trabayu d&#8217;esa materia primo.<\/p>\n","protected":false},"excerpt":{"rendered":"<p>Fonte: Actualidad.Asturies \/ La zona de Les Mari\u00f1es, en Villaviciosa, concentra&#8217;l mayor n\u00famberu de talleres artesanales que trabayen esta materia primo, d&#8217;incontestable valor para la comunid\u00e1 a lo llargo de la hestoria. El Gobiernu d&#8217;Asturies aprob\u00f3&#8217;l decretu pol que se declara la cultura del acebache bien d&#8217;inter\u00e9s cultural (BIC) de calter inmaterial.<\/p>\n","protected":false},"author":117,"featured_media":0,"comment_status":"open","ping_status":"open","sticky":false,"template":"","format":"standard","meta":{"footnotes":""},"categories":[89,333,320],"tags":[],"class_list":["post-38808","post","type-post","status-publish","format-standard","hentry","category-arte","category-bic-bien-dinteres-cultural","category-mina"],"_links":{"self":[{"href":"https:\/\/edublog.educastur.es\/ixuxu\/wp-json\/wp\/v2\/posts\/38808","targetHints":{"allow":["GET"]}}],"collection":[{"href":"https:\/\/edublog.educastur.es\/ixuxu\/wp-json\/wp\/v2\/posts"}],"about":[{"href":"https:\/\/edublog.educastur.es\/ixuxu\/wp-json\/wp\/v2\/types\/post"}],"author":[{"embeddable":true,"href":"https:\/\/edublog.educastur.es\/ixuxu\/wp-json\/wp\/v2\/users\/117"}],"replies":[{"embeddable":true,"href":"https:\/\/edublog.educastur.es\/ixuxu\/wp-json\/wp\/v2\/comments?post=38808"}],"version-history":[{"count":3,"href":"https:\/\/edublog.educastur.es\/ixuxu\/wp-json\/wp\/v2\/posts\/38808\/revisions"}],"predecessor-version":[{"id":38969,"href":"https:\/\/edublog.educastur.es\/ixuxu\/wp-json\/wp\/v2\/posts\/38808\/revisions\/38969"}],"wp:attachment":[{"href":"https:\/\/edublog.educastur.es\/ixuxu\/wp-json\/wp\/v2\/media?parent=38808"}],"wp:term":[{"taxonomy":"category","embeddable":true,"href":"https:\/\/edublog.educastur.es\/ixuxu\/wp-json\/wp\/v2\/categories?post=38808"},{"taxonomy":"post_tag","embeddable":true,"href":"https:\/\/edublog.educastur.es\/ixuxu\/wp-json\/wp\/v2\/tags?post=38808"}],"curies":[{"name":"wp","href":"https:\/\/api.w.org\/{rel}","templated":true}]}}