{"id":38818,"date":"2024-12-27T13:11:59","date_gmt":"2024-12-27T11:11:59","guid":{"rendered":"https:\/\/edublog.educastur.es\/ixuxu\/?p=38818"},"modified":"2024-12-27T16:46:36","modified_gmt":"2024-12-27T14:46:36","slug":"lamenaza-pola-quasturies-tuvo-que-blindar-el-gochu-asturcelta-una-raza-autoctona-en-peligru","status":"publish","type":"post","link":"https:\/\/edublog.educastur.es\/ixuxu\/2024\/12\/lamenaza-pola-quasturies-tuvo-que-blindar-el-gochu-asturcelta-una-raza-autoctona-en-peligru\/","title":{"rendered":"L&#8217;amenaza pola qu&#8217;Asturies tuvo que blindar el gochu asturcelta: una raza aut\u00f3ctona en peligru"},"content":{"rendered":"<p style=\"text-align: center\"><a href=\"https:\/\/image.jimcdn.com\/app\/cms\/image\/transf\/dimension=640x10000:format=png\/path\/s02acaad8e54c341d\/image\/i819d8138cbe1ee2d\/version\/1535917707\/image.png\"><img loading=\"lazy\" decoding=\"async\" class=\"aligncenter \" src=\"https:\/\/image.jimcdn.com\/app\/cms\/image\/transf\/dimension=640x10000:format=png\/path\/s02acaad8e54c341d\/image\/i819d8138cbe1ee2d\/version\/1535917707\/image.png\" width=\"436\" height=\"193\" \/><\/a><\/p>\n<p style=\"text-align: center\"><a href=\"https:\/\/estaticos-cdn.prensaiberica.es\/clip\/fe37f81a-a605-4911-802d-7f5ac3fa6f94_16-9-aspect-ratio_default_0_x863y1108.webp\"><img loading=\"lazy\" decoding=\"async\" class=\"aligncenter \" src=\"https:\/\/estaticos-cdn.prensaiberica.es\/clip\/fe37f81a-a605-4911-802d-7f5ac3fa6f94_16-9-aspect-ratio_default_0_x863y1108.webp\" width=\"636\" height=\"358\" \/><\/a><\/p>\n<p>Mois\u00e9s Noval, presidente de l&#8217;asociaci\u00f3n, aplaude la nueva normativa, qu&#8217;ampl\u00eda les posibilidaes del llendo al facilitar l&#8217;accesu a finques en desusu.<\/p>\n<ul>\n<li>Fonte:<a href=\"https:\/\/www.lne.es\/asturias\/2024\/12\/26\/amenaza-asturias-tenido-blindar-gochu-112915739.html?fbclid=IwZXh0bgNhZW0CMTEAAR145SJsJHKOu3czMZYPiuxHcv8EjPsd-wWHmwxeUJ0QE4PAuBMYv5zMY9M_aem_7PxjSwXTeru3C5bVTOW2ug\"> LNE<\/a> \/<a href=\"https:\/\/scontent-mad1-1.xx.fbcdn.net\/v\/t39.30808-6\/471249022_10233784693894705_2403252754467679776_n.jpg?_nc_cat=106&amp;ccb=1-7&amp;_nc_sid=127cfc&amp;_nc_ohc=g0Px39ktxtEQ7kNvgEZ0xbe&amp;_nc_oc=AdhsFRUsrvXm-SZtiO-DsKbHc8DUgTXCpjAzpN6JV-GbcbUoRjwPPVMUThXLD5IBbJ0&amp;_nc_zt=23&amp;_nc_ht=scontent-mad1-1.xx&amp;_nc_gid=ARE8LdufqXkDCQOcmLNYwy4&amp;oh=00_AYAGDoU9DO-Lu8i4x45Ito4lain4tXbOdytoN4BbNkh2kQ&amp;oe=677494D8\"><strong>art\u00edculu<\/strong><\/a> \/ <a href=\"https:\/\/www.gochuasturcelta.org\">https:\/\/www.gochuasturcelta.org<\/a> \/<\/li>\n<\/ul>\n<p><strong>Asturies blinda&#8217;l so gochu asturcelta y ta dispuesta a recuperar una raza qu&#8217;a lo llargo del sieglu XX foi en cayente.<\/strong> Nos \u00faltimos a\u00f1os, sicas\u00ed, invirti\u00f3se l&#8217;encl\u00edn y son dellos los que s&#8217;animen a criar esti gochu t\u00edpicu de la rex\u00f3n.<\/p>\n<p><!--more--><\/p>\n<p>La Conseyer\u00eda de Mediu Rural tien un nuevu plan de cr\u00eda ellabor\u00e1u en xunto cola <a href=\"https:\/\/www.gochuasturcelta.org\"><span style=\"color: #008080\"><strong>Asociaci\u00f3n de Criadores de Gochu Asturcelta (ACGA)<\/strong><\/span><\/a>, col que busquen caltener la variabilid\u00e1 xen\u00e9tica y aumentar el n\u00famberu de reproductores de raza pura. El Gobiernu cunta con una ll\u00ednea de sofitu a criadores dotada con 43.588 euros, a la que se sumen les ayudes de la PAC, de la cual la m\u00e1s importante ta destinada a les races aut\u00f3ctones amenaciaes. Seg\u00fan l&#8217;\u00faltimu censu,<strong> hai 26 ganader\u00edes dedicaes a la producci\u00f3n de gochu.<\/strong><\/p>\n<p style=\"text-align: center\">\n<!-- iframe plugin v.6.0 wordpress.org\/plugins\/iframe\/ -->\n<iframe loading=\"lazy\" src=\"https:\/\/www.facebook.com\/plugins\/post.php?href=https%3A%2F%2Fwww.facebook.com%2Festher.garcialopez.319%2Fposts%2Fpfbid0Rv1Ktd4rbB5oMsL8hh5ZjqmfMFk8JEJdksXCmbcj1UB4xjLhoQCRTZNs7BFDhmNrl&#038;show_text=false&#038;width=500\" width=\"500\" height=\"498\" style=\"border:none;overflow:hidden\" scrolling=\"no\" frameborder=\"0\" allowfullscreen=\"true\" allow=\"autoplay; clipboard-write; encrypted-media; picture-in-picture; web-share\" 0=\"\/iframe\" class=\"iframe-class\"><\/iframe>\n<\/p>\n<p style=\"text-align: center\">\n<!-- iframe plugin v.6.0 wordpress.org\/plugins\/iframe\/ -->\n<iframe loading=\"lazy\" width=\"100%\" height=\"372\" src=\"https:\/\/www.youtube.com\/embed\/oYcMKWfDMyo\" title=\"\u00bfConoces al Gochu Asturcelta?\" frameborder=\"0\" allow=\"accelerometer; autoplay; clipboard-write; encrypted-media; gyroscope; picture-in-picture; web-share\" referrerpolicy=\"strict-origin-when-cross-origin\" 0=\"allowfullscreen\" 1=\"\/iframe\" scrolling=\"yes\" class=\"iframe-class\"><\/iframe>\n<\/p>\n","protected":false},"excerpt":{"rendered":"<p>Mois\u00e9s Noval, presidente de l&#8217;asociaci\u00f3n, aplaude la nueva normativa, qu&#8217;ampl\u00eda les posibilidaes del llendo al facilitar l&#8217;accesu a finques en desusu. Fonte: LNE \/art\u00edculu \/ https:\/\/www.gochuasturcelta.org \/ Asturies blinda&#8217;l so gochu asturcelta y ta dispuesta a recuperar una raza qu&#8217;a lo llargo del sieglu XX foi en cayente. Nos \u00faltimos a\u00f1os, sicas\u00ed, invirti\u00f3se l&#8217;encl\u00edn y [&hellip;]<\/p>\n","protected":false},"author":117,"featured_media":0,"comment_status":"open","ping_status":"open","sticky":false,"template":"","format":"standard","meta":{"footnotes":""},"categories":[302],"tags":[],"class_list":["post-38818","post","type-post","status-publish","format-standard","hentry","category-races-autoctones"],"_links":{"self":[{"href":"https:\/\/edublog.educastur.es\/ixuxu\/wp-json\/wp\/v2\/posts\/38818","targetHints":{"allow":["GET"]}}],"collection":[{"href":"https:\/\/edublog.educastur.es\/ixuxu\/wp-json\/wp\/v2\/posts"}],"about":[{"href":"https:\/\/edublog.educastur.es\/ixuxu\/wp-json\/wp\/v2\/types\/post"}],"author":[{"embeddable":true,"href":"https:\/\/edublog.educastur.es\/ixuxu\/wp-json\/wp\/v2\/users\/117"}],"replies":[{"embeddable":true,"href":"https:\/\/edublog.educastur.es\/ixuxu\/wp-json\/wp\/v2\/comments?post=38818"}],"version-history":[{"count":5,"href":"https:\/\/edublog.educastur.es\/ixuxu\/wp-json\/wp\/v2\/posts\/38818\/revisions"}],"predecessor-version":[{"id":38823,"href":"https:\/\/edublog.educastur.es\/ixuxu\/wp-json\/wp\/v2\/posts\/38818\/revisions\/38823"}],"wp:attachment":[{"href":"https:\/\/edublog.educastur.es\/ixuxu\/wp-json\/wp\/v2\/media?parent=38818"}],"wp:term":[{"taxonomy":"category","embeddable":true,"href":"https:\/\/edublog.educastur.es\/ixuxu\/wp-json\/wp\/v2\/categories?post=38818"},{"taxonomy":"post_tag","embeddable":true,"href":"https:\/\/edublog.educastur.es\/ixuxu\/wp-json\/wp\/v2\/tags?post=38818"}],"curies":[{"name":"wp","href":"https:\/\/api.w.org\/{rel}","templated":true}]}}