{"id":38826,"date":"2024-12-27T16:54:17","date_gmt":"2024-12-27T14:54:17","guid":{"rendered":"https:\/\/edublog.educastur.es\/ixuxu\/?p=38826"},"modified":"2024-12-27T16:54:58","modified_gmt":"2024-12-27T14:54:58","slug":"pa-reflexonar-4","status":"publish","type":"post","link":"https:\/\/edublog.educastur.es\/ixuxu\/2024\/12\/pa-reflexonar-4\/","title":{"rendered":"Pa reflexonar&#8230;"},"content":{"rendered":"<p style=\"text-align: center\"><span style=\"font-size: 24px;color: #008080\"><em>Dexa que les coses ru\u00e9mpanse<br \/>\nque les persones v\u00e1iganse, <\/em><\/span><br \/>\n<span style=\"font-size: 24px;color: #008080\"><em>nun caltengas al to llau<br \/>\nxente que nun apurre nada, <\/em><\/span><br \/>\n<span style=\"font-size: 24px;color: #008080\"><em>que te fallen cuando m\u00e1s les precises,<\/em><\/span><br \/>\n<span style=\"font-size: 24px;color: #008080\"><em> que falen mal de ti a los tos llombos, <\/em><\/span><br \/>\n<span style=\"font-size: 24px;color: #008080\"><em>que nun s&#8217;allegra de los tos trunfos,<\/em><\/span><br \/>\n<span style=\"font-size: 24px;color: #008080\"><em> que son incapaces de compartir les tos allegr\u00edes, <\/em><\/span><br \/>\n<span style=\"font-size: 20px;color: #008080\"><span style=\"font-size: 24px\"><em>ruempe los venceyos.<\/em><\/span><strong><em><br \/>\n<\/em><\/strong><\/span><br \/>\n<span style=\"font-size: 24px;color: #008080\"><strong><em>Vuela, se llibre y que pase<br \/>\nlo que tenga que pasar.<\/em><\/strong><\/span><\/p>\n<p style=\"text-align: center\">\n<!-- iframe plugin v.6.0 wordpress.org\/plugins\/iframe\/ -->\n<iframe loading=\"lazy\" src=\"https:\/\/www.facebook.com\/plugins\/post.php?href=https%3A%2F%2Fwww.facebook.com%2Falcaerlsol%2Fposts%2Fpfbid02RtUb4ZbrAJkEewYtjMD83147uuqyEPhG5Xeq6RVTupKxukAohREhCE71BKatcefnl&#038;show_text=false&#038;width=500\" width=\"500\" height=\"497\" style=\"border:none;overflow:hidden\" scrolling=\"no\" frameborder=\"0\" allowfullscreen=\"true\" allow=\"autoplay; clipboard-write; encrypted-media; picture-in-picture; web-share\" 0=\"\/iframe\" class=\"iframe-class\"><\/iframe>\n<\/p>\n","protected":false},"excerpt":{"rendered":"<p>Dexa que les coses ru\u00e9mpanse que les persones v\u00e1iganse, nun caltengas al to llau xente que nun apurre nada, que te fallen cuando m\u00e1s les precises, que falen mal de ti a los tos llombos, que nun s&#8217;allegra de los tos trunfos, que son incapaces de compartir les tos allegr\u00edes, ruempe los venceyos. Vuela, se [&hellip;]<\/p>\n","protected":false},"author":117,"featured_media":0,"comment_status":"open","ping_status":"open","sticky":false,"template":"","format":"standard","meta":{"footnotes":""},"categories":[295],"tags":[],"class_list":["post-38826","post","type-post","status-publish","format-standard","hentry","category-pa-reflexonar"],"_links":{"self":[{"href":"https:\/\/edublog.educastur.es\/ixuxu\/wp-json\/wp\/v2\/posts\/38826","targetHints":{"allow":["GET"]}}],"collection":[{"href":"https:\/\/edublog.educastur.es\/ixuxu\/wp-json\/wp\/v2\/posts"}],"about":[{"href":"https:\/\/edublog.educastur.es\/ixuxu\/wp-json\/wp\/v2\/types\/post"}],"author":[{"embeddable":true,"href":"https:\/\/edublog.educastur.es\/ixuxu\/wp-json\/wp\/v2\/users\/117"}],"replies":[{"embeddable":true,"href":"https:\/\/edublog.educastur.es\/ixuxu\/wp-json\/wp\/v2\/comments?post=38826"}],"version-history":[{"count":2,"href":"https:\/\/edublog.educastur.es\/ixuxu\/wp-json\/wp\/v2\/posts\/38826\/revisions"}],"predecessor-version":[{"id":38828,"href":"https:\/\/edublog.educastur.es\/ixuxu\/wp-json\/wp\/v2\/posts\/38826\/revisions\/38828"}],"wp:attachment":[{"href":"https:\/\/edublog.educastur.es\/ixuxu\/wp-json\/wp\/v2\/media?parent=38826"}],"wp:term":[{"taxonomy":"category","embeddable":true,"href":"https:\/\/edublog.educastur.es\/ixuxu\/wp-json\/wp\/v2\/categories?post=38826"},{"taxonomy":"post_tag","embeddable":true,"href":"https:\/\/edublog.educastur.es\/ixuxu\/wp-json\/wp\/v2\/tags?post=38826"}],"curies":[{"name":"wp","href":"https:\/\/api.w.org\/{rel}","templated":true}]}}