{"id":38836,"date":"2024-12-26T10:00:20","date_gmt":"2024-12-26T08:00:20","guid":{"rendered":"https:\/\/edublog.educastur.es\/ixuxu\/?p=38836"},"modified":"2024-12-27T17:36:50","modified_gmt":"2024-12-27T15:36:50","slug":"raitan","status":"publish","type":"post","link":"https:\/\/edublog.educastur.es\/ixuxu\/2024\/12\/raitan\/","title":{"rendered":"\u00abRait\u00e1n\u00bb"},"content":{"rendered":"<div class=\"html-div xdj266r x11i5rnm xat24cr x1mh8g0r xexx8yu x4uap5 x18d9i69 xkhd6sd\">\n<div class=\"html-div xdj266r x11i5rnm x1mh8g0r x18d9i69 x1cy8zhl x78zum5 x1q0g3np xod5an3 xz9dl7a x1ye3gou xn6708d\">\n<div class=\"html-div xdj266r x11i5rnm xat24cr x1mh8g0r xexx8yu x4uap5 x18d9i69 xkhd6sd x1iyjqo2\">\n<div class=\"x78zum5 xdt5ytf xz62fqu x16ldp7u\">\n<div class=\"xu06os2 x1ok221b\">\n<div class=\"html-div xdj266r x11i5rnm xat24cr x1mh8g0r xexx8yu x4uap5 x18d9i69 xkhd6sd\" data-ad-rendering-role=\"profile_name\">\n<ul>\n<li id=\":r57c:\" class=\"html-h2 x11i5rnm xat24cr x1mh8g0r xexx8yu x4uap5 x18d9i69 xkhd6sd x1vvkbs x1heor9g x1qlqyl8 x1pd3egz x1a2a7pz x1gslohp x1yc453h\"><span class=\"xt0psk2\"><a class=\"x1i10hfl xjbqb8w x1ejq31n xd10rxx x1sy0etr x17r0tee x972fbf xcfux6l x1qhh985 xm0m39n x9f619 x1ypdohk xt0psk2 xe8uvvx xdj266r x11i5rnm xat24cr x1mh8g0r xexx8yu x4uap5 x18d9i69 xkhd6sd x16tdsg8 x1hl2dhg xggy1nq x1a2a7pz x1sur9pj xkrqix3 xzsf02u x1s688f\" role=\"link\" href=\"https:\/\/www.facebook.com\/profile.php?id=100005574348298&amp;__cft__[0]=AZUnrV2wB4_7g9ER8orFY507UV-BSGx5wyn31Fxi2mm4Fl0A7biIVj95hJqMYYyTFBlNUZ0d9l5GrGbMMHh-49ZzDm-cX32VsNdTnayFn-MIDWIsImQpvAVV82MTuHBiE6G5conx3-ptu_7mWR2OvvXC03OzTlyexWL-1XzyJctbgw&amp;__tn__=-UC%2CP-R\"><strong class=\"html-strong xdj266r x11i5rnm xat24cr x1mh8g0r xexx8yu x4uap5 x18d9i69 xkhd6sd x1hl2dhg x16tdsg8 x1vvkbs x1s688f\"><span class=\"html-span xdj266r x11i5rnm xat24cr x1mh8g0r xexx8yu x4uap5 x18d9i69 xkhd6sd x1hl2dhg x16tdsg8 x1vvkbs\">Claudia Elena Men\u00e9ndez Fern\u00e1ndez<\/span><\/strong><\/a><\/span><\/li>\n<\/ul>\n<\/div>\n<\/div>\n<div class=\"xu06os2 x1ok221b\"><\/div>\n<\/div>\n<\/div>\n<\/div>\n<\/div>\n<div class=\"html-div xdj266r x11i5rnm xat24cr x1mh8g0r xexx8yu x4uap5 x18d9i69 xkhd6sd\">\n<div class=\"html-div xdj266r x11i5rnm xat24cr x1mh8g0r xexx8yu x4uap5 x18d9i69 xkhd6sd\" dir=\"auto\">\n<div class=\"html-div xdj266r x11i5rnm xat24cr x1mh8g0r xexx8yu x4uap5 x18d9i69 xkhd6sd\" data-ad-rendering-role=\"story_message\">\n<div id=\":r57e:\" class=\"x1l90r2v x1iorvi4 x1ye3gou xn6708d\" data-ad-comet-preview=\"message\" data-ad-preview=\"message\">\n<div class=\"x78zum5 xdt5ytf xz62fqu x16ldp7u\">\n<div class=\"xu06os2 x1ok221b\">\n<div dir=\"auto\" style=\"text-align: center\"><a href=\"https:\/\/blogger.googleusercontent.com\/img\/b\/R29vZ2xl\/AVvXsEh3NEsZDoGYv6gX_gija71JG1DlvSqPJnqFSQ5ybeyFYoOq6y0SijUNDgMc9MvXkkhteM6q0D1fKdevURMPdAP5Mvra8N1-7UTFgbCyh80tLpdvMF9SGbQ91ooIHWIGZymGgFmKGbKhMyv0\/s640\/petirrojo.jpg\"><img loading=\"lazy\" decoding=\"async\" class=\"aligncenter size-large\" src=\"https:\/\/blogger.googleusercontent.com\/img\/b\/R29vZ2xl\/AVvXsEh3NEsZDoGYv6gX_gija71JG1DlvSqPJnqFSQ5ybeyFYoOq6y0SijUNDgMc9MvXkkhteM6q0D1fKdevURMPdAP5Mvra8N1-7UTFgbCyh80tLpdvMF9SGbQ91ooIHWIGZymGgFmKGbKhMyv0\/s640\/petirrojo.jpg\" width=\"400\" height=\"300\" \/><\/a><\/div>\n<div dir=\"auto\"><\/div>\n<div class=\"x11i5rnm xat24cr x1mh8g0r x1vvkbs xtlvy1s x126k92a\">\n<ul>\n<li dir=\"auto\"><strong><span style=\"color: #008080\">RAIT\u00c1N s.m.: <\/span><\/strong><em><span style=\"color: #008080\">&#8216;P\u00e1xaru peque\u00f1u de la familia Erithacus rubecula, de color amarronao con una franxa colorada en pechu y que canta perbi\u00e9n&#8217;.<\/span><\/em><\/li>\n<\/ul>\n<div dir=\"auto\"><!--more--><\/div>\n<\/div>\n<div class=\"x11i5rnm xat24cr x1mh8g0r x1vvkbs xtlvy1s x126k92a\">\n<div dir=\"auto\"><\/div>\n<ul>\n<li dir=\"auto\"><em><span style=\"color: #008080\">Nun hai muncha seguranza sobre l&#8217;orixe d&#8217;esta voz, anque la hip\u00f3tesis m\u00e1s plausible ye la que suxer una formaci\u00f3n a partir del participu del verbu llatinu RUBERE &#8216;ser, tar color\u00e1u, vermeyu&#8217;, cola amestadura del sufixu -ANU: RUBITANU. <\/span><\/em><\/li>\n<li dir=\"auto\"><em><span style=\"color: #008080\">La p\u00e9rdida de -B- y l&#8217;armonizaci\u00f3n voc\u00e1lica ruit\u00e1n &gt; \u00abrait\u00e1n\u00bb son f\u00e1cilmente xustificables, pero non asina la non sonorizaci\u00f3n de -T- (\u00bfposible xeminaci\u00f3n espresiva llatinovulgar TT?).<\/span><\/em><\/li>\n<li dir=\"auto\"><em><span style=\"color: #008080\">L&#8217;alusi\u00f3n al color vermeyu (o \u00abrubiu\u00bb) del p\u00e1xaru v\u00e9mosla n&#8217;otres voces que lu designen n&#8217;asturianu, como \u00abpapurrubiu\u00bb, o n&#8217;otres lling\u00fces romances (cfr. gallegu \u00abpaporrubio\u00bb castell\u00e1n \u00abpetirrojo\u00bb, catal\u00e1n \u00abpit-roig\u00bb, aragon\u00e9s \u00abpapirroyo\u00bb, italianu \u00abpettirosso\u00bb, etc.).<\/span><\/em><\/li>\n<\/ul>\n<\/div>\n<\/div>\n<\/div>\n<\/div>\n<\/div>\n<\/div>\n<\/div>\n<p>&nbsp;<\/p>\n","protected":false},"excerpt":{"rendered":"<p>Claudia Elena Men\u00e9ndez Fern\u00e1ndez RAIT\u00c1N s.m.: &#8216;P\u00e1xaru peque\u00f1u de la familia Erithacus rubecula, de color amarronao con una franxa colorada en pechu y que canta perbi\u00e9n&#8217;.<\/p>\n","protected":false},"author":117,"featured_media":0,"comment_status":"open","ping_status":"open","sticky":false,"template":"","format":"standard","meta":{"footnotes":""},"categories":[407],"tags":[],"class_list":["post-38836","post","type-post","status-publish","format-standard","hentry","category-calendariu-davientu-detimoloxies"],"_links":{"self":[{"href":"https:\/\/edublog.educastur.es\/ixuxu\/wp-json\/wp\/v2\/posts\/38836","targetHints":{"allow":["GET"]}}],"collection":[{"href":"https:\/\/edublog.educastur.es\/ixuxu\/wp-json\/wp\/v2\/posts"}],"about":[{"href":"https:\/\/edublog.educastur.es\/ixuxu\/wp-json\/wp\/v2\/types\/post"}],"author":[{"embeddable":true,"href":"https:\/\/edublog.educastur.es\/ixuxu\/wp-json\/wp\/v2\/users\/117"}],"replies":[{"embeddable":true,"href":"https:\/\/edublog.educastur.es\/ixuxu\/wp-json\/wp\/v2\/comments?post=38836"}],"version-history":[{"count":2,"href":"https:\/\/edublog.educastur.es\/ixuxu\/wp-json\/wp\/v2\/posts\/38836\/revisions"}],"predecessor-version":[{"id":38843,"href":"https:\/\/edublog.educastur.es\/ixuxu\/wp-json\/wp\/v2\/posts\/38836\/revisions\/38843"}],"wp:attachment":[{"href":"https:\/\/edublog.educastur.es\/ixuxu\/wp-json\/wp\/v2\/media?parent=38836"}],"wp:term":[{"taxonomy":"category","embeddable":true,"href":"https:\/\/edublog.educastur.es\/ixuxu\/wp-json\/wp\/v2\/categories?post=38836"},{"taxonomy":"post_tag","embeddable":true,"href":"https:\/\/edublog.educastur.es\/ixuxu\/wp-json\/wp\/v2\/tags?post=38836"}],"curies":[{"name":"wp","href":"https:\/\/api.w.org\/{rel}","templated":true}]}}