{"id":3886,"date":"2021-02-19T11:22:36","date_gmt":"2021-02-19T09:22:36","guid":{"rendered":"https:\/\/edublog.educastur.es\/ixuxu\/?p=3886"},"modified":"2021-02-21T12:13:23","modified_gmt":"2021-02-21T10:13:23","slug":"la-rotura-del-campu-magnetico-de-la-tierra-pudo-causar-la-estincion-de-los-neandertales-segun-estudiu","status":"publish","type":"post","link":"https:\/\/edublog.educastur.es\/ixuxu\/2021\/02\/la-rotura-del-campu-magnetico-de-la-tierra-pudo-causar-la-estincion-de-los-neandertales-segun-estudiu\/","title":{"rendered":"La rotura del campu magn\u00e9tico de la Tierra pudo causar la estinci\u00f3n de los neandertales"},"content":{"rendered":"<div class=\"cnnvideo responsive fave-wrapper\" data-actual-vid-height=\"\" data-detectedheight=\"440\" data-detectedwidth=\"754\" data-heightratio=\"0.6343\">\n<div id=\"fave-video1\" class=\"first\">\n<div id=\"player-fave-video1\" class=\"theoplayer-container theoplayer-skin fave-no-mobile\">\n<div id=\"fave-ad-player-1\" class=\"fave-ad-player\"><\/div>\n<div id=\"player-fave-video1-pui-wrapper\" class=\"pui-wrapper\">\n<div class=\"sc-gzVnrw pui sc-kkGfuU IAmeA\">\n<div class=\"sc-gzVnrw pui_unplayed-slate sc-hSdWYo gSsvCz\" title=\"Play\"><a href=\"https:\/\/estaticos-cdn.prensaiberica.es\/clip\/7b5d6f2f-f507-4fae-ad1c-a644a3efb7c8_16-9-discover-aspect-ratio_default_0.jpg\"><img loading=\"lazy\" decoding=\"async\" class=\"alignnone\" src=\"https:\/\/estaticos-cdn.prensaiberica.es\/clip\/7b5d6f2f-f507-4fae-ad1c-a644a3efb7c8_16-9-discover-aspect-ratio_default_0.jpg\" alt=\"\" width=\"1200\" height=\"675\" \/><\/a><\/div>\n<div title=\"Play\">\n<p style=\"text-align: center\"><em>Imaxe de la Tierra vista dende l&#8217;espaciu Shutterstock<\/em><\/p>\n<\/div>\n<\/div>\n<\/div>\n<\/div>\n<\/div>\n<\/div>\n<p>La hestoria de la Tierra sufri\u00f3 un puntu d&#8217;inflex\u00f3n fai 42.000 a\u00f1os, cuando una inversi\u00f3n de los polos magn\u00e9ticos produci\u00f3 una rotura temporal de campu magn\u00e9tico, <strong>lo que provoc\u00f3 importantes cambeos ambientales globales y estinciones masives,<\/strong> seg\u00fan un estudiu que publica &#8216;Science&#8217;.<\/p>\n<p>La investigaci\u00f3n de la Universid\u00e1 australiana de Nueva Gales del Sur (NSSW) y el Mus\u00e9u d&#8217;Australia Meridional se\u00f1ala qu&#8217;<strong>aquel eventu foi provoc\u00e1u pola inversi\u00f3n de los polos magn\u00e9ticos de la Tierra combinada col camb\u00e9u de los vientos solares, lo que produci\u00f3 nubes el\u00e9ctriques, aurores xeneralizaes y radiaci\u00f3n c\u00f3smico.<\/strong><\/p>\n<ul>\n<li><a href=\"https:\/\/www.lne.es\/sociedad\/2021\/02\/21\/inversion-magnetica-causo-grandes-extinciones-35216920.html\">Fonte: LNE<\/a><\/li>\n<\/ul>\n<p><!--more--><\/p>\n<p>A los primeros seres humanos que tuvieron que vivir aquel momentu debi\u00f3-yos de paecer el fin de los d\u00edes\u00bb, consider\u00f3 unu de los autores, Alan Cooper del Mus\u00e9u d&#8217;Australia Meridional. Los investigadores, que bautizaron esti periodu como <a href=\"https:\/\/www.lavanguardia.com\/natural\/20210220\/6256760\/polos-magneticos-cambios-climaticos-evento-42-000-anos.html\"><strong>Eventu Adams<\/strong><\/a>, suxuren que podr\u00eda esplicar misterios evolutivos, <strong>como la estinci\u00f3n de los neandertales o la repentina apaici\u00f3n xeneralizada d&#8217;arte figurativo en cueves de too el mundu<\/strong>, al tener que buscar mas abelugu.<\/p>\n<p>Anque los cient\u00edficos y\u00e1 sab\u00eden que los polos magn\u00e9ticos camudaron temporalmente fai unos 41-42.000 a\u00f1os (lo que se conoz como Eventu de Laschamps), nun conoc\u00eden esactamente si afect\u00f3 a la vida na Tierra y c\u00f3mo lo fixo. Per primer vegada, pudieron datar \u00abcon precisi\u00f3n el momentu y los impactos ambientales del \u00faltimu camb\u00e9u de polos magn\u00e9ticos\u00bb.<\/p>\n<p>Los antiguos \u00e1rboles kauri de Nueva Zelanda, que se caltuvieron en sedimentos mientres m\u00e1s de 40.000 a\u00f1os dieron les pistes al equipu, pos analizando los sos an\u00edos, pudieron midir y datar el picu de los niveles de radiocarbono atmosf\u00e9ricu caus\u00e1u pol colapsu del campu magn\u00e9tico y crearon una escala de tiempu detallada de c\u00f3mo camud\u00f3 l&#8217;atm\u00f3sfera. <em>\u00abLos \u00e1rboleskauri son como la Piedra Rosetta, que nos ayuden a rellacionar los rexistros del camb\u00e9u medioambiental en cueves, n\u00facleos de xelu y turberas de too el mundu\u00bb<\/em>, esplic\u00f3&#8217;l profesor Alan Cooper, del Mus\u00e9u d&#8217;Australia Meridional.<\/p>\n<p>Los investigadores compararon esa escala de tiempu con rexistros de llugares de too el Pac\u00edficu y ellaboraron modelos clim\u00e1ticos globales para afayar que la crecedera de les capes de xelu y los glaciares d&#8217;Am\u00e9rica del Norte y los grandes cambeos nes principales petrines de vientu y sistemes de nubes tropicales pod\u00eden remontase al Eventu Adams. Una de les sos primeres pistes foi que <strong>la megafauna d&#8217;Australia continental y Tasmania sufri\u00f3 una estinci\u00f3n simult\u00e1nea fai 42.000 a\u00f1os.<\/strong><\/p>\n<p>El polu norte magn\u00e9ticu -esto ye, la direcci\u00f3n a la qu&#8217;apunta l&#8217;aguya d&#8217;una br\u00faxula- nun tien unu allugamientu fixu. Suel bazcuyar barganal del Polu Norte (el puntu m\u00e1s septentrional de la exa de la Tierra) a lo llargo del tiempu por cuenta de los movimientos din\u00e1micos dientro del n\u00facleu de la Tierra, al igual que&#8217;l polu sur magn\u00e9ticu. Dacuando, por razones que nun t\u00e1n clares, los movimientos de los polos magn\u00e9ticos pueden ser m\u00e1s dr\u00e1sticos. Fai unos 41.000-42.000 a\u00f1os camudaron dafechu de llugar.<\/p>\n<ul>\n<li><a href=\"https:\/\/www.lavanguardia.com\/natural\/20210220\/6256760\/polos-magneticos-cambios-climaticos-evento-42-000-anos.html\">Fonte: La Vanguardia<\/a><\/li>\n<\/ul>\n<hr \/>\n<p>Un nuevu estudiu realiz\u00e1u por cient\u00edficos de la Universid\u00e1 de Nueva Gales del Sur n&#8217;Australia revel\u00f3 que la Tierra sufri\u00f3 una rotura del so campu magn\u00e9tico causada pola inversi\u00f3n temporal de los polos magn\u00e9ticos fai 42.000 a\u00f1os. La rotura provoc\u00f3 \u2014ente otres cuesas\u2014 nubes solares y dr\u00e1sticos cambeos nel medioambiente qu&#8217;acabaron colos ancestros neandertales.<\/p>\n<p><a href=\"https:\/\/cnnespanol.cnn.com\/video\/estudio-revista-science-planeta-tierra-ruptura-campo-magnetico-polos-cambios-medioambiente-ancestros-neandertales-requena-panorama-cnne\/?fbclid=IwAR3ckgHzAkxe0HNllLdXxjnaX9gljuInHrgit4OMFSBEL9fDzbE2Oklb_ww\">Por Mar\u00eda Alejandra Requena, CNN\u00a0<\/a><\/p>\n<p>&nbsp;<\/p>\n","protected":false},"excerpt":{"rendered":"<p>Imaxe de la Tierra vista dende l&#8217;espaciu Shutterstock La hestoria de la Tierra sufri\u00f3 un puntu d&#8217;inflex\u00f3n fai 42.000 a\u00f1os, cuando una inversi\u00f3n de los polos magn\u00e9ticos produci\u00f3 una rotura temporal de campu magn\u00e9tico, lo que provoc\u00f3 importantes cambeos ambientales globales y estinciones masives, seg\u00fan un estudiu que publica &#8216;Science&#8217;. La investigaci\u00f3n de la Universid\u00e1 [&hellip;]<\/p>\n","protected":false},"author":117,"featured_media":0,"comment_status":"open","ping_status":"open","sticky":false,"template":"","format":"standard","meta":{"footnotes":""},"categories":[4],"tags":[],"class_list":["post-3886","post","type-post","status-publish","format-standard","hentry","category-natura"],"_links":{"self":[{"href":"https:\/\/edublog.educastur.es\/ixuxu\/wp-json\/wp\/v2\/posts\/3886","targetHints":{"allow":["GET"]}}],"collection":[{"href":"https:\/\/edublog.educastur.es\/ixuxu\/wp-json\/wp\/v2\/posts"}],"about":[{"href":"https:\/\/edublog.educastur.es\/ixuxu\/wp-json\/wp\/v2\/types\/post"}],"author":[{"embeddable":true,"href":"https:\/\/edublog.educastur.es\/ixuxu\/wp-json\/wp\/v2\/users\/117"}],"replies":[{"embeddable":true,"href":"https:\/\/edublog.educastur.es\/ixuxu\/wp-json\/wp\/v2\/comments?post=3886"}],"version-history":[{"count":5,"href":"https:\/\/edublog.educastur.es\/ixuxu\/wp-json\/wp\/v2\/posts\/3886\/revisions"}],"predecessor-version":[{"id":3890,"href":"https:\/\/edublog.educastur.es\/ixuxu\/wp-json\/wp\/v2\/posts\/3886\/revisions\/3890"}],"wp:attachment":[{"href":"https:\/\/edublog.educastur.es\/ixuxu\/wp-json\/wp\/v2\/media?parent=3886"}],"wp:term":[{"taxonomy":"category","embeddable":true,"href":"https:\/\/edublog.educastur.es\/ixuxu\/wp-json\/wp\/v2\/categories?post=3886"},{"taxonomy":"post_tag","embeddable":true,"href":"https:\/\/edublog.educastur.es\/ixuxu\/wp-json\/wp\/v2\/tags?post=3886"}],"curies":[{"name":"wp","href":"https:\/\/api.w.org\/{rel}","templated":true}]}}