{"id":38876,"date":"2024-12-28T11:00:21","date_gmt":"2024-12-28T09:00:21","guid":{"rendered":"https:\/\/edublog.educastur.es\/ixuxu\/?p=38876"},"modified":"2024-12-28T12:39:17","modified_gmt":"2024-12-28T10:39:17","slug":"la-bidul-24-davientu-a-20-de-xineru","status":"publish","type":"post","link":"https:\/\/edublog.educastur.es\/ixuxu\/2024\/12\/la-bidul-24-davientu-a-20-de-xineru\/","title":{"rendered":"La BIDUL: 24 d\u2019avientu a 20 de xineru"},"content":{"rendered":"<ul>\n<li>Fonte: <a href=\"https:\/\/flordelagua1.wordpress.com\/2024\/12\/27\/la-bidul-24-davientu-20-de-xineru\/?fbclid=IwZXh0bgNhZW0CMTEAAR0mfC-1_mDW8jBRzIt3Um3k45uBKecRUDQjvdexlXhuWBrRTmKFG9_ILok_aem_Rqq6kxU32nNTcbLqMe35Ow\">Flor del Agua blogue<\/a> \/<a class=\"x1i10hfl xjbqb8w x1ejq31n xd10rxx x1sy0etr x17r0tee x972fbf xcfux6l x1qhh985 xm0m39n x9f619 x1ypdohk xt0psk2 xe8uvvx xdj266r x11i5rnm xat24cr x1mh8g0r xexx8yu x4uap5 x18d9i69 xkhd6sd x16tdsg8 x1hl2dhg xggy1nq x1a2a7pz x1sur9pj xkrqix3 xzsf02u x1s688f\" role=\"link\" href=\"https:\/\/www.facebook.com\/nur.ant.16?__cft__[0]=AZUZ9_-ZgAfRW9Doo6I6yi5EnHkReKOwEuDCWjVW8zi6cBNCUMcjAsxffFMCQGv32_DzF5Co7NxGzLAewJ1RoQYqRO_vzrNGfzWkppR9MCEarSWk1di0rDWWZRsm1G2V57S9Bnh_GPYdqsdwFqQslTlzpmv0M2dED3HbZZvg9tV18Pr9zEWaxaWibxrYJa2oI7g&amp;__tn__=-UC%2CP-y-R\"><strong class=\"html-strong xdj266r x11i5rnm xat24cr x1mh8g0r xexx8yu x4uap5 x18d9i69 xkhd6sd x1hl2dhg x16tdsg8 x1vvkbs x1s688f\"><span class=\"html-span xdj266r x11i5rnm xat24cr x1mh8g0r xexx8yu x4uap5 x18d9i69 xkhd6sd x1hl2dhg x16tdsg8 x1vvkbs\">Flor Del Agua<\/span><\/strong><\/a><\/li>\n<li>Ogham: BEITH \/ Piedra: cuarzo \/ Flor: catasol \/ Animal: ciervu blancu<\/li>\n<\/ul>\n<p style=\"text-align: center\"><a href=\"https:\/\/flordelagua1.wordpress.com\/wp-content\/uploads\/2024\/12\/pexels-ekarepanov-8830706.jpg?w=1024\"><img loading=\"lazy\" decoding=\"async\" class=\"aligncenter \" src=\"https:\/\/flordelagua1.wordpress.com\/wp-content\/uploads\/2024\/12\/pexels-ekarepanov-8830706.jpg?w=1024\" width=\"579\" height=\"410\" \/><\/a><\/p>\n<p><span style=\"color: #008080\"><strong>La bidul ye un \u00e1rbol nativu d\u2019Europa<\/strong> <\/span>y norte d\u2019Asia a la que nomaben \u201cSe\u00f1ora de les Biesques\u201d pola so guapura. <span style=\"color: #008080\"><strong>Los celtes usaben blimes de bidul pa allo\u00f1ar l\u2019esp\u00edritu del a\u00f1u vieyu<\/strong><\/span>. En dellos llugares d\u2019Europa, tami\u00e9n yeren emplegaes pa acibiellar a los reos. En marzu , los druides sangraben les bidules y recoy\u00eden la cazumbre o salvia, un s\u00edmbolu de lliberaci\u00f3n de l\u2019esp\u00edritu de l\u2019\u00e1rbol, y con ella fac\u00eden una b\u00e9bora. Representa l\u2019entamu porque les sos fueyes son les primeres en biltar tres de l\u2019hibiernu. Tami\u00e9n representa la renovaci\u00f3n, l\u2019aporte de la primavera, la moced\u00e1 y al dios Belenos.<\/p>\n<p><!--more--><\/p>\n<p>La pallabra\u00a0<em>bidul<\/em>\u00a0deriva del llat\u00edn\u00a0<em>betulla<\/em>. D\u2019alcuerdu con Ernout y Meillet, esti vocablu tien orixe galu y ta rellacionada con betumen, col significau de\u00a0<em>bet\u00fan<\/em>\u00a0o\u00a0<em>galipote<\/em>, porque na Galia, el\u00a0<em>bitumen<\/em>\u00a0proced\u00eda de la savia o resina de la bidul.<\/p>\n<p>&nbsp;<\/p>\n<p>Na farmacopea europea la bidul ye \u00fan de los \u00e1rboles de mayor emplegu poles sos variaes propiedaes. Contien aceites esenciales, flavonoides, taninos, vitamina C y, poro, usos antif\u00fanxicos, cicatrizantes, antis\u00e9pticos, analx\u00e9sicos y febr\u00edfugos.<\/p>\n<p style=\"text-align: center\"><a href=\"https:\/\/flordelagua1.wordpress.com\/wp-content\/uploads\/2024\/12\/beith.jpg\"><img loading=\"lazy\" decoding=\"async\" class=\"aligncenter \" src=\"https:\/\/flordelagua1.wordpress.com\/wp-content\/uploads\/2024\/12\/beith.jpg\" width=\"539\" height=\"359\" \/><\/a><\/p>\n<p><strong>Beth\/Beith<\/strong><\/p>\n<p>Beth ye la primera lletra de l\u2019alfabetu ogham. representa\u2019l renacimientu porque la bidul foi\u2019l primer \u00e1rbol que repobl\u00f3 Europa tres de la D\u00f3mina de Xelu. Tien una asociaci\u00f3n grande cola primavera y les fiestes de Beltaine. La madera de la que se fac\u00eden los mayos yera de bidul y tami\u00e9n la que s\u2019amburaba nes fiestes de Beltaine.<\/p>\n<p><strong>Cuarzu<\/strong><\/p>\n<p>Representa l\u2019equilibriu y la perfeci\u00f3n porque descomp\u00f3n la lluz y faila visible. Dec\u00edase qu\u2019absorbe les enerx\u00edes \u00f1egatives ya induz a paz mental y la serenid\u00e1. Los druides barruntaben que los fac\u00eda invisibles y con elli pod\u00eden viaxar a grandes distancies.<\/p>\n<p><strong>Catasol<\/strong><\/p>\n<p>Flor que simboliza la pureza, la inocencia y los nuevos entamos. Pa los celtes, cuando un \u00f1e\u00f1u morr\u00eda, los dioses espard\u00eden catasoles so la tumba. Tami\u00e9n us\u00e1benla los druides nes batalles pa sanar les fer\u00edes.<\/p>\n<p><strong>Ciervu Blancu<\/strong><\/p>\n<p>Pa los celtes ye\u2019l representante de la biesca porque la cuerna paez les rames de los \u00e1rboles; am\u00e1s m\u00fadenla na seronda y xorrez na primavera, como les fueyes de los \u00e1rboles. La cuerna yera un s\u00edmbolu de nobleza y maxest\u00e1 y\u2019l ciervu rellacion\u00e1base cola masculinid\u00e1 y la fertilid\u00e1. Esti animal yera\u2019l gu\u00eda de los viaxes espirituales na gueta de la sabidur\u00eda.<\/p>\n<p><strong>Personalid\u00e1 de les bidules<\/strong><\/p>\n<p>Pacientes, estrategues na consecuci\u00f3n d\u2019oxetivos, les bidules son xente na que confiar y que toma les responsabilidaes del llar mui seriamente, siendo los miembros con m\u00e1s \u00e9situ econ\u00f3micu de la familia. Son reservaos, preoc\u00fapense pola sal\u00fa y suelen ser simp\u00e1ticos anque tienden a la soled\u00e1 en cuanto a rellaciones personales.<\/p>\n<p>&nbsp;<\/p>\n<div id=\"jp-post-flair\" class=\"sharedaddy sd-like-enabled\">\n<div class=\"sharedaddy sd-sharing-enabled\">\n<div class=\"robots-nocontent sd-block sd-social sd-social-icon-text sd-sharing\">\n<h3 class=\"sd-title\">Share this:<\/h3>\n<\/div>\n<\/div>\n<\/div>\n","protected":false},"excerpt":{"rendered":"<p>Fonte: Flor del Agua blogue \/Flor Del Agua Ogham: BEITH \/ Piedra: cuarzo \/ Flor: catasol \/ Animal: ciervu blancu La bidul ye un \u00e1rbol nativu d\u2019Europa y norte d\u2019Asia a la que nomaben \u201cSe\u00f1ora de les Biesques\u201d pola so guapura. Los celtes usaben blimes de bidul pa allo\u00f1ar l\u2019esp\u00edritu del a\u00f1u vieyu. En dellos [&hellip;]<\/p>\n","protected":false},"author":117,"featured_media":0,"comment_status":"open","ping_status":"open","sticky":false,"template":"","format":"standard","meta":{"footnotes":""},"categories":[408],"tags":[],"class_list":["post-38876","post","type-post","status-publish","format-standard","hentry","category-calendariu-llunar-de-los-arboles"],"_links":{"self":[{"href":"https:\/\/edublog.educastur.es\/ixuxu\/wp-json\/wp\/v2\/posts\/38876","targetHints":{"allow":["GET"]}}],"collection":[{"href":"https:\/\/edublog.educastur.es\/ixuxu\/wp-json\/wp\/v2\/posts"}],"about":[{"href":"https:\/\/edublog.educastur.es\/ixuxu\/wp-json\/wp\/v2\/types\/post"}],"author":[{"embeddable":true,"href":"https:\/\/edublog.educastur.es\/ixuxu\/wp-json\/wp\/v2\/users\/117"}],"replies":[{"embeddable":true,"href":"https:\/\/edublog.educastur.es\/ixuxu\/wp-json\/wp\/v2\/comments?post=38876"}],"version-history":[{"count":4,"href":"https:\/\/edublog.educastur.es\/ixuxu\/wp-json\/wp\/v2\/posts\/38876\/revisions"}],"predecessor-version":[{"id":38880,"href":"https:\/\/edublog.educastur.es\/ixuxu\/wp-json\/wp\/v2\/posts\/38876\/revisions\/38880"}],"wp:attachment":[{"href":"https:\/\/edublog.educastur.es\/ixuxu\/wp-json\/wp\/v2\/media?parent=38876"}],"wp:term":[{"taxonomy":"category","embeddable":true,"href":"https:\/\/edublog.educastur.es\/ixuxu\/wp-json\/wp\/v2\/categories?post=38876"},{"taxonomy":"post_tag","embeddable":true,"href":"https:\/\/edublog.educastur.es\/ixuxu\/wp-json\/wp\/v2\/tags?post=38876"}],"curies":[{"name":"wp","href":"https:\/\/api.w.org\/{rel}","templated":true}]}}