{"id":38953,"date":"2024-12-28T20:13:36","date_gmt":"2024-12-28T18:13:36","guid":{"rendered":"https:\/\/edublog.educastur.es\/ixuxu\/?p=38953"},"modified":"2024-12-30T23:56:44","modified_gmt":"2024-12-30T21:56:44","slug":"rodrigo-cuevas-folixa-colectiva-en-casa","status":"publish","type":"post","link":"https:\/\/edublog.educastur.es\/ixuxu\/2024\/12\/rodrigo-cuevas-folixa-colectiva-en-casa\/","title":{"rendered":"\u00abRodrigo Cuevas, folixa colectiva en casa\u00bb"},"content":{"rendered":"<div class=\"v-a-info-c \">\n<ul>\n<li class=\"v-a-sub-t\">Semeyes: Pablo Nosti \/ Fonte: <a href=\"https:\/\/www.elcomercio.es\/culturas\/rodrigo-cuevas-folixa-colectiva-casa-20241228232516-nt.html\">El Comercio<\/a> \/<a href=\"https:\/\/www.elcomercio.es\/autor\/pablo-a-marin-estrada-4722.html\" data-mrf-link=\"https:\/\/www.elcomercio.es\/autor\/pablo-a-marin-estrada-4722.html\">Pablo A. Mar\u00edn Estrada<\/a><\/li>\n<\/ul>\n<p style=\"text-align: center\"><em>L&#8217;axitador asturianu y la so banda fixeron tremecer d&#8217;allegr\u00eda <\/em><br \/>\n<em>les tables del Campoamor qu&#8217;esta tarde repite con tou vend\u00edu.<\/em><\/p>\n<p style=\"text-align: center\">\n<!-- iframe plugin v.6.0 wordpress.org\/plugins\/iframe\/ -->\n<iframe loading=\"lazy\" src=\"https:\/\/www.instagram.com\/reel\/DELDqykN67Q\/embed\" width=\"400\" height=\"600\" 0=\"\/iframe\" scrolling=\"yes\" class=\"iframe-class\" frameborder=\"0\"><\/iframe>\n<\/p>\n<p>La Romer\u00eda&#8217; empez\u00f3 col artista travesando&#8217;l patiu de butaques para llegar al escenariu. Rodrigo Cuevas, l&#8217;axitador folkl\u00f3ricu m\u00e1s universal fixo ayeri tremecer les nobles tables del Teatru Campoamor cola fuerza imparable de la so &#8216;Romer\u00eda&#8217; nuna cita que g\u00fcei va repitir y que confirma, con tol papel vend\u00edu dende va meses, lo muncho que se-y quier na so ciud\u00e1 natal.<\/p>\n<p><!--more--><\/p>\n<p><a href=\"https:\/\/s1.ppllstatics.com\/elcomercio\/www\/multimedia\/2024\/12\/27\/101052907-k2XC--1200x840@El%20Comercio.jpg\"><img loading=\"lazy\" decoding=\"async\" class=\"aligncenter size-large\" src=\"https:\/\/s1.ppllstatics.com\/elcomercio\/www\/multimedia\/2024\/12\/27\/101052907-k2XC--1200x840@El%20Comercio.jpg\" width=\"1200\" height=\"840\" \/><\/a><\/p>\n<p style=\"text-align: center\"><em>Cueves, en madre\u00f1es y con gafes de sol, en plenu espect\u00e1culu col equipu de baille.<\/em><\/p>\n<p>Qu&#8217;el cantante correspuende por igual al p\u00fablicu uvie\u00edn con tol so coraz\u00f3n y el so arte, demostrolo mientres l&#8217;intensu espect\u00e1culu qu&#8217;ufiert\u00f3 arrop\u00e1u pel so solvente banda: los multinstrumentistas Mapi Quintana, Rub\u00e9n Bada, Juanjo D\u00edaz y Tinu Cuesta m\u00e1s el baille antroxador de Les Perfectes, cuatro talentos faciendo honor al so nome. Los otros integrantes de la folixa: el p\u00fablicu que se dex\u00f3 llevar nella dende la primer ocasi\u00f3n hasta la catarsis final.<\/p>\n<p>El divo entr\u00f3 en loor d&#8217;aplausos pol patiu de butaques a los sones de l&#8217;asturiana &#8216;Baxando yo pa l&#8217;aldega&#8217; y \u00abviendo tanta xente guapo\u00bb, a\u00f1edi\u00f3 abanicu en mano pa dir directu al temazu &#8216;M\u00e1s animal&#8217;. Coles palmes de la xente caldi\u00e1ndolo y los coros, \u00abvamos facer una romer\u00eda que se va a cagar la perra\u00bb, avis\u00f3 por si hab\u00eda duldes. Y collech\u00f3 otra ovaci\u00f3n al esclamar <em>\u00ab\u00a1Qu\u00e9 guay tocar en casa, cagonr\u00f3s!\u00bb<\/em>, con punzada: \u00abAnque igual nos hackeen los turcos\u00bb. Por suerte, nun hubo troleo y dir\u00eden sonando &#8216;All\u00e1 arribita&#8217; y una chorniza &#8216;Arbolea bien plantada&#8217; precedida d&#8217;estriptis. Tuvo un detallazu al salir a buscar a dos arrezagaos que quedaron fora pol atascu navidiegu: \u00abPonen tantes lluces que la xente p\u00e9gase como -yos polilles\u00bb. Y dio depu\u00e9s pasu de nuevu a la llocura con &#8216;Casares&#8217; y al tron\u00edo compart\u00edu con &#8216;El d\u00eda que nac\u00ed yo&#8217;, antes de convidar a baillar el super hit &#8216;C\u00f3mo ye&#8217; y a \u00abromper los meniscos\u00bb col Xiring\u00fcelu&#8217;.<\/p>\n<p>M\u00e1s xordia col potente &#8216;Veleno&#8217;. \u00abVa Haber que dir retirando\u00bb, apunt\u00f3 con poco convencimientu&#8217;l de Vegarrionda, qued\u00e1ndose desnudu a pechu llobu pa dar vuelu colos baillarinos a otru gran cantar, &#8216;Matinada&#8217;.<\/p>\n<p><em>\u00ab\u00a1Qu\u00e9 guay tocar en casa! Anque igual nos hackeen los turcos\u00bb<\/em>, bromi\u00f3 l&#8217;artista que foi ovacion\u00e1u en cada cantar<\/p>\n<p>\u00ab\u00bfQuer\u00e9is otra?\u00bb, pregunt\u00f3. A la respuesta masiva de \u00ab\u00a1Otres tr\u00e9s!\u00bb arrinc\u00f3 con &#8216;Rambal&#8217;, con tola so delicadeza a flor de piel y collechando una atronadora ovaci\u00f3n del teatru de pies. Ent\u00e1 hab\u00eda m\u00e1s. La mu\u00f1eira &#8216;Filla da bruxa&#8217; fixo tremecer de nuevu al Campoamor enteru. Y como brillosu colof\u00f3n desamarr\u00f3se la catarsis con &#8216;Romer\u00eda&#8217; y l&#8217;emocion\u00e1u \u00ab<em><strong>\u00a1Muches gracies Uvi\u00e9u!<\/strong><\/em>\u00bb del artista nel so mueyu. Na so casa. Pa dicir adi\u00f3s con guasa, salieron a baillar &#8216;La rapaza turca&#8217; n&#8217;alcordanza de los supuestos hackers.<\/p>\n<\/div>\n<p>&nbsp;<\/p>\n","protected":false},"excerpt":{"rendered":"<p>Semeyes: Pablo Nosti \/ Fonte: El Comercio \/Pablo A. Mar\u00edn Estrada L&#8217;axitador asturianu y la so banda fixeron tremecer d&#8217;allegr\u00eda les tables del Campoamor qu&#8217;esta tarde repite con tou vend\u00edu. La Romer\u00eda&#8217; empez\u00f3 col artista travesando&#8217;l patiu de butaques para llegar al escenariu. Rodrigo Cuevas, l&#8217;axitador folkl\u00f3ricu m\u00e1s universal fixo ayeri tremecer les nobles tables [&hellip;]<\/p>\n","protected":false},"author":117,"featured_media":0,"comment_status":"open","ping_status":"open","sticky":false,"template":"","format":"standard","meta":{"footnotes":""},"categories":[35],"tags":[],"class_list":["post-38953","post","type-post","status-publish","format-standard","hentry","category-musica"],"_links":{"self":[{"href":"https:\/\/edublog.educastur.es\/ixuxu\/wp-json\/wp\/v2\/posts\/38953","targetHints":{"allow":["GET"]}}],"collection":[{"href":"https:\/\/edublog.educastur.es\/ixuxu\/wp-json\/wp\/v2\/posts"}],"about":[{"href":"https:\/\/edublog.educastur.es\/ixuxu\/wp-json\/wp\/v2\/types\/post"}],"author":[{"embeddable":true,"href":"https:\/\/edublog.educastur.es\/ixuxu\/wp-json\/wp\/v2\/users\/117"}],"replies":[{"embeddable":true,"href":"https:\/\/edublog.educastur.es\/ixuxu\/wp-json\/wp\/v2\/comments?post=38953"}],"version-history":[{"count":6,"href":"https:\/\/edublog.educastur.es\/ixuxu\/wp-json\/wp\/v2\/posts\/38953\/revisions"}],"predecessor-version":[{"id":38957,"href":"https:\/\/edublog.educastur.es\/ixuxu\/wp-json\/wp\/v2\/posts\/38953\/revisions\/38957"}],"wp:attachment":[{"href":"https:\/\/edublog.educastur.es\/ixuxu\/wp-json\/wp\/v2\/media?parent=38953"}],"wp:term":[{"taxonomy":"category","embeddable":true,"href":"https:\/\/edublog.educastur.es\/ixuxu\/wp-json\/wp\/v2\/categories?post=38953"},{"taxonomy":"post_tag","embeddable":true,"href":"https:\/\/edublog.educastur.es\/ixuxu\/wp-json\/wp\/v2\/tags?post=38953"}],"curies":[{"name":"wp","href":"https:\/\/api.w.org\/{rel}","templated":true}]}}