{"id":38964,"date":"2024-12-29T08:29:41","date_gmt":"2024-12-29T06:29:41","guid":{"rendered":"https:\/\/edublog.educastur.es\/ixuxu\/?p=38964"},"modified":"2024-12-29T14:32:35","modified_gmt":"2024-12-29T12:32:35","slug":"38964","status":"publish","type":"post","link":"https:\/\/edublog.educastur.es\/ixuxu\/2024\/12\/38964\/","title":{"rendered":"L&#8217;AEMET da la bienvenida al 2025 con una bona dosis d&#8217;agua y nieve"},"content":{"rendered":"<p style=\"text-align: center\"><a href=\"https:\/\/img.huffingtonpost.es\/files\/image_720_480\/uploads\/2024\/12\/27\/mapa-de-espana-por-ia.jpeg\"><img loading=\"lazy\" decoding=\"async\" class=\"aligncenter size-large\" src=\"https:\/\/img.huffingtonpost.es\/files\/image_720_480\/uploads\/2024\/12\/27\/mapa-de-espana-por-ia.jpeg\" width=\"720\" height=\"480\" \/><\/a>Fonte: <a href=\"https:\/\/www.huffingtonpost.es\/tiempo\/adios-navidades-soleadas-comunicado-urgente-aemet-da-bienvenida-2025-buena-dosis-lluvia-nieve.html?fbclid=IwZXh0bgNhZW0CMTEAAR16vjcDq-OocFOBgYVWbHb8frZWu_xQn3uovM1PO3zX4d0qHpj-bdFkIfE_aem_Aa-btjsMik-Njo0Vk67CIw\">Huffinton Post<\/a><\/p>\n<p>Adi\u00f3s a les navidaes soleyeres: un comunic\u00e1u urxente de l&#8217;AEMET da la bienvenida al 2025 con una bona dosis d&#8217;agua y nieve. L&#8217;axencia avisa del llamativu movimientu climatol\u00f3xicu col camb\u00e9u de calendariu. El tiempu aventura un camb\u00e9u notable para los primeros d\u00edes de xineru, como apunta l&#8217;<strong>Axencia Estatal de Meteorolox\u00eda (AEMET).<\/strong><\/p>\n<p>Hasta l&#8217;esper\u00e1u d\u00eda 31 d&#8217;avientu&#8217;l tiempu va permanecer relativamente inalterable, so un mayoritariu cielu estenu. S\u00ed ye probable que caya daqu\u00e9 d&#8217;agua nel sureste y la zona del Estrechu. Les temperatures van movese llixeramente a la baxa siempres dientro de la normalid\u00e1 del iviernu. Para Nuechevieya la cosa empieza a camudar. L&#8217;AEMET adelantra que <strong>tantu&#8217;l martes 31 como&#8217;l mi\u00e9rcoles 1 de xineru va haber un aumentu de la inestabilid\u00e1 nel sureste peninsular<\/strong> y Balear, onde podr\u00eden llegar bastios con nubes.<\/p>\n","protected":false},"excerpt":{"rendered":"<p>Fonte: Huffinton Post Adi\u00f3s a les navidaes soleyeres: un comunic\u00e1u urxente de l&#8217;AEMET da la bienvenida al 2025 con una bona dosis d&#8217;agua y nieve. L&#8217;axencia avisa del llamativu movimientu climatol\u00f3xicu col camb\u00e9u de calendariu. El tiempu aventura un camb\u00e9u notable para los primeros d\u00edes de xineru, como apunta l&#8217;Axencia Estatal de Meteorolox\u00eda (AEMET). Hasta [&hellip;]<\/p>\n","protected":false},"author":117,"featured_media":0,"comment_status":"open","ping_status":"open","sticky":false,"template":"","format":"standard","meta":{"footnotes":""},"categories":[5],"tags":[],"class_list":["post-38964","post","type-post","status-publish","format-standard","hentry","category-tiempu"],"_links":{"self":[{"href":"https:\/\/edublog.educastur.es\/ixuxu\/wp-json\/wp\/v2\/posts\/38964","targetHints":{"allow":["GET"]}}],"collection":[{"href":"https:\/\/edublog.educastur.es\/ixuxu\/wp-json\/wp\/v2\/posts"}],"about":[{"href":"https:\/\/edublog.educastur.es\/ixuxu\/wp-json\/wp\/v2\/types\/post"}],"author":[{"embeddable":true,"href":"https:\/\/edublog.educastur.es\/ixuxu\/wp-json\/wp\/v2\/users\/117"}],"replies":[{"embeddable":true,"href":"https:\/\/edublog.educastur.es\/ixuxu\/wp-json\/wp\/v2\/comments?post=38964"}],"version-history":[{"count":3,"href":"https:\/\/edublog.educastur.es\/ixuxu\/wp-json\/wp\/v2\/posts\/38964\/revisions"}],"predecessor-version":[{"id":38967,"href":"https:\/\/edublog.educastur.es\/ixuxu\/wp-json\/wp\/v2\/posts\/38964\/revisions\/38967"}],"wp:attachment":[{"href":"https:\/\/edublog.educastur.es\/ixuxu\/wp-json\/wp\/v2\/media?parent=38964"}],"wp:term":[{"taxonomy":"category","embeddable":true,"href":"https:\/\/edublog.educastur.es\/ixuxu\/wp-json\/wp\/v2\/categories?post=38964"},{"taxonomy":"post_tag","embeddable":true,"href":"https:\/\/edublog.educastur.es\/ixuxu\/wp-json\/wp\/v2\/tags?post=38964"}],"curies":[{"name":"wp","href":"https:\/\/api.w.org\/{rel}","templated":true}]}}