{"id":38987,"date":"2024-12-29T15:06:50","date_gmt":"2024-12-29T13:06:50","guid":{"rendered":"https:\/\/edublog.educastur.es\/ixuxu\/?p=38987"},"modified":"2024-12-29T15:08:55","modified_gmt":"2024-12-29T13:08:55","slug":"38987","status":"publish","type":"post","link":"https:\/\/edublog.educastur.es\/ixuxu\/2024\/12\/38987\/","title":{"rendered":"Nam\u00e1 18 de los 78 conceyos, el 23%, cunten con m\u00e1s cotizantes a la Segurid\u00e1 Social que pensionistes"},"content":{"rendered":"<p style=\"text-align: center\"><a href=\"https:\/\/estaticos-cdn.prensaiberica.es\/clip\/44161d14-71a3-414c-85f6-8a25552c882b_16-9-discover-aspect-ratio_default_0.webp\"><img loading=\"lazy\" decoding=\"async\" class=\"aligncenter size-large\" src=\"https:\/\/estaticos-cdn.prensaiberica.es\/clip\/44161d14-71a3-414c-85f6-8a25552c882b_16-9-discover-aspect-ratio_default_0.webp\" width=\"1200\" height=\"675\" \/><\/a><\/p>\n<p style=\"text-align: left\">Los \u00fanicos 18 conceyos d&#8217;Asturies que tienen m\u00e1s cotizantes que pensionistes (y solu unu supera la media nacional). Nam\u00e1 Llanera, con siete trabayadores per cada perceptor, ta percima de la media nacional (2,4), a la que s&#8217;averen Corvera (2,3) y Uvi\u00e9u (2,2). <strong>Nam\u00e1 18 de los 78 conceyos que tien Asturies (en porcentaxe, el 23%) cunten con m\u00e1s cotizantes a la Segurid\u00e1 Social que ciudadanos que cobren una pensi\u00f3n.<\/strong> Son conceyos asitiaos principalmente na zona centro y nel oriente de la rex\u00f3n, ente que na \u00e1rea occidental nam\u00e1 figuren Balmonte \u2013onde esisten dos esplotaciones mineres d&#8217;oru\u2013 y Navia, conceyu qu&#8217;alluga activid\u00e1 industrial nos sectores naval y l\u00e1cteo.<\/p>\n<ul>\n<li>Fonte: <a href=\"https:\/\/www.lne.es\/economia\/2024\/12\/27\/unicos-18-concejos-asturias-cotizantes-112940159.html?fbclid=IwZXh0bgNhZW0CMTEAAR26gKMvTREjsVz55zwNSenpaZYjBIdF4tG9MiAnVTPtAdXtNKJ3ccx-TJg_aem_qvlApCJ-mpiN6LK4lVRIrQ\">LNE<\/a> \/<a href=\"https:\/\/estaticos-cdn.prensaiberica.es\/clip\/44161d14-71a3-414c-85f6-8a25552c882b_16-9-discover-aspect-ratio_default_0.webp\"> imaxe<\/a><\/li>\n<\/ul>\n","protected":false},"excerpt":{"rendered":"<p>Los \u00fanicos 18 conceyos d&#8217;Asturies que tienen m\u00e1s cotizantes que pensionistes (y solu unu supera la media nacional). Nam\u00e1 Llanera, con siete trabayadores per cada perceptor, ta percima de la media nacional (2,4), a la que s&#8217;averen Corvera (2,3) y Uvi\u00e9u (2,2). Nam\u00e1 18 de los 78 conceyos que tien Asturies (en porcentaxe, el 23%) [&hellip;]<\/p>\n","protected":false},"author":117,"featured_media":0,"comment_status":"open","ping_status":"open","sticky":false,"template":"","format":"standard","meta":{"footnotes":""},"categories":[19],"tags":[],"class_list":["post-38987","post","type-post","status-publish","format-standard","hentry","category-asturies"],"_links":{"self":[{"href":"https:\/\/edublog.educastur.es\/ixuxu\/wp-json\/wp\/v2\/posts\/38987","targetHints":{"allow":["GET"]}}],"collection":[{"href":"https:\/\/edublog.educastur.es\/ixuxu\/wp-json\/wp\/v2\/posts"}],"about":[{"href":"https:\/\/edublog.educastur.es\/ixuxu\/wp-json\/wp\/v2\/types\/post"}],"author":[{"embeddable":true,"href":"https:\/\/edublog.educastur.es\/ixuxu\/wp-json\/wp\/v2\/users\/117"}],"replies":[{"embeddable":true,"href":"https:\/\/edublog.educastur.es\/ixuxu\/wp-json\/wp\/v2\/comments?post=38987"}],"version-history":[{"count":6,"href":"https:\/\/edublog.educastur.es\/ixuxu\/wp-json\/wp\/v2\/posts\/38987\/revisions"}],"predecessor-version":[{"id":38993,"href":"https:\/\/edublog.educastur.es\/ixuxu\/wp-json\/wp\/v2\/posts\/38987\/revisions\/38993"}],"wp:attachment":[{"href":"https:\/\/edublog.educastur.es\/ixuxu\/wp-json\/wp\/v2\/media?parent=38987"}],"wp:term":[{"taxonomy":"category","embeddable":true,"href":"https:\/\/edublog.educastur.es\/ixuxu\/wp-json\/wp\/v2\/categories?post=38987"},{"taxonomy":"post_tag","embeddable":true,"href":"https:\/\/edublog.educastur.es\/ixuxu\/wp-json\/wp\/v2\/tags?post=38987"}],"curies":[{"name":"wp","href":"https:\/\/api.w.org\/{rel}","templated":true}]}}