{"id":39019,"date":"2024-12-30T20:00:31","date_gmt":"2024-12-30T18:00:31","guid":{"rendered":"https:\/\/edublog.educastur.es\/ixuxu\/?p=39019"},"modified":"2024-12-30T23:01:17","modified_gmt":"2024-12-30T21:01:17","slug":"ria-del-eolestuariu-que-separa-asturies-y-galicia","status":"publish","type":"post","link":"https:\/\/edublog.educastur.es\/ixuxu\/2024\/12\/ria-del-eolestuariu-que-separa-asturies-y-galicia\/","title":{"rendered":"L&#8217;estuariu que separa Asturies y Galicia: \u201cR\u00eda del Eo\u201d"},"content":{"rendered":"<div class=\"_aasi\">\n<div class=\"x9f619 xjbqb8w x78zum5 x168nmei x13lgxp2 x5pf9jr xo71vjh x1n2onr6 x1plvlek xryxfnj x1c4vz4f x2lah0s x1q0g3np xqjyukv x6s0dn4 x1oa3qoh x1qughib\">\n<header class=\"_aaqw\">\n<div class=\"_aaqy _aaqz\">\n<div class=\"_aar0 _aar1\">\n<div class=\"x78zum5\">\n<div class=\"_aaqt\">\n<div class=\"x9f619 xjbqb8w x78zum5 x168nmei x13lgxp2 x5pf9jr xo71vjh x1n2onr6 x1plvlek xryxfnj x1c4vz4f x2lah0s x1q0g3np xqjyukv x6s0dn4 x1oa3qoh x1nhvcw1\">\n<ul>\n<li><a class=\"x1i10hfl xjbqb8w x1ejq31n xd10rxx x1sy0etr x17r0tee x972fbf xcfux6l x1qhh985 xm0m39n x9f619 x1ypdohk xt0psk2 xe8uvvx xdj266r x11i5rnm xat24cr x1mh8g0r xexx8yu x4uap5 x18d9i69 xkhd6sd x16tdsg8 x1hl2dhg xggy1nq x1a2a7pz _acan _acao _acat _acaw _aj1- _ap30 _a6hd\" role=\"link\" href=\"https:\/\/www.instagram.com\/culturaast\/\">culturaast<\/a>\/<a class=\"x1i10hfl xjbqb8w x1ejq31n xd10rxx x1sy0etr x17r0tee x972fbf xcfux6l x1qhh985 xm0m39n x9f619 x1ypdohk xt0psk2 xe8uvvx xdj266r x11i5rnm xat24cr x1mh8g0r xexx8yu x4uap5 x18d9i69 xkhd6sd x16tdsg8 x1hl2dhg xggy1nq x1a2a7pz _aaqk _a6hd\" role=\"link\" href=\"https:\/\/www.instagram.com\/explore\/locations\/714827961\/ria-del-eo\/\">R\u00eda Del Eo<\/a><\/li>\n<\/ul>\n<\/div>\n<\/div>\n<\/div>\n<\/div>\n<\/div>\n<\/header>\n<div class=\"_aasm\" style=\"text-align: center\"><a href=\"https:\/\/actualidad.asturias.es\/documents\/537115\/2309540\/castropol.jpg\/b235b95e-994f-3cb4-5db7-de10a8d426d8?t=1735566595531\"><img loading=\"lazy\" decoding=\"async\" class=\"aligncenter size-large\" src=\"https:\/\/actualidad.asturias.es\/documents\/537115\/2309540\/castropol.jpg\/b235b95e-994f-3cb4-5db7-de10a8d426d8?t=1735566595531\" width=\"900\" height=\"675\" \/><\/a><\/div>\n<\/div>\n<\/div>\n<div class=\"x78zum5 xdt5ytf x1q2y9iw x1n2onr6 xh8yej3 x9f619 x1iyjqo2 x18l3tf1 x26u7qi xy80clv xexx8yu x4uap5 x18d9i69 xkhd6sd\">\n<div class=\"x78zum5 xdt5ytf x1iyjqo2 xs83m0k x2lwn1j x1odjw0f x1n2onr6 x9ek82g x6ikm8r xdj266r x11i5rnm x4ii5y1 x1mh8g0r xexx8yu x1pi30zi x18d9i69 x1swvt13\">\n<div class=\"x1qjc9v5 x972fbf xcfux6l x1qhh985 xm0m39n x9f619 x78zum5 xdt5ytf x2lah0s xk390pu xdj266r x11i5rnm xat24cr x1mh8g0r xexx8yu x4uap5 x18d9i69 xkhd6sd x1n2onr6 xggy1nq x11njtxf\" role=\"button\">\n<div class=\"_a9zm\">\n<div class=\"_a9zn _a9zo\">\n<div class=\"_a9zr\">\n<div class=\"_a9zs\">\n<p>&nbsp;<\/p>\n<ul>\n<li class=\"_ap3a _aaco _aacu _aacx _aad7 _aade\" dir=\"auto\">?\ufe0f\u2696\ufe0f El Tribunal Superior de Xusticia de Madrid respalda la denominaci\u00f3n<strong> \u201cr\u00eda del Eo\u201d pal estuariu que separa Asturies y Galicia<\/strong><\/li>\n<li class=\"_ap3a _aaco _aacu _aacx _aad7 _aade\" dir=\"auto\">\u25b6\ufe0f La xusticia desestima\u2019l recursu de la Xunta de Galicia y avala les resoluciones del Institutu Xeogr\u00e1ficu Nacional, que reconocen la validez de dambos top\u00f3nimos usaos pa denominar la zona. El fallu refuerza los argumentos hist\u00f3ricos y culturales defend\u00edos pol Gobiernu del Princip\u00e1u.<\/li>\n<li class=\"_ap3a _aaco _aacu _aacx _aad7 _aade\" dir=\"auto\">Fonte: \u2795\u2139\ufe0f en ?<a href=\"https:\/\/actualidad.asturias.es\/-\/el-tribunal-superior-de-justicia-de-madrid-respalda-la-denominaci\u00f3n-r\u00eda-del-eo-para-el-estuario-que-separa-asturias-y-galicia?redirect=%2Fnoticias\"> actualidad.asturias.es<\/a><\/li>\n<\/ul>\n<p>&nbsp;<\/p>\n<\/div>\n<\/div>\n<\/div>\n<\/div>\n<\/div>\n<\/div>\n<\/div>\n<p><!--more--><\/p>\n<p style=\"text-align: center\">\n<!-- iframe plugin v.6.0 wordpress.org\/plugins\/iframe\/ -->\n<iframe loading=\"lazy\" src=\"https:\/\/www.instagram.com\/reel\/DENl72LMhtE\/embed\" width=\"400\" height=\"600\" 0=\"\/iframe\" scrolling=\"yes\" class=\"iframe-class\" frameborder=\"0\"><\/iframe>\n<\/p>\n","protected":false},"excerpt":{"rendered":"<p>culturaast\/R\u00eda Del Eo &nbsp; ?\ufe0f\u2696\ufe0f El Tribunal Superior de Xusticia de Madrid respalda la denominaci\u00f3n \u201cr\u00eda del Eo\u201d pal estuariu que separa Asturies y Galicia \u25b6\ufe0f La xusticia desestima\u2019l recursu de la Xunta de Galicia y avala les resoluciones del Institutu Xeogr\u00e1ficu Nacional, que reconocen la validez de dambos top\u00f3nimos usaos pa denominar la zona. [&hellip;]<\/p>\n","protected":false},"author":117,"featured_media":0,"comment_status":"open","ping_status":"open","sticky":false,"template":"","format":"standard","meta":{"footnotes":""},"categories":[19],"tags":[],"class_list":["post-39019","post","type-post","status-publish","format-standard","hentry","category-asturies"],"_links":{"self":[{"href":"https:\/\/edublog.educastur.es\/ixuxu\/wp-json\/wp\/v2\/posts\/39019","targetHints":{"allow":["GET"]}}],"collection":[{"href":"https:\/\/edublog.educastur.es\/ixuxu\/wp-json\/wp\/v2\/posts"}],"about":[{"href":"https:\/\/edublog.educastur.es\/ixuxu\/wp-json\/wp\/v2\/types\/post"}],"author":[{"embeddable":true,"href":"https:\/\/edublog.educastur.es\/ixuxu\/wp-json\/wp\/v2\/users\/117"}],"replies":[{"embeddable":true,"href":"https:\/\/edublog.educastur.es\/ixuxu\/wp-json\/wp\/v2\/comments?post=39019"}],"version-history":[{"count":6,"href":"https:\/\/edublog.educastur.es\/ixuxu\/wp-json\/wp\/v2\/posts\/39019\/revisions"}],"predecessor-version":[{"id":39078,"href":"https:\/\/edublog.educastur.es\/ixuxu\/wp-json\/wp\/v2\/posts\/39019\/revisions\/39078"}],"wp:attachment":[{"href":"https:\/\/edublog.educastur.es\/ixuxu\/wp-json\/wp\/v2\/media?parent=39019"}],"wp:term":[{"taxonomy":"category","embeddable":true,"href":"https:\/\/edublog.educastur.es\/ixuxu\/wp-json\/wp\/v2\/categories?post=39019"},{"taxonomy":"post_tag","embeddable":true,"href":"https:\/\/edublog.educastur.es\/ixuxu\/wp-json\/wp\/v2\/tags?post=39019"}],"curies":[{"name":"wp","href":"https:\/\/api.w.org\/{rel}","templated":true}]}}