{"id":39020,"date":"2024-12-30T11:00:28","date_gmt":"2024-12-30T09:00:28","guid":{"rendered":"https:\/\/edublog.educastur.es\/ixuxu\/?p=39020"},"modified":"2024-12-30T12:22:22","modified_gmt":"2024-12-30T10:22:22","slug":"reapertura-de-la-cueva-de-la-lluera-en-les-caldes","status":"publish","type":"post","link":"https:\/\/edublog.educastur.es\/ixuxu\/2024\/12\/reapertura-de-la-cueva-de-la-lluera-en-les-caldes\/","title":{"rendered":"Reapertura de la cueva de La Lluera en Les Caldes"},"content":{"rendered":"<ul>\n<li id=\"area_imagen_ac\">Fonte:<a href=\"https:\/\/www.rtpa.es\/noticias-asturias-ast\/2024-12-28\/Reapertura-de-la-cueva-de-La-Lluera-en-Les-Caldes_111735395828.html\"> RTPA \/ Videu<\/a> \/<\/li>\n<\/ul>\n<div id=\"multimedia\" class=\"capa_imagen_player img-det-not\">\n<div id=\"mediaplayer\">\n<div id=\"video-a-reproducir2666262525\" class=\"video-js vjs-default-skin vjs-16-9 vjs-big-play-centered vjs-fluid video-a-reproducir2666262525-dimensions vjs-controls-enabled vjs-workinghover vjs-v8 vjs-layout-medium vjs-hls-quality-selector vjs-playing vjs-has-started vjs-user-inactive\" lang=\"es\" role=\"region\" aria-label=\"Reproductor de Video\">\n<div class=\"vjs-control-bar\" dir=\"ltr\" style=\"text-align: center\"><a href=\"https:\/\/www.rtpa.es\/fotos\/\/24\/12\/20241228150324_RTPA5990809.webp\"><img loading=\"lazy\" decoding=\"async\" class=\"aligncenter size-large\" src=\"https:\/\/www.rtpa.es\/fotos\/\/24\/12\/20241228150324_RTPA5990809.webp\" width=\"853\" height=\"480\" \/><\/a><\/div>\n<\/div>\n<\/div>\n<\/div>\n<p class=\"botonera-transcripcion font-size-s margin-t-20\">El covar\u00f3n va tar abiertu los fines de selmana hasta primavera. Siete persones entraron g\u00fcei na cueva de La Lluera, en Les Caldes, na so reapertura al p\u00fablicu. Enllen\u00e1ronse los cupos dexaos, que son de seis persones por visita. La cueva va tar abierta los fines de selmana hasta primavera. El covar\u00f3n llevaba tres a\u00f1os cerr\u00e1u.<\/p>\n","protected":false},"excerpt":{"rendered":"<p>Fonte: RTPA \/ Videu \/ El covar\u00f3n va tar abiertu los fines de selmana hasta primavera. Siete persones entraron g\u00fcei na cueva de La Lluera, en Les Caldes, na so reapertura al p\u00fablicu. Enllen\u00e1ronse los cupos dexaos, que son de seis persones por visita. La cueva va tar abierta los fines de selmana hasta primavera. [&hellip;]<\/p>\n","protected":false},"author":117,"featured_media":0,"comment_status":"open","ping_status":"open","sticky":false,"template":"","format":"standard","meta":{"footnotes":""},"categories":[59],"tags":[],"class_list":["post-39020","post","type-post","status-publish","format-standard","hentry","category-rtpa"],"_links":{"self":[{"href":"https:\/\/edublog.educastur.es\/ixuxu\/wp-json\/wp\/v2\/posts\/39020","targetHints":{"allow":["GET"]}}],"collection":[{"href":"https:\/\/edublog.educastur.es\/ixuxu\/wp-json\/wp\/v2\/posts"}],"about":[{"href":"https:\/\/edublog.educastur.es\/ixuxu\/wp-json\/wp\/v2\/types\/post"}],"author":[{"embeddable":true,"href":"https:\/\/edublog.educastur.es\/ixuxu\/wp-json\/wp\/v2\/users\/117"}],"replies":[{"embeddable":true,"href":"https:\/\/edublog.educastur.es\/ixuxu\/wp-json\/wp\/v2\/comments?post=39020"}],"version-history":[{"count":2,"href":"https:\/\/edublog.educastur.es\/ixuxu\/wp-json\/wp\/v2\/posts\/39020\/revisions"}],"predecessor-version":[{"id":39022,"href":"https:\/\/edublog.educastur.es\/ixuxu\/wp-json\/wp\/v2\/posts\/39020\/revisions\/39022"}],"wp:attachment":[{"href":"https:\/\/edublog.educastur.es\/ixuxu\/wp-json\/wp\/v2\/media?parent=39020"}],"wp:term":[{"taxonomy":"category","embeddable":true,"href":"https:\/\/edublog.educastur.es\/ixuxu\/wp-json\/wp\/v2\/categories?post=39020"},{"taxonomy":"post_tag","embeddable":true,"href":"https:\/\/edublog.educastur.es\/ixuxu\/wp-json\/wp\/v2\/tags?post=39020"}],"curies":[{"name":"wp","href":"https:\/\/api.w.org\/{rel}","templated":true}]}}