{"id":39060,"date":"2024-12-30T23:08:00","date_gmt":"2024-12-30T21:08:00","guid":{"rendered":"https:\/\/edublog.educastur.es\/ixuxu\/?p=39060"},"modified":"2024-12-30T23:30:13","modified_gmt":"2024-12-30T21:30:13","slug":"ponemos-el-ramu-al-espectaculu-humanes","status":"publish","type":"post","link":"https:\/\/edublog.educastur.es\/ixuxu\/2024\/12\/ponemos-el-ramu-al-espectaculu-humanes\/","title":{"rendered":"Ponemos el ramu al espect\u00e1culu \u00abHumanes\u00bb del grupu \u00abMuyeres\u00bb, \u00fan de los nomes m\u00e1s importantes del folclor asturianu."},"content":{"rendered":"<div class=\"html-div xdj266r x11i5rnm xat24cr x1mh8g0r xexx8yu x1a8lsjc x1swvt13 x1pi30zi\">\n<div class=\"html-div xdj266r x11i5rnm xat24cr x1mh8g0r xexx8yu x4uap5 x18d9i69 xkhd6sd x1jx94hy x78zum5 x1q0g3np\">\n<div class=\"x78zum5 xdt5ytf xz62fqu x16ldp7u\">\n<div class=\"xu06os2 x1ok221b\">\n<div class=\"html-div xdj266r x11i5rnm xat24cr x1mh8g0r xexx8yu x4uap5 x18d9i69 xkhd6sd\" data-ad-rendering-role=\"profile_name\">\n<ul>\n<li class=\"html-h3 x11i5rnm xat24cr x1mh8g0r xexx8yu x4uap5 x18d9i69 xkhd6sd x1vvkbs x1heor9g x1qlqyl8 x1pd3egz x1a2a7pz x1gslohp x1yc453h\"><span class=\"x1lliihq x6ikm8r x10wlt62 x1n2onr6\"><span class=\"xt0psk2\"><a class=\"x1i10hfl xjbqb8w x1ejq31n xd10rxx x1sy0etr x17r0tee x972fbf xcfux6l x1qhh985 xm0m39n x9f619 x1ypdohk xt0psk2 xe8uvvx xdj266r x11i5rnm xat24cr x1mh8g0r xexx8yu x4uap5 x18d9i69 xkhd6sd x16tdsg8 x1hl2dhg xggy1nq x1a2a7pz x1sur9pj xkrqix3 xzsf02u x1s688f\" role=\"link\" href=\"https:\/\/www.facebook.com\/muyeresoficial?__cft__[0]=AZVd60JYKPnJCwTmBBtQqjMINeaHvtNSzPXxhKkF7LkShcwzLc04tfPGmxOGNxKG14kGGd5o4t9PcSqKpIHaupU1KroIx_GjEtY4PhmXrNDbZA7hQpzfWer3XTSvzMB9i7u5DoAnotJ_WxZAGbZmFd25dOvNV5tI3_HDgJqeXsAoLfpHIn2QK3YAkAtqHrKA60YHdZMoqPSF3Wih9ryadic9aVX6qVhUZGhZtKsaXZRErg&amp;__tn__=-UC%2CP-y-R\"><strong class=\"html-strong xdj266r x11i5rnm xat24cr x1mh8g0r xexx8yu x4uap5 x18d9i69 xkhd6sd x1hl2dhg x16tdsg8 x1vvkbs x1s688f\"><span class=\"html-span xdj266r x11i5rnm xat24cr x1mh8g0r xexx8yu x4uap5 x18d9i69 xkhd6sd x1hl2dhg x16tdsg8 x1vvkbs\">Muyeres<\/span><\/strong><\/a><\/span><\/span>\/ <a href=\"https:\/\/scontent-mad1-1.xx.fbcdn.net\/v\/t39.30808-6\/470089086_1142646044531995_6432620290360787758_n.jpg?_nc_cat=105&amp;ccb=1-7&amp;_nc_sid=127cfc&amp;_nc_ohc=D_d94ISfSoUQ7kNvgEOQkfF&amp;_nc_oc=AdhYDVjGNY4owIDRe88lxdcT_OnhqSA-1lt9Tik7LKTV5V5pkt-Fg1u0G54PkotMKxI&amp;_nc_zt=23&amp;_nc_ht=scontent-mad1-1.xx&amp;_nc_gid=AME5DcqzHPV5fmb7lJBqNjF&amp;oh=00_AYA10oZRdlEkyqh1GEA14l_nLtXzEzdSl4BboYq1elzosA&amp;oe=6778D55A\">cartelu<\/a> \/<\/li>\n<\/ul>\n<p style=\"text-align: center\">\n<!-- iframe plugin v.6.0 wordpress.org\/plugins\/iframe\/ -->\n<iframe loading=\"lazy\" src=\"https:\/\/www.facebook.com\/plugins\/video.php?height=314&#038;href=https%3A%2F%2Fwww.facebook.com%2Fmuyeresoficial%2Fvideos%2F2072807716465939%2F&#038;show_text=false&#038;width=560&#038;t=0\" width=\"560\" height=\"314\" style=\"border:none;overflow:hidden\" scrolling=\"no\" frameborder=\"0\" allowfullscreen=\"true\" allow=\"autoplay; clipboard-write; encrypted-media; picture-in-picture; web-share\" 0=\"\/iframe\" class=\"iframe-class\"><\/iframe>\n<\/p>\n<\/div>\n<\/div>\n<\/div>\n<\/div>\n<\/div>\n<div class=\"html-div xdj266r x11i5rnm xat24cr x1mh8g0r xexx8yu x4uap5 x18d9i69 xkhd6sd\" dir=\"auto\">\n<div class=\"html-div xdj266r x11i5rnm xat24cr x1mh8g0r xexx8yu x4uap5 x18d9i69 xkhd6sd\" dir=\"auto\">\n<div class=\"html-div xdj266r x11i5rnm xat24cr x1mh8g0r xexx8yu x4uap5 x18d9i69 xkhd6sd\" data-ad-rendering-role=\"story_message\">\n<div class=\"x1l90r2v x1iorvi4 x1ye3gou xn6708d\" data-ad-comet-preview=\"message\" data-ad-preview=\"message\">\n<div class=\"x78zum5 xdt5ytf xz62fqu x16ldp7u\">\n<div class=\"xu06os2 x1ok221b\">\n<div class=\"xdj266r x11i5rnm xat24cr x1mh8g0r x1vvkbs x126k92a\">\n<ul>\n<li dir=\"auto\">El domingu 9 de marzu a les 19:00 nel teatru de la <span class=\"html-span xdj266r x11i5rnm xat24cr x1mh8g0r xexx8yu x4uap5 x18d9i69 xkhd6sd x1hl2dhg x16tdsg8 x1vvkbs\"><a class=\"x1i10hfl xjbqb8w x1ejq31n xd10rxx x1sy0etr x17r0tee x972fbf xcfux6l x1qhh985 xm0m39n x9f619 x1ypdohk xt0psk2 xe8uvvx xdj266r x11i5rnm xat24cr x1mh8g0r xexx8yu x4uap5 x18d9i69 xkhd6sd x16tdsg8 x1hl2dhg xggy1nq x1a2a7pz x1sur9pj xkrqix3 x1fey0fg x1s688f\" role=\"link\" href=\"https:\/\/l.facebook.com\/l.php?u=https%3A%2F%2Fwww.instagram.com%2F_u%2Flaboralciudadcultura%3Ffbclid%3DIwZXh0bgNhZW0CMTAAAR0lTopSGUsZ5S2BH3ak7FF8lf7y6RN0BcxbUBDf5l4eJELj2SAajgkFx2U_aem_mc4hLz5En6I49D6Ct9-8-w&amp;h=AT3OyFHYSF9QSmYvJR2rBpmezDOcoP9Pdee1OnQYM0lwIUUDagMtBjoYVCJLC9BFhTjqHkn2aZWpVMTO5G5AU7CQYWQfmhLnwTV-c-kq4YeOy5crfMmm5Irfn79xU8dfXA&amp;__tn__=-UK-y-R&amp;c[0]=AT3zKjDHev57b_JE7hU0lzNAY_s2cJV1APyb43tVAchPy_-00M5Zf0ASbLiv65YBl6rd_SWCS3JMzVWqXclmbZy2J4yRsqY7V50QKIqMrfXahISpuxjwy7mXrQqr9JFAjsDI-z0NC3D4BBA0yB0UFUQ-czutaFozIfKm0n__85C5vj8nCuQDzhOp_Eb-Icwz8a-JNgP6Hz06_35tq3ZOQ54cSne0qwWMGEkAbw68EcsQYdEJdw\" target=\"_blank\" rel=\"nofollow noopener noreferrer\">@laboralciudadcultura<\/a><\/span><\/li>\n<\/ul>\n<\/div>\n<div class=\"x11i5rnm xat24cr x1mh8g0r x1vvkbs xtlvy1s x126k92a\">\n<ul>\n<li dir=\"auto\">Le entraes a la venta a partir del vienres 13 d&#8217;avientu a les 12:00 en <span class=\"html-span xdj266r x11i5rnm xat24cr x1mh8g0r xexx8yu x4uap5 x18d9i69 xkhd6sd x1hl2dhg x16tdsg8 x1vvkbs\"><a class=\"x1i10hfl xjbqb8w x1ejq31n xd10rxx x1sy0etr x17r0tee x972fbf xcfux6l x1qhh985 xm0m39n x9f619 x1ypdohk xt0psk2 xe8uvvx xdj266r x11i5rnm xat24cr x1mh8g0r xexx8yu x4uap5 x18d9i69 xkhd6sd x16tdsg8 x1hl2dhg xggy1nq x1a2a7pz x1sur9pj xkrqix3 x1fey0fg x1s688f\" role=\"link\" href=\"https:\/\/l.facebook.com\/l.php?u=http%3A%2F%2Fwww.muyeres.org%2F%3Ffbclid%3DIwZXh0bgNhZW0CMTAAAR1T5h2_z2cXO5h7UT4BNrT8juP1E4G5fkpPq4zqR6knVmUd8C8C3-7zkzE_aem_hJzS7fttWHE7WiHFJdy8-g&amp;h=AT1fwCnzN5eZTBz5d7zd7vObx0_kh1eTyGzSuRBMvAtBId2wYniFfm7RLBggmlltwsXNhKWiBOtHA4RIOdY0IYdVLy2BsV4F5xCgsoTiw-rumtZnRXp4fFUN4eXcnSxFng&amp;__tn__=-UK-y-R&amp;c[0]=AT3zKjDHev57b_JE7hU0lzNAY_s2cJV1APyb43tVAchPy_-00M5Zf0ASbLiv65YBl6rd_SWCS3JMzVWqXclmbZy2J4yRsqY7V50QKIqMrfXahISpuxjwy7mXrQqr9JFAjsDI-z0NC3D4BBA0yB0UFUQ-czutaFozIfKm0n__85C5vj8nCuQDzhOp_Eb-Icwz8a-JNgP6Hz06_35tq3ZOQ54cSne0qwWMGEkAbw68EcsQYdEJdw\" target=\"_blank\" rel=\"nofollow noopener noreferrer\">www.muyeres.org<\/a><\/span><\/li>\n<\/ul>\n<p><!--more--><\/p>\n<div id=\"EncabezaSesionMasinfoP0Titulo\" class=\"EncabezaSesionMasinfoPTitulo\"><strong><em>Muyeres<\/em>\u00a0ye \u00fan de los nomes m\u00e1s importantes del folclor asturianu.<\/strong> Esti colectivu naci\u00f3 en 1993 cola uni\u00f3n de muyeres procedentes de dalgunos de los grupos d investigaci\u00f3n etnogr\u00e1fica m\u00e1s destacaos. L oxetivu que ten\u00eden yera l de reivindicar la m\u00fasica de percusi\u00f3n del pa\u00eds y el protagonismu de la muyer nel caltenimientu de la tradici\u00f3n sonora asturiana. Cuasi 30 a\u00f1os depu\u00e9s, con seis discos publicaos y con una montonera d espect\u00e1culos entamaos; siguen siendo una pieza fundamental de la cultura asturiana.<\/div>\n<div id=\"EncabezaSesionMasinfoP1Titulo\" class=\"EncabezaSesionMasinfoPTitulo\" style=\"text-align: center\">\n<!-- iframe plugin v.6.0 wordpress.org\/plugins\/iframe\/ -->\n<iframe loading=\"lazy\" src=\"https:\/\/www.facebook.com\/plugins\/post.php?href=https%3A%2F%2Fwww.facebook.com%2Fmuyeresoficial%2Fposts%2Fpfbid0uUBw2e4FYiNbLrFxKrQXegcSYdt3ZiSg8UX63AXkjomQj3nJp9Jg6DUPDx9zmEGWl&#038;show_text=false&#038;width=500\" width=\"500\" height=\"498\" style=\"border:none;overflow:hidden\" scrolling=\"no\" frameborder=\"0\" allowfullscreen=\"true\" allow=\"autoplay; clipboard-write; encrypted-media; picture-in-picture; web-share\" 0=\"\/iframe\" class=\"iframe-class\"><\/iframe>\n<\/div>\n<div id=\"EncabezaSesionMasinfoP1Texto\" class=\"EncabezaSesionMasinfoPTexto\">\n<p><strong>Humanes\u00a0<\/strong>ye l so \u00faltimu discu y un trabayu hist\u00f3ricu na so trayectoria porque, per primer vez, nun compilen cantares tradicionales, sin\u00f3n quaxunten 13 canciones de composici\u00f3n propia. Les lletres homenaxeen a les humanes; a eses muyeres an\u00f3nimes que fueron faciendo historia. La m\u00fasica ye ellaborada, con muncha calid\u00e1 y esplora distintos son\u00edos dientro del folk asturianu.<\/p>\n<\/div>\n<p style=\"text-align: center\"><a href=\"https:\/\/muyeres.org\/wp-content\/uploads\/2023\/04\/muyeres-humanes.jpg\"><img loading=\"lazy\" decoding=\"async\" class=\"aligncenter size-large\" src=\"https:\/\/muyeres.org\/wp-content\/uploads\/2023\/04\/muyeres-humanes.jpg\" width=\"500\" height=\"500\" \/><\/a><\/p>\n<\/div>\n<div class=\"x11i5rnm xat24cr x1mh8g0r x1vvkbs xtlvy1s x126k92a\">\n<div dir=\"auto\"><span class=\"html-span xdj266r x11i5rnm xat24cr x1mh8g0r xexx8yu x4uap5 x18d9i69 xkhd6sd x1hl2dhg x16tdsg8 x1vvkbs\"><a class=\"x1i10hfl xjbqb8w x1ejq31n xd10rxx x1sy0etr x17r0tee x972fbf xcfux6l x1qhh985 xm0m39n x9f619 x1ypdohk xt0psk2 xe8uvvx xdj266r x11i5rnm xat24cr x1mh8g0r xexx8yu x4uap5 x18d9i69 xkhd6sd x16tdsg8 x1hl2dhg xggy1nq x1a2a7pz x1sur9pj xkrqix3 x1fey0fg x1s688f\" role=\"link\" href=\"https:\/\/www.instagram.com\/_u\/amansalva.es?fbclid=IwZXh0bgNhZW0CMTAAAR0752QH_k52XvYcXyWPq-YPvKhtAqF0y9lKvVvBD653h-sZkOVTBr4nOpk_aem_lNN4koqFlS18hwojF8CBtg\" target=\"_blank\" rel=\"nofollow noopener noreferrer\">@amansalva.es<\/a><\/span><\/div>\n<div dir=\"auto\"><span class=\"html-span xdj266r x11i5rnm xat24cr x1mh8g0r xexx8yu x4uap5 x18d9i69 xkhd6sd x1hl2dhg x16tdsg8 x1vvkbs\"><a class=\"x1i10hfl xjbqb8w x1ejq31n xd10rxx x1sy0etr x17r0tee x972fbf xcfux6l x1qhh985 xm0m39n x9f619 x1ypdohk xt0psk2 xe8uvvx xdj266r x11i5rnm xat24cr x1mh8g0r xexx8yu x4uap5 x18d9i69 xkhd6sd x16tdsg8 x1hl2dhg xggy1nq x1a2a7pz x1sur9pj xkrqix3 x1fey0fg x1s688f\" role=\"link\" href=\"https:\/\/www.instagram.com\/_u\/martaelolamolleda?fbclid=IwZXh0bgNhZW0CMTAAAR3Jzc9mPsZ4vOHqN4lFAWLCYk2O1G-OydA_oMypjd74SSN9IEb_nvuQdFk_aem_ktVMo0Oexk_RDFuogyHftA\" target=\"_blank\" rel=\"nofollow noopener noreferrer\">@martaelolamolleda<\/a><\/span><\/div>\n<div dir=\"auto\"><span class=\"html-span xdj266r x11i5rnm xat24cr x1mh8g0r xexx8yu x4uap5 x18d9i69 xkhd6sd x1hl2dhg x16tdsg8 x1vvkbs\"><a class=\"x1i10hfl xjbqb8w x1ejq31n xd10rxx x1sy0etr x17r0tee x972fbf xcfux6l x1qhh985 xm0m39n x9f619 x1ypdohk xt0psk2 xe8uvvx xdj266r x11i5rnm xat24cr x1mh8g0r xexx8yu x4uap5 x18d9i69 xkhd6sd x16tdsg8 x1hl2dhg xggy1nq x1a2a7pz x1sur9pj xkrqix3 x1fey0fg x1s688f\" role=\"link\" href=\"https:\/\/www.instagram.com\/_u\/borjaroces?fbclid=IwZXh0bgNhZW0CMTAAAR0lTopSGUsZ5S2BH3ak7FF8lf7y6RN0BcxbUBDf5l4eJELj2SAajgkFx2U_aem_mc4hLz5En6I49D6Ct9-8-w\" target=\"_blank\" rel=\"nofollow noopener noreferrer\">@borjaroces<\/a><\/span><\/div>\n<div dir=\"auto\"><span class=\"html-span xdj266r x11i5rnm xat24cr x1mh8g0r xexx8yu x4uap5 x18d9i69 xkhd6sd x1hl2dhg x16tdsg8 x1vvkbs\"><a class=\"x1i10hfl xjbqb8w x1ejq31n xd10rxx x1sy0etr x17r0tee x972fbf xcfux6l x1qhh985 xm0m39n x9f619 x1ypdohk xt0psk2 xe8uvvx xdj266r x11i5rnm xat24cr x1mh8g0r xexx8yu x4uap5 x18d9i69 xkhd6sd x16tdsg8 x1hl2dhg xggy1nq x1a2a7pz x1sur9pj xkrqix3 x1fey0fg x1s688f\" role=\"link\" href=\"https:\/\/www.instagram.com\/_u\/azucenabediacostura?fbclid=IwZXh0bgNhZW0CMTAAAR1rtjZ7ZNaPrt1E2Il135vY7oL8WbrpLqCp1zuudHrCFxFtcYSUDkdrR-4_aem_4E0UZR-yFiYi3KoXjJyMMw\" target=\"_blank\" rel=\"nofollow noopener noreferrer\">@azucenabediacostura<\/a><\/span><\/div>\n<\/div>\n<\/div>\n<\/div>\n<\/div>\n<\/div>\n<\/div>\n<\/div>\n<p>&nbsp;<\/p>\n","protected":false},"excerpt":{"rendered":"<p>Muyeres\/ cartelu \/ El domingu 9 de marzu a les 19:00 nel teatru de la @laboralciudadcultura Le entraes a la venta a partir del vienres 13 d&#8217;avientu a les 12:00 en www.muyeres.org<\/p>\n","protected":false},"author":117,"featured_media":0,"comment_status":"open","ping_status":"open","sticky":false,"template":"","format":"standard","meta":{"footnotes":""},"categories":[35],"tags":[],"class_list":["post-39060","post","type-post","status-publish","format-standard","hentry","category-musica"],"_links":{"self":[{"href":"https:\/\/edublog.educastur.es\/ixuxu\/wp-json\/wp\/v2\/posts\/39060","targetHints":{"allow":["GET"]}}],"collection":[{"href":"https:\/\/edublog.educastur.es\/ixuxu\/wp-json\/wp\/v2\/posts"}],"about":[{"href":"https:\/\/edublog.educastur.es\/ixuxu\/wp-json\/wp\/v2\/types\/post"}],"author":[{"embeddable":true,"href":"https:\/\/edublog.educastur.es\/ixuxu\/wp-json\/wp\/v2\/users\/117"}],"replies":[{"embeddable":true,"href":"https:\/\/edublog.educastur.es\/ixuxu\/wp-json\/wp\/v2\/comments?post=39060"}],"version-history":[{"count":7,"href":"https:\/\/edublog.educastur.es\/ixuxu\/wp-json\/wp\/v2\/posts\/39060\/revisions"}],"predecessor-version":[{"id":39067,"href":"https:\/\/edublog.educastur.es\/ixuxu\/wp-json\/wp\/v2\/posts\/39060\/revisions\/39067"}],"wp:attachment":[{"href":"https:\/\/edublog.educastur.es\/ixuxu\/wp-json\/wp\/v2\/media?parent=39060"}],"wp:term":[{"taxonomy":"category","embeddable":true,"href":"https:\/\/edublog.educastur.es\/ixuxu\/wp-json\/wp\/v2\/categories?post=39060"},{"taxonomy":"post_tag","embeddable":true,"href":"https:\/\/edublog.educastur.es\/ixuxu\/wp-json\/wp\/v2\/tags?post=39060"}],"curies":[{"name":"wp","href":"https:\/\/api.w.org\/{rel}","templated":true}]}}