{"id":39068,"date":"2024-12-30T23:10:16","date_gmt":"2024-12-30T21:10:16","guid":{"rendered":"https:\/\/edublog.educastur.es\/ixuxu\/?p=39068"},"modified":"2024-12-30T23:57:49","modified_gmt":"2024-12-30T21:57:49","slug":"iii-semando-fest-8-de-febreru-nuvieu","status":"publish","type":"post","link":"https:\/\/edublog.educastur.es\/ixuxu\/2024\/12\/iii-semando-fest-8-de-febreru-nuvieu\/","title":{"rendered":"III Semando Fest: 8 de febreru n&#8217;Uvi\u00e9u"},"content":{"rendered":"<div class=\"html-div xdj266r x11i5rnm xat24cr x1mh8g0r xsag5q8 xz9dl7a x1pi30zi x1swvt13 x1jx94hy\">\n<div class=\"html-div xdj266r x11i5rnm xat24cr x1mh8g0r xexx8yu x4uap5 x18d9i69 xkhd6sd x78zum5 x1q0g3np x1ba4aug\">\n<div class=\"html-div xdj266r x11i5rnm xat24cr x1mh8g0r xexx8yu x4uap5 x18d9i69 xkhd6sd x1iyjqo2\">\n<div class=\"x78zum5 xdt5ytf xz62fqu x16ldp7u\">\n<div class=\"xu06os2 x1ok221b\">\n<ul>\n<li class=\"html-h3 x11i5rnm xat24cr x1mh8g0r xexx8yu x4uap5 x18d9i69 xkhd6sd x1vvkbs x1heor9g x1qlqyl8 x1pd3egz x1a2a7pz x1gslohp x1yc453h\"><span class=\"xt0psk2\"><a class=\"x1i10hfl xjbqb8w x1ejq31n xd10rxx x1sy0etr x17r0tee x972fbf xcfux6l x1qhh985 xm0m39n x9f619 x1ypdohk xt0psk2 xe8uvvx xdj266r x11i5rnm xat24cr x1mh8g0r xexx8yu x4uap5 x18d9i69 xkhd6sd x16tdsg8 x1hl2dhg xggy1nq x1a2a7pz x1sur9pj xkrqix3 xzsf02u x1s688f\" role=\"link\" href=\"https:\/\/www.facebook.com\/musicasturiana?__cft__[0]=AZUQImzA1qZfGO5wepCFIu5u9d3SzoKI5ALTvqv2b6PvL1JWdoqUoRSyhRaEV993vi-OpMQT2z6c3HuTVvRMiXn6i6dhTQBH6ptGd6isfQ2oOdSxBgtu4EpvDGUqPZwZy2aAzaPPcgP6uFyf4g0_4nHRPxszEPkb8jiNicD5uSQjkfuCv9FGbQD7tmV45prRzkjnvUFODaGlCpXEECEtobyYTj7J12n5Q1yHQ6vpJkZBqw&amp;__tn__=-UC%2CP-y-R\"><strong class=\"html-strong xdj266r x11i5rnm xat24cr x1mh8g0r xexx8yu x4uap5 x18d9i69 xkhd6sd x1hl2dhg x16tdsg8 x1vvkbs x1s688f\"><span class=\"html-span xdj266r x11i5rnm xat24cr x1mh8g0r xexx8yu x4uap5 x18d9i69 xkhd6sd x1hl2dhg x16tdsg8 x1vvkbs\">musicasturiana.com<\/span><\/strong><\/a><\/span>\/<a href=\"https:\/\/musicasturiana.com\/wp-content\/uploads\/2024\/12\/iii-semando-fest-anunciu.jpg\"> cartelu<\/a><\/li>\n<\/ul>\n<p style=\"text-align: center\"><a href=\"https:\/\/musicasturiana.com\/wp-content\/uploads\/2024\/12\/banner-iii-semando-fest.jpg\"><img loading=\"lazy\" decoding=\"async\" class=\"aligncenter size-large\" src=\"https:\/\/musicasturiana.com\/wp-content\/uploads\/2024\/12\/banner-iii-semando-fest.jpg\" width=\"1400\" height=\"300\" \/><\/a><\/p>\n<p style=\"text-align: center\">\n<\/div>\n<\/div>\n<\/div>\n<\/div>\n<\/div>\n<div class=\"html-div xdj266r x11i5rnm xat24cr x1mh8g0r xexx8yu x4uap5 x18d9i69 xkhd6sd\" dir=\"auto\">\n<div class=\"html-div xdj266r x11i5rnm xat24cr x1mh8g0r xexx8yu x4uap5 x18d9i69 xkhd6sd\" dir=\"auto\">\n<div class=\"html-div xdj266r x11i5rnm xat24cr x1mh8g0r xexx8yu x4uap5 x18d9i69 xkhd6sd\" data-ad-rendering-role=\"story_message\">\n<div class=\"x1l90r2v x1iorvi4 x1ye3gou xn6708d\" data-ad-comet-preview=\"message\" data-ad-preview=\"message\">\n<div class=\"x78zum5 xdt5ytf xz62fqu x16ldp7u\">\n<div class=\"xu06os2 x1ok221b\">\n<div class=\"xdj266r x11i5rnm xat24cr x1mh8g0r x1vvkbs x126k92a\">\n<ul>\n<li><span class=\"html-span xexx8yu x4uap5 x18d9i69 xkhd6sd x1hl2dhg x16tdsg8 x1vvkbs x3nfvp2 x1j61x8r x1fcty0u xdj266r xat24cr xgzva0m xhhsvwb xxymvpz xlup9mm x1kky2od\"><img loading=\"lazy\" decoding=\"async\" class=\"xz74otr\" src=\"https:\/\/static.xx.fbcdn.net\/images\/emoji.php\/v9\/t39\/1\/16\/1f4e2.png\" alt=\"?\" width=\"16\" height=\"16\" \/><\/span>\u00a0Y\u00e1 t\u00e1n a la venta les entraes en <span class=\"html-span xdj266r x11i5rnm xat24cr x1mh8g0r xexx8yu x4uap5 x18d9i69 xkhd6sd x1hl2dhg x16tdsg8 x1vvkbs\"><a class=\"x1i10hfl xjbqb8w x1ejq31n xd10rxx x1sy0etr x17r0tee x972fbf xcfux6l x1qhh985 xm0m39n x9f619 x1ypdohk xt0psk2 xe8uvvx xdj266r x11i5rnm xat24cr x1mh8g0r xexx8yu x4uap5 x18d9i69 xkhd6sd x16tdsg8 x1hl2dhg xggy1nq x1a2a7pz x1sur9pj xkrqix3 x1fey0fg x1s688f\" role=\"link\" href=\"https:\/\/l.facebook.com\/l.php?u=http%3A%2F%2Fmusicasturiana.com%2F%3Ffbclid%3DIwZXh0bgNhZW0CMTAAAR0167Y88L7GOBCsBFVRyRvSM3t8DeF2E9X62syQUWsNCUrWL-uV5USRmww_aem_IABzEjrkgMceympM8zGLuA&amp;h=AT3ldCIoqhX0fc8MDUgOrxRWGgWQwJM2g6XT4ciHhmpGEaC5dQrob_8gYzKnIZIh92g2Qvr763VjVadmmYm2VYiAzWFZ-Y_Lh2hD7d0l7gpWwvABjG92Xymqmzd1EMe2WA&amp;__tn__=-UK-y-R&amp;c[0]=AT3HGoE2D271peIR-1gpQPzl03s5AY1Z7WE7FObE_D9ELo7TYoOSZ6-StkE4Zw05Ved_BvG83oeokum-VH1osCnAE-I7bCN9zxC3BYNioc_ccfzjBvvWPwsBfBH1aIDByaNuOF64uAn5cAd9ebCp9FV5B66qUkCrHOIoevOjnpD64E7G5W_JKAb40jRXz_eYsP5kbHPT6xcL1P21lRy_LrDxARjzn63yJyNUFWOcrR1aqEZctQ\" target=\"_blank\" rel=\"nofollow noopener noreferrer\">musicasturiana.com<\/a><\/span> pal festival de m\u00fasica moza n&#8217;asturianu<\/li>\n<li dir=\"auto\">\u00a0Esti a\u00f1u va sonar m\u00fasica tradicional, urbana, dembow, pop, ambient, folk, post-rock, shoegaze&#8230; gracies a los conciertos de @abeufolk, @ferlameg<span class=\"html-span xdj266r x11i5rnm xat24cr x1mh8g0r xexx8yu x4uap5 x18d9i69 xkhd6sd x1hl2dhg x16tdsg8 x1vvkbs\"><a class=\"x1i10hfl xjbqb8w x1ejq31n xd10rxx x1sy0etr x17r0tee x972fbf xcfux6l x1qhh985 xm0m39n x9f619 x1ypdohk xt0psk2 xe8uvvx xdj266r x11i5rnm xat24cr x1mh8g0r xexx8yu x4uap5 x18d9i69 xkhd6sd x16tdsg8 x1hl2dhg xggy1nq x1a2a7pz x1sur9pj xkrqix3 x1fey0fg x1s688f\" role=\"link\" href=\"https:\/\/www.facebook.com\/AliendaMusic?__cft__[0]=AZUQImzA1qZfGO5wepCFIu5u9d3SzoKI5ALTvqv2b6PvL1JWdoqUoRSyhRaEV993vi-OpMQT2z6c3HuTVvRMiXn6i6dhTQBH6ptGd6isfQ2oOdSxBgtu4EpvDGUqPZwZy2aAzaPPcgP6uFyf4g0_4nHRPxszEPkb8jiNicD5uSQjkfuCv9FGbQD7tmV45prRzkjnvUFODaGlCpXEECEtobyYTj7J12n5Q1yHQ6vpJkZBqw&amp;__tn__=-]K-y-R\"><span class=\"xt0psk2\">ia Alie<\/span><\/a><\/span>nda<span class=\"html-span xdj266r x11i5rnm xat24cr x1mh8g0r xexx8yu x4uap5 x18d9i69 xkhd6sd x1hl2dhg x16tdsg8 x1vvkbs\"><a class=\"x1i10hfl xjbqb8w x1ejq31n xd10rxx x1sy0etr x17r0tee x972fbf xcfux6l x1qhh985 xm0m39n x9f619 x1ypdohk xt0psk2 xe8uvvx xdj266r x11i5rnm xat24cr x1mh8g0r xexx8yu x4uap5 x18d9i69 xkhd6sd x16tdsg8 x1hl2dhg xggy1nq x1a2a7pz x1sur9pj xkrqix3 x1fey0fg x1s688f\" role=\"link\" href=\"https:\/\/www.facebook.com\/MMelandru?__cft__[0]=AZUQImzA1qZfGO5wepCFIu5u9d3SzoKI5ALTvqv2b6PvL1JWdoqUoRSyhRaEV993vi-OpMQT2z6c3HuTVvRMiXn6i6dhTQBH6ptGd6isfQ2oOdSxBgtu4EpvDGUqPZwZy2aAzaPPcgP6uFyf4g0_4nHRPxszEPkb8jiNicD5uSQjkfuCv9FGbQD7tmV45prRzkjnvUFODaGlCpXEECEtobyYTj7J12n5Q1yHQ6vpJkZBqw&amp;__tn__=-]K-y-R\"><span class=\"xt0psk2\"> y Melan<\/span><\/a><\/span>dru.<\/li>\n<\/ul>\n<\/div>\n<div class=\"x11i5rnm xat24cr x1mh8g0r x1vvkbs xtlvy1s x126k92a\">\n<ul>\n<li dir=\"auto\"><span class=\"html-span xexx8yu x4uap5 x18d9i69 xkhd6sd x1hl2dhg x16tdsg8 x1vvkbs x3nfvp2 x1j61x8r x1fcty0u xdj266r xat24cr xgzva0m xhhsvwb xxymvpz xlup9mm x1kky2od\"><img loading=\"lazy\" decoding=\"async\" class=\"xz74otr\" src=\"https:\/\/static.xx.fbcdn.net\/images\/emoji.php\/v9\/t7e\/1\/16\/1f4c5.png\" alt=\"?\" width=\"16\" height=\"16\" \/><\/span> 8 de febreru en <span class=\"html-span xdj266r x11i5rnm xat24cr x1mh8g0r xexx8yu x4uap5 x18d9i69 xkhd6sd x1hl2dhg x16tdsg8 x1vvkbs\"><a class=\"x1i10hfl xjbqb8w x1ejq31n xd10rxx x1sy0etr x17r0tee x972fbf xcfux6l x1qhh985 xm0m39n x9f619 x1ypdohk xt0psk2 xe8uvvx xdj266r x11i5rnm xat24cr x1mh8g0r xexx8yu x4uap5 x18d9i69 xkhd6sd x16tdsg8 x1hl2dhg xggy1nq x1a2a7pz x1sur9pj xkrqix3 x1fey0fg x1s688f\" role=\"link\" href=\"https:\/\/www.facebook.com\/latadezinc?__cft__[0]=AZUQImzA1qZfGO5wepCFIu5u9d3SzoKI5ALTvqv2b6PvL1JWdoqUoRSyhRaEV993vi-OpMQT2z6c3HuTVvRMiXn6i6dhTQBH6ptGd6isfQ2oOdSxBgtu4EpvDGUqPZwZy2aAzaPPcgP6uFyf4g0_4nHRPxszEPkb8jiNicD5uSQjkfuCv9FGbQD7tmV45prRzkjnvUFODaGlCpXEECEtobyYTj7J12n5Q1yHQ6vpJkZBqw&amp;__tn__=-]K-y-R\"><span class=\"xt0psk2\">Lata de Zinc<\/span><\/a><\/span><\/li>\n<\/ul>\n<p><!--more--><\/p>\n<div dir=\"auto\"><span class=\"html-span xexx8yu x4uap5 x18d9i69 xkhd6sd x1hl2dhg x16tdsg8 x1vvkbs x3nfvp2 x1j61x8r x1fcty0u xdj266r xat24cr xgzva0m xhhsvwb xxymvpz xlup9mm x1kky2od\"><img loading=\"lazy\" decoding=\"async\" class=\"xz74otr\" src=\"https:\/\/static.xx.fbcdn.net\/images\/emoji.php\/v9\/t6\/1\/16\/2692.png\" alt=\"\u2692\ufe0f\" width=\"16\" height=\"16\" \/><\/span> Entama: <span class=\"html-span xdj266r x11i5rnm xat24cr x1mh8g0r xexx8yu x4uap5 x18d9i69 xkhd6sd x1hl2dhg x16tdsg8 x1vvkbs\"><a class=\"x1i10hfl xjbqb8w x1ejq31n xd10rxx x1sy0etr x17r0tee x972fbf xcfux6l x1qhh985 xm0m39n x9f619 x1ypdohk xt0psk2 xe8uvvx xdj266r x11i5rnm xat24cr x1mh8g0r xexx8yu x4uap5 x18d9i69 xkhd6sd x16tdsg8 x1hl2dhg xggy1nq x1a2a7pz x1sur9pj xkrqix3 x1fey0fg x1s688f\" role=\"link\" href=\"https:\/\/www.facebook.com\/musicasturiana?__cft__[0]=AZUQImzA1qZfGO5wepCFIu5u9d3SzoKI5ALTvqv2b6PvL1JWdoqUoRSyhRaEV993vi-OpMQT2z6c3HuTVvRMiXn6i6dhTQBH6ptGd6isfQ2oOdSxBgtu4EpvDGUqPZwZy2aAzaPPcgP6uFyf4g0_4nHRPxszEPkb8jiNicD5uSQjkfuCv9FGbQD7tmV45prRzkjnvUFODaGlCpXEECEtobyYTj7J12n5Q1yHQ6vpJkZBqw&amp;__tn__=-]K-y-R\"><span class=\"xt0psk2\">musicasturiana.com<\/span><\/a><\/span> y <span class=\"html-span xdj266r x11i5rnm xat24cr x1mh8g0r xexx8yu x4uap5 x18d9i69 xkhd6sd x1hl2dhg x16tdsg8 x1vvkbs\"><a class=\"x1i10hfl xjbqb8w x1ejq31n xd10rxx x1sy0etr x17r0tee x972fbf xcfux6l x1qhh985 xm0m39n x9f619 x1ypdohk xt0psk2 xe8uvvx xdj266r x11i5rnm xat24cr x1mh8g0r xexx8yu x4uap5 x18d9i69 xkhd6sd x16tdsg8 x1hl2dhg xggy1nq x1a2a7pz x1sur9pj xkrqix3 x1fey0fg x1s688f\" role=\"link\" href=\"https:\/\/www.facebook.com\/ixuxucultura?__cft__[0]=AZUQImzA1qZfGO5wepCFIu5u9d3SzoKI5ALTvqv2b6PvL1JWdoqUoRSyhRaEV993vi-OpMQT2z6c3HuTVvRMiXn6i6dhTQBH6ptGd6isfQ2oOdSxBgtu4EpvDGUqPZwZy2aAzaPPcgP6uFyf4g0_4nHRPxszEPkb8jiNicD5uSQjkfuCv9FGbQD7tmV45prRzkjnvUFODaGlCpXEECEtobyYTj7J12n5Q1yHQ6vpJkZBqw&amp;__tn__=-]K-y-R\"><span class=\"xt0psk2\">Ixux\u00fa Cultura<\/span><\/a><\/span><\/div>\n<div dir=\"auto\"><span class=\"html-span xexx8yu x4uap5 x18d9i69 xkhd6sd x1hl2dhg x16tdsg8 x1vvkbs x3nfvp2 x1j61x8r x1fcty0u xdj266r xat24cr xgzva0m xhhsvwb xxymvpz xlup9mm x1kky2od\"><img loading=\"lazy\" decoding=\"async\" class=\"xz74otr\" src=\"https:\/\/static.xx.fbcdn.net\/images\/emoji.php\/v9\/t82\/1\/16\/1f3a8.png\" alt=\"?\" width=\"16\" height=\"16\" \/><\/span> Dise\u00f1u: @surimi_tattoo<\/div>\n<div dir=\"auto\"><span class=\"html-span xexx8yu x4uap5 x18d9i69 xkhd6sd x1hl2dhg x16tdsg8 x1vvkbs x3nfvp2 x1j61x8r x1fcty0u xdj266r xat24cr xgzva0m xhhsvwb xxymvpz xlup9mm x1kky2od\"><img loading=\"lazy\" decoding=\"async\" class=\"xz74otr\" src=\"https:\/\/static.xx.fbcdn.net\/images\/emoji.php\/v9\/tde\/1\/16\/1f4f8.png\" alt=\"?\" width=\"16\" height=\"16\" \/><\/span> Semeyes y videu: @naysemeya<\/div>\n<div dir=\"auto\"><span class=\"html-span xexx8yu x4uap5 x18d9i69 xkhd6sd x1hl2dhg x16tdsg8 x1vvkbs x3nfvp2 x1j61x8r x1fcty0u xdj266r xat24cr xgzva0m xhhsvwb xxymvpz xlup9mm x1kky2od\"><img loading=\"lazy\" decoding=\"async\" class=\"xz74otr\" src=\"https:\/\/static.xx.fbcdn.net\/images\/emoji.php\/v9\/t2b\/1\/16\/1f399.png\" alt=\"?\ufe0f\" width=\"16\" height=\"16\" \/><\/span> Presenten: @heroesensinnome<\/div>\n<div dir=\"auto\"><span class=\"html-span xexx8yu x4uap5 x18d9i69 xkhd6sd x1hl2dhg x16tdsg8 x1vvkbs x3nfvp2 x1j61x8r x1fcty0u xdj266r xat24cr xgzva0m xhhsvwb xxymvpz xlup9mm x1kky2od\"><img loading=\"lazy\" decoding=\"async\" class=\"xz74otr\" src=\"https:\/\/static.xx.fbcdn.net\/images\/emoji.php\/v9\/tba\/1\/16\/1f64c_1f3fd.png\" alt=\"??\" width=\"16\" height=\"16\" \/><\/span> Sofiten: <span class=\"html-span xdj266r x11i5rnm xat24cr x1mh8g0r xexx8yu x4uap5 x18d9i69 xkhd6sd x1hl2dhg x16tdsg8 x1vvkbs\"><a class=\"x1i10hfl xjbqb8w x1ejq31n xd10rxx x1sy0etr x17r0tee x972fbf xcfux6l x1qhh985 xm0m39n x9f619 x1ypdohk xt0psk2 xe8uvvx xdj266r x11i5rnm xat24cr x1mh8g0r xexx8yu x4uap5 x18d9i69 xkhd6sd x16tdsg8 x1hl2dhg xggy1nq x1a2a7pz x1sur9pj xkrqix3 x1fey0fg x1s688f\" role=\"link\" href=\"https:\/\/www.facebook.com\/@CRASTURIAS\/?__cft__[0]=AZUQImzA1qZfGO5wepCFIu5u9d3SzoKI5ALTvqv2b6PvL1JWdoqUoRSyhRaEV993vi-OpMQT2z6c3HuTVvRMiXn6i6dhTQBH6ptGd6isfQ2oOdSxBgtu4EpvDGUqPZwZy2aAzaPPcgP6uFyf4g0_4nHRPxszEPkb8jiNicD5uSQjkfuCv9FGbQD7tmV45prRzkjnvUFODaGlCpXEECEtobyYTj7J12n5Q1yHQ6vpJkZBqw&amp;__tn__=-]K-y-R\"><span class=\"xt0psk2\">Caja Rural de Asturias<\/span><\/a><\/span> <span class=\"html-span xdj266r x11i5rnm xat24cr x1mh8g0r xexx8yu x4uap5 x18d9i69 xkhd6sd x1hl2dhg x16tdsg8 x1vvkbs\"><a class=\"x1i10hfl xjbqb8w x1ejq31n xd10rxx x1sy0etr x17r0tee x972fbf xcfux6l x1qhh985 xm0m39n x9f619 x1ypdohk xt0psk2 xe8uvvx xdj266r x11i5rnm xat24cr x1mh8g0r xexx8yu x4uap5 x18d9i69 xkhd6sd x16tdsg8 x1hl2dhg xggy1nq x1a2a7pz x1sur9pj xkrqix3 x1fey0fg x1s688f\" role=\"link\" href=\"https:\/\/www.facebook.com\/cmpa.es?__cft__[0]=AZUQImzA1qZfGO5wepCFIu5u9d3SzoKI5ALTvqv2b6PvL1JWdoqUoRSyhRaEV993vi-OpMQT2z6c3HuTVvRMiXn6i6dhTQBH6ptGd6isfQ2oOdSxBgtu4EpvDGUqPZwZy2aAzaPPcgP6uFyf4g0_4nHRPxszEPkb8jiNicD5uSQjkfuCv9FGbQD7tmV45prRzkjnvUFODaGlCpXEECEtobyYTj7J12n5Q1yHQ6vpJkZBqw&amp;__tn__=-]K-y-R\"><span class=\"xt0psk2\">CMPA Conseyu d&#8217;Asturies<\/span><\/a><\/span> Conseyu De La Moced\u00e1 d&#8217;Uvi\u00e9u <span class=\"html-span xdj266r x11i5rnm xat24cr x1mh8g0r xexx8yu x4uap5 x18d9i69 xkhd6sd x1hl2dhg x16tdsg8 x1vvkbs\"><a class=\"x1i10hfl xjbqb8w x1ejq31n xd10rxx x1sy0etr x17r0tee x972fbf xcfux6l x1qhh985 xm0m39n x9f619 x1ypdohk xt0psk2 xe8uvvx xdj266r x11i5rnm xat24cr x1mh8g0r xexx8yu x4uap5 x18d9i69 xkhd6sd x16tdsg8 x1hl2dhg xggy1nq x1a2a7pz x1sur9pj xkrqix3 x1fey0fg x1s688f\" role=\"link\" href=\"https:\/\/www.facebook.com\/pururemangu?__cft__[0]=AZUQImzA1qZfGO5wepCFIu5u9d3SzoKI5ALTvqv2b6PvL1JWdoqUoRSyhRaEV993vi-OpMQT2z6c3HuTVvRMiXn6i6dhTQBH6ptGd6isfQ2oOdSxBgtu4EpvDGUqPZwZy2aAzaPPcgP6uFyf4g0_4nHRPxszEPkb8jiNicD5uSQjkfuCv9FGbQD7tmV45prRzkjnvUFODaGlCpXEECEtobyYTj7J12n5Q1yHQ6vpJkZBqw&amp;__tn__=-]K-y-R\"><span class=\"xt0psk2\">Puru Remangu<\/span><\/a><\/span><\/div>\n<\/div>\n<div class=\"x11i5rnm xat24cr x1mh8g0r x1vvkbs xtlvy1s x126k92a\">\n<div dir=\"auto\"><span class=\"html-span xexx8yu x4uap5 x18d9i69 xkhd6sd x1hl2dhg x16tdsg8 x1vvkbs x3nfvp2 x1j61x8r x1fcty0u xdj266r xat24cr xgzva0m xhhsvwb xxymvpz xlup9mm x1kky2od\"><img loading=\"lazy\" decoding=\"async\" class=\"xz74otr\" src=\"https:\/\/static.xx.fbcdn.net\/images\/emoji.php\/v9\/te9\/1\/16\/1f4aa_1f3fd.png\" alt=\"??\" width=\"16\" height=\"16\" \/><\/span> \u00a1V\u00e9monos otru a\u00f1u m\u00e1s pa puxar pol relevu xeneracional na m\u00fasica asturiana!<\/div>\n<\/div>\n<div dir=\"auto\">\n<p>El 8 de febreru a les 21h la sala<strong>\u00a0Lata de Zinc<\/strong>\u00a0d\u2019Uvi\u00e9u va acoyer el<strong>\u00a0<a href=\"https:\/\/musicasturiana.com\/semando-fest\/\" target=\"_blank\" rel=\"noreferrer noopener\">III Semando Fest<\/a><\/strong>, festival de<strong>\u00a0m\u00fasica moza n\u2019asturianu<\/strong>. N\u00e9l van participar<strong>\u00a0Ab\u00e9u\u00a0<\/strong>cola so m\u00fasica tradicional axeitada pal baille;\u00a0<strong>Ferla Meg\u00eda<\/strong>, col so amiestu de pop, folk, triphip, dembow, rap\u2026;\u00a0<strong>Alienda<\/strong>, banda de\u00a0<em>power folk<\/em>\u00a0que sigui\u2019l cam\u00edn de los meyores nomes del folk asturianu; y\u00a0<strong>Melandru<\/strong>, formaci\u00f3n de post-rock influy\u00eda pol shoegaze, dream pop y el folk. Son\u00a0<strong>distintos estilos<\/strong>\u00a0pa reflexar la\u00a0<strong>diversid\u00e1\u00a0<\/strong>sonora de la m\u00fasica asturiana y con una caracter\u00edstica com\u00fan: la mayor\u00eda de los sos componentes son\u00a0<strong>menores de 35 a\u00f1os<\/strong>.<\/p>\n<div class=\"wp-block-spacer\" aria-hidden=\"true\"><\/div>\n<p>Tres les exitoses ediciones de 2023 y 2024 -qu\u2019escosaron entraes d\u00edes enantes de la so celebraci\u00f3n-, vuelve\u2019l festival de<strong>\u00a0m\u00fasica moza n\u2019asturianu<\/strong>\u00a0qu\u2019entama Musicasturiana.com y Ixux\u00fa Cultura. La iniciativa va m\u00e1s all\u00e1 de ser un simple conciertu y por eso tien tou una filosof\u00eda caracteriza por puxar pol<strong>\u00a0relevu xeneracional\u00a0<\/strong>na m\u00fasica asturiana; por ufrir un festival con un\u00a0<strong>formatu orixinal\u00a0<\/strong>qu\u2019entemeza aspectos d\u2019una gala colos d\u2019un conciertu al usu; que reivindica les\u00a0<strong>sales de conciertos<\/strong>\u00a0como un espaciu afayadizu pal exposigue de la m\u00fasica de raiga\u00f1u; qu\u2019apuesta por da-y oportunidaes a les y los\u00a0<strong>creadores x\u00f3venes<\/strong>\u00a0y que trabaya tami\u00e9n por avanzar hacia la\u00a0<strong>iguald\u00e1\u00a0<\/strong>dientro de la m\u00fasica n\u2019asturianu.<\/p>\n<div class=\"wp-block-spacer\" aria-hidden=\"true\"><\/div>\n<p>D\u2019esta manera, am\u00e1s de les y los componentes de los grupos, l\u2019equipu del Semando Fest ta form\u00e1u por xente mozo: el dise\u00f1u y la identid\u00e1 visual ye obra de la dise\u00f1adora\u00a0<strong><a href=\"https:\/\/musicasturiana.com\/el-iii-semando-fest-presental-so-logotipu-disenau-por-surimi\/\" target=\"_blank\" rel=\"noreferrer noopener\">Paula Su\u00e1rez\u00a0<em>Surimi<\/em><\/a><\/strong>\u00a0(Xix\u00f3n, 1990);\u00a0<strong><a href=\"https:\/\/www.instagram.com\/naysemeya\/\" target=\"_blank\" rel=\"noreferrer noopener\">Nay Semeya<\/a><\/strong>\u00a0va facer les semeyes y el videu del festival;\u00a0<strong>Ra\u00fal Alonso<\/strong>\u00a0(Xix\u00f3n, 1999) y\u00a0<strong>Yedra Riesgo\u00a0<\/strong>(Pravia, 1997) d\u2019<a href=\"https:\/\/www.instagram.com\/heroesensinnome\/\" target=\"_blank\" rel=\"noreferrer noopener\">H\u00e9roes Ensin Nome<\/a>\u00a0van volver a presentar la gala y desendolcar llabores de producci\u00f3n, esto \u00faltimo xunto a\u00a0<strong>Claudia Gonz\u00e1lez<\/strong>\u00a0(Lluanco, 1999).\u00a0<strong>Xicu Ariza\u00a0<\/strong>(Xix\u00f3n, 1989), responsable d\u2019Ixux\u00fa Cultura y Musicasturiana.com, ye\u2019l coordinador de tol proyectu per \u00faltima vez, y\u00e1 que al pasar nel 2025 de los 35 a\u00f1os d\u2019ed\u00e1 va\u00a0<strong>dexar la direcci\u00f3n\u00a0<\/strong>del Semando Fest pa dar relevu nesta xera y asina caltener la coherencia cola filosof\u00eda del eventu.<\/p>\n<div class=\"wp-block-spacer\" aria-hidden=\"true\"><\/div>\n<p><strong>Entraes y\u00e1 a la venta<\/strong><\/p>\n<p>Les entraes y\u00e1 se pueden mercar en musicasturiana.com por un preciu anticip\u00e1u de 12 euros -10 euros pa menores de 26 a\u00f1os- y, si nun s\u2019escosen enantes, en taquilla van costar 15 \u20ac. Am\u00e1s, distintes<strong>\u00a0entidaes p\u00fabliques y privaes<\/strong>\u00a0vuelven a\u00a0<strong>patrocinar\u00a0<\/strong>esti eventu p\u2019ayudar a la so viabilid\u00e1 econ\u00f3mica. Son la Fundaci\u00f3n Caja Rural de Asturias, el Conseyu de la Moced\u00e1 del Princip\u00e1u d\u2019Asturies y el Conseyu de la Moced\u00e1 d\u2019Uvi\u00e9u.<\/p>\n<p style=\"text-align: center\"><a href=\"https:\/\/musicasturiana.com\/wp-content\/uploads\/2024\/12\/iii-semando-fest-anunciu.jpg\"><img loading=\"lazy\" decoding=\"async\" class=\"aligncenter size-large\" src=\"https:\/\/musicasturiana.com\/wp-content\/uploads\/2024\/12\/iii-semando-fest-anunciu.jpg\" width=\"1200\" height=\"600\" \/><\/a><\/p>\n<div class=\"wp-block-spacer\" aria-hidden=\"true\"><\/div>\n<\/div>\n<\/div>\n<\/div>\n<\/div>\n<\/div>\n<\/div>\n<\/div>\n<p>&nbsp;<\/p>\n","protected":false},"excerpt":{"rendered":"<p>musicasturiana.com\/ cartelu \u00a0Y\u00e1 t\u00e1n a la venta les entraes en musicasturiana.com pal festival de m\u00fasica moza n&#8217;asturianu \u00a0Esti a\u00f1u va sonar m\u00fasica tradicional, urbana, dembow, pop, ambient, folk, post-rock, shoegaze&#8230; gracies a los conciertos de @abeufolk, @ferlamegia Alienda y Melandru. 8 de febreru en Lata de Zinc<\/p>\n","protected":false},"author":117,"featured_media":0,"comment_status":"open","ping_status":"open","sticky":false,"template":"","format":"standard","meta":{"footnotes":""},"categories":[35,125],"tags":[],"class_list":["post-39068","post","type-post","status-publish","format-standard","hentry","category-musica","category-musicasturiana-com"],"_links":{"self":[{"href":"https:\/\/edublog.educastur.es\/ixuxu\/wp-json\/wp\/v2\/posts\/39068","targetHints":{"allow":["GET"]}}],"collection":[{"href":"https:\/\/edublog.educastur.es\/ixuxu\/wp-json\/wp\/v2\/posts"}],"about":[{"href":"https:\/\/edublog.educastur.es\/ixuxu\/wp-json\/wp\/v2\/types\/post"}],"author":[{"embeddable":true,"href":"https:\/\/edublog.educastur.es\/ixuxu\/wp-json\/wp\/v2\/users\/117"}],"replies":[{"embeddable":true,"href":"https:\/\/edublog.educastur.es\/ixuxu\/wp-json\/wp\/v2\/comments?post=39068"}],"version-history":[{"count":6,"href":"https:\/\/edublog.educastur.es\/ixuxu\/wp-json\/wp\/v2\/posts\/39068\/revisions"}],"predecessor-version":[{"id":39080,"href":"https:\/\/edublog.educastur.es\/ixuxu\/wp-json\/wp\/v2\/posts\/39068\/revisions\/39080"}],"wp:attachment":[{"href":"https:\/\/edublog.educastur.es\/ixuxu\/wp-json\/wp\/v2\/media?parent=39068"}],"wp:term":[{"taxonomy":"category","embeddable":true,"href":"https:\/\/edublog.educastur.es\/ixuxu\/wp-json\/wp\/v2\/categories?post=39068"},{"taxonomy":"post_tag","embeddable":true,"href":"https:\/\/edublog.educastur.es\/ixuxu\/wp-json\/wp\/v2\/tags?post=39068"}],"curies":[{"name":"wp","href":"https:\/\/api.w.org\/{rel}","templated":true}]}}