{"id":39103,"date":"2024-12-30T15:53:21","date_gmt":"2024-12-30T13:53:21","guid":{"rendered":"https:\/\/edublog.educastur.es\/ixuxu\/?p=39103"},"modified":"2025-01-01T15:56:34","modified_gmt":"2025-01-01T13:56:34","slug":"39103","status":"publish","type":"post","link":"https:\/\/edublog.educastur.es\/ixuxu\/2024\/12\/39103\/","title":{"rendered":"Reconocen la trayectoria d&#8217;I\u00f1aki S. Santianes y Ismael Tom\u00e1s"},"content":{"rendered":"<div class=\"html-div xdj266r x11i5rnm xat24cr x1mh8g0r xexx8yu x4uap5 x18d9i69 xkhd6sd\">\n<div class=\"html-div xdj266r x11i5rnm x1mh8g0r x18d9i69 x1cy8zhl x78zum5 x1q0g3np xod5an3 xz9dl7a x1ye3gou xn6708d\">\n<div class=\"html-div xdj266r x11i5rnm xat24cr x1mh8g0r xexx8yu x4uap5 x18d9i69 xkhd6sd x1iyjqo2\">\n<div class=\"x78zum5 xdt5ytf xz62fqu x16ldp7u\">\n<div class=\"xu06os2 x1ok221b\">\n<div class=\"html-div xdj266r x11i5rnm xat24cr x1mh8g0r xexx8yu x4uap5 x18d9i69 xkhd6sd\" data-ad-rendering-role=\"profile_name\">\n<ul>\n<li class=\"x6prxxf xk50ysn xvq8zen\" dir=\"ltr\"><span class=\"xt0psk2\" style=\"font-size: 16px\"><a class=\"x1i10hfl xjbqb8w x1ejq31n xd10rxx x1sy0etr x17r0tee x972fbf xcfux6l x1qhh985 xm0m39n x9f619 x1ypdohk xt0psk2 xe8uvvx xdj266r x11i5rnm xat24cr x1mh8g0r xexx8yu x4uap5 x18d9i69 xkhd6sd x16tdsg8 x1hl2dhg xggy1nq x1a2a7pz x1sur9pj xkrqix3 xzsf02u x1s688f\" role=\"link\" href=\"https:\/\/www.facebook.com\/groups\/227575853931585\/?hoisted_section_header_type=recently_seen&amp;multi_permalinks=9150334148322333&amp;__cft__[0]=AZV5GfN5GSf-5bJX9uz8Q-e6AQL6DVyEVtdFXw512K6pkLF6CKseOOM1RLca5K92WrJ7RFx8cM5uRYeapAqOUd1qRDTjbDmbb_X9OEYV342Ms6P4RYQAGXrxAHZD_i_ZcZAyEI-GVisSFICx-3I15MZUVfXEAB3kbGfaFdjIumVjDhf406SofTqNYHzt7MFrtHoykqHS9opbuu3aD6uq43X9AWKwfT3YH32ULUeFHR_xcm5xEeuwjjujizfPOMRpdro&amp;__tn__=-UC%2CP-R\"><span class=\"html-span xdj266r x11i5rnm xat24cr x1mh8g0r xexx8yu x4uap5 x18d9i69 xkhd6sd x1hl2dhg x16tdsg8 x1vvkbs\">QUIERO FALAR N&#8217;ASTURIANU<\/span><\/a><\/span><\/li>\n<li dir=\"ltr\">\n<p class=\"html-h5 x11i5rnm xat24cr x1mh8g0r xexx8yu x4uap5 x18d9i69 xkhd6sd x1vvkbs x1heor9g x1qlqyl8 x1pd3egz x1a2a7pz x1gslohp x1yc453h\"><span class=\"xt0psk2\" style=\"font-size: 16px\"><a class=\"x1i10hfl xjbqb8w x1ejq31n xd10rxx x1sy0etr x17r0tee x972fbf xcfux6l x1qhh985 xm0m39n x9f619 x1ypdohk xt0psk2 xe8uvvx xdj266r x11i5rnm xat24cr x1mh8g0r xexx8yu x4uap5 x18d9i69 xkhd6sd x16tdsg8 x1hl2dhg xggy1nq x1a2a7pz x1sur9pj xkrqix3 xzsf02u x1s688f\" role=\"link\" href=\"https:\/\/www.facebook.com\/musicasturiana?__cft__[0]=AZV5GfN5GSf-5bJX9uz8Q-e6AQL6DVyEVtdFXw512K6pkLF6CKseOOM1RLca5K92WrJ7RFx8cM5uRYeapAqOUd1qRDTjbDmbb_X9OEYV342Ms6P4RYQAGXrxAHZD_i_ZcZAyEI-GVisSFICx-3I15MZUVfXEAB3kbGfaFdjIumVjDhf406SofTqNYHzt7MFrtHoykqHS9opbuu3aD6uq43X9AWKwfT3YH32ULUeFHR_xcm5xEeuwjjujizfPOMRpdro&amp;__tn__=-UC%2CP-y-R\"><strong class=\"html-strong xdj266r x11i5rnm xat24cr x1mh8g0r xexx8yu x4uap5 x18d9i69 xkhd6sd x1hl2dhg x16tdsg8 x1vvkbs x1s688f\"><span class=\"html-span xdj266r x11i5rnm xat24cr x1mh8g0r xexx8yu x4uap5 x18d9i69 xkhd6sd x1hl2dhg x16tdsg8 x1vvkbs\">musicasturiana.com<\/span><\/strong><\/a><\/span>\/ <a href=\"https:\/\/musicasturiana.com\/mieres-premial-llabor-dinaki-santianes-y-ismael-tomas\/?fbclid=IwZXh0bgNhZW0CMTEAAR0R-hv1nwmIsLSZDth4HEFAthpmnd66dAQeIS7LDR2AwuxD6Fp6-BC3bKk_aem_Q8CTimqNn7mfcvjgDH_kbQ\">Ver noticia<\/a> \/<\/p>\n<\/li>\n<\/ul>\n<\/div>\n<\/div>\n<div class=\"xu06os2 x1ok221b\">\n<div id=\":r173:\" class=\"html-div xdj266r x11i5rnm xat24cr x1mh8g0r xexx8yu x4uap5 x18d9i69 xkhd6sd x1q0g3np\">El Conceyu Mieres y l&#8217;Asociaci\u00f3n Cultural G\u00fceria San Xuan reconocen la trayectoria de I\u00f1aki Sanchez Santianes y Ismael Tom\u00e1s na gala d&#8217;asturianada Festival Mieres Mozo.<\/div>\n<div style=\"text-align: center\"><a href=\"https:\/\/musicasturiana.com\/wp-content\/uploads\/2024\/12\/Ismael-Tomas-y-Inaki-Santianes.jpg\"><img loading=\"lazy\" decoding=\"async\" class=\"aligncenter size-large\" src=\"https:\/\/musicasturiana.com\/wp-content\/uploads\/2024\/12\/Ismael-Tomas-y-Inaki-Santianes.jpg\" width=\"1200\" height=\"600\" \/><\/a><\/div>\n<div>\n<p>El\u00a0<strong>Conceyu Mieres<\/strong>\u00a0y l\u2019<strong>Asociaci\u00f3n Cultural G\u00fceria San Xuan<\/strong>\u00a0premiaron esti domingu 29 d\u2019avientu al maestru cantador\u00a0<strong>Ismael Tom\u00e1s Montes\u00a0<\/strong>y al gaiteru\u00a0<strong>I\u00f1aki S\u00e1nchez Santianes<\/strong>\u00a0na gala d\u2019asturianada\u00a0<strong>XXII Festival Mieres Mozo<\/strong>.<\/p>\n<div class=\"wp-block-spacer\" aria-hidden=\"true\"><!--more--><\/div>\n<p><strong>Ismael Tom\u00e1s<\/strong>\u00a0ye \u00fan de los int\u00e9rpretes d\u2019asturianada m\u00e1s reconoc\u00edos angua\u00f1o. Na so carrera destaquen, am\u00e1s de los\u00a0<strong>numberosos premios<\/strong>\u00a0y actuaciones en cert\u00e1menes, el so\u00a0<strong>maxisteriu<\/strong>\u00a0del x\u00e9neru en delles escueles de Xix\u00f3n, Grau y el Valle Bah.u de Pe\u00f1amellera. Lorena Corripio, Marina Carbajosa -ganadores dambes del Premiu \u00abLa Busdonga\u00bb-, Luisi Mart\u00ednez y Jos\u00e9 Garc\u00eda son parte del so alumn\u00e1u.<\/p>\n<div class=\"wp-block-spacer\" aria-hidden=\"true\"><\/div>\n<p>Pel so llau,\u00a0<strong>I\u00f1aki Santianes<\/strong>\u00a0recibe\u2019l\u00a0<strong>V Premiu Gaita Real<\/strong>\u00a0pol so venceyu y compromiso cola m\u00fasica tradicional asturiana. Santianes ye fagotista, gaiteru, profesor y director de la\u00a0<strong>Banda Gaites La Laguna del Torollu<\/strong>, cola qu\u2019entam\u00f3\u2019l proyectu\u00a0<em>13 Reyes\u00a0<\/em>pal caberu Festival Interc\u00e9lticu de Lorient xunto a la Banda del Aten\u00e9u Musical de Mieres.<\/p>\n<\/div>\n<\/div>\n<\/div>\n<\/div>\n<\/div>\n<\/div>\n<p>&nbsp;<\/p>\n","protected":false},"excerpt":{"rendered":"<p>QUIERO FALAR N&#8217;ASTURIANU musicasturiana.com\/ Ver noticia \/ El Conceyu Mieres y l&#8217;Asociaci\u00f3n Cultural G\u00fceria San Xuan reconocen la trayectoria de I\u00f1aki Sanchez Santianes y Ismael Tom\u00e1s na gala d&#8217;asturianada Festival Mieres Mozo. El\u00a0Conceyu Mieres\u00a0y l\u2019Asociaci\u00f3n Cultural G\u00fceria San Xuan\u00a0premiaron esti domingu 29 d\u2019avientu al maestru cantador\u00a0Ismael Tom\u00e1s Montes\u00a0y al gaiteru\u00a0I\u00f1aki S\u00e1nchez Santianes\u00a0na gala d\u2019asturianada\u00a0XXII Festival [&hellip;]<\/p>\n","protected":false},"author":117,"featured_media":0,"comment_status":"open","ping_status":"open","sticky":false,"template":"","format":"standard","meta":{"footnotes":""},"categories":[405,35],"tags":[],"class_list":["post-39103","post","type-post","status-publish","format-standard","hentry","category-asturianada","category-musica"],"_links":{"self":[{"href":"https:\/\/edublog.educastur.es\/ixuxu\/wp-json\/wp\/v2\/posts\/39103","targetHints":{"allow":["GET"]}}],"collection":[{"href":"https:\/\/edublog.educastur.es\/ixuxu\/wp-json\/wp\/v2\/posts"}],"about":[{"href":"https:\/\/edublog.educastur.es\/ixuxu\/wp-json\/wp\/v2\/types\/post"}],"author":[{"embeddable":true,"href":"https:\/\/edublog.educastur.es\/ixuxu\/wp-json\/wp\/v2\/users\/117"}],"replies":[{"embeddable":true,"href":"https:\/\/edublog.educastur.es\/ixuxu\/wp-json\/wp\/v2\/comments?post=39103"}],"version-history":[{"count":3,"href":"https:\/\/edublog.educastur.es\/ixuxu\/wp-json\/wp\/v2\/posts\/39103\/revisions"}],"predecessor-version":[{"id":39106,"href":"https:\/\/edublog.educastur.es\/ixuxu\/wp-json\/wp\/v2\/posts\/39103\/revisions\/39106"}],"wp:attachment":[{"href":"https:\/\/edublog.educastur.es\/ixuxu\/wp-json\/wp\/v2\/media?parent=39103"}],"wp:term":[{"taxonomy":"category","embeddable":true,"href":"https:\/\/edublog.educastur.es\/ixuxu\/wp-json\/wp\/v2\/categories?post=39103"},{"taxonomy":"post_tag","embeddable":true,"href":"https:\/\/edublog.educastur.es\/ixuxu\/wp-json\/wp\/v2\/tags?post=39103"}],"curies":[{"name":"wp","href":"https:\/\/api.w.org\/{rel}","templated":true}]}}