{"id":39111,"date":"2025-01-01T00:02:35","date_gmt":"2024-12-31T22:02:35","guid":{"rendered":"https:\/\/edublog.educastur.es\/ixuxu\/?p=39111"},"modified":"2025-01-01T22:42:29","modified_gmt":"2025-01-01T20:42:29","slug":"feliz-anu-nuevu-2025","status":"publish","type":"post","link":"https:\/\/edublog.educastur.es\/ixuxu\/2025\/01\/feliz-anu-nuevu-2025\/","title":{"rendered":"\u00a1FELIZ A\u00d1U 2025!"},"content":{"rendered":"<p style=\"text-align: center\">\n<!-- iframe plugin v.6.0 wordpress.org\/plugins\/iframe\/ -->\n<iframe loading=\"lazy\" src=\"https:\/\/www.instagram.com\/reel\/DESwcOrubkZ\/embed\" width=\"460\" height=\"650\" 0=\"\/iframe\" scrolling=\"yes\" class=\"iframe-class\" frameborder=\"0\"><\/iframe>\n<\/p>\n<div class=\"\">\n<ul>\n<li class=\"_aarf _aarg _a9zp\" role=\"button\"><a class=\"x1i10hfl xjqpnuy xa49m3k xqeqjp1 x2hbi6w xdl72j9 x2lah0s xe8uvvx xdj266r x11i5rnm xat24cr x1mh8g0r x2lwn1j xeuugli x1hl2dhg xggy1nq x1ja2u2z x1t137rt x1q0g3np x1lku1pv x1a2a7pz x6s0dn4 xjyslct x1ejq31n xd10rxx x1sy0etr x17r0tee x9f619 x1ypdohk x1f6kntn xwhw2v2 xl56j7k x17ydfre x2b8uid xlyipyv x87ps6o x14atkfc xcdnw81 x1i0vuye xjbqb8w xm3z3ea x1x8b98j x131883w x16mih1h x972fbf xcfux6l x1qhh985 xm0m39n xt0psk2 xt7dq6l xexx8yu x4uap5 x18d9i69 xkhd6sd x1n2onr6 x1n5bzlp xqnirrm xj34u2y x568u83\" role=\"link\" href=\"https:\/\/www.instagram.com\/asturian.words\/\">asturian.words<\/a><\/li>\n<\/ul>\n<\/div>\n<div class=\"_a9zr\">\n<div class=\"_a9zs\">\n<p class=\"_ap3a _aaco _aacu _aacx _aad7 _aade\" dir=\"auto\">Dende\u2019l coraz\u00f3n de les nueses tradiciones asturianes, brindamos con sidra y allegr\u00eda por un a\u00f1u enllenu d\u2019\u00e9sitos, xuni\u00f3n y muncha folixa. ?? Que la m\u00fasica, el baille y l\u2019amist\u00e1 sigan acompa\u00f1\u00e1ndonos como nesta celebraci\u00f3n. Gracies al Grupu A\u00f1os 70 por recordanos que les nueses ra\u00edces son motivu d\u2019arguyu y felicid\u00e1. ?? \u00a1A por un 2025 enllenu de momentos inolvidables! ?<\/p>\n<\/div>\n<\/div>\n<h2 class=\"html-h2 x11i5rnm xat24cr x1mh8g0r xexx8yu x4uap5 x18d9i69 xkhd6sd x1vvkbs x1heor9g x1qlqyl8 x1pd3egz x1a2a7pz x1gslohp\" style=\"text-align: center\"><span style=\"font-size: 14px\"><em><span class=\"x193iq5w xeuugli x13faqbe x1vvkbs x1xmvt09 x1f6kntn xvq8zen xo1l8bm xi81zsa\">\u00a0<\/span><\/em><\/span><\/h2>\n","protected":false},"excerpt":{"rendered":"<p>asturian.words Dende\u2019l coraz\u00f3n de les nueses tradiciones asturianes, brindamos con sidra y allegr\u00eda por un a\u00f1u enllenu d\u2019\u00e9sitos, xuni\u00f3n y muncha folixa. ?? Que la m\u00fasica, el baille y l\u2019amist\u00e1 sigan acompa\u00f1\u00e1ndonos como nesta celebraci\u00f3n. Gracies al Grupu A\u00f1os 70 por recordanos que les nueses ra\u00edces son motivu d\u2019arguyu y felicid\u00e1. ?? \u00a1A por un [&hellip;]<\/p>\n","protected":false},"author":117,"featured_media":0,"comment_status":"open","ping_status":"open","sticky":false,"template":"","format":"standard","meta":{"footnotes":""},"categories":[356],"tags":[],"class_list":["post-39111","post","type-post","status-publish","format-standard","hentry","category-asturian-words"],"_links":{"self":[{"href":"https:\/\/edublog.educastur.es\/ixuxu\/wp-json\/wp\/v2\/posts\/39111","targetHints":{"allow":["GET"]}}],"collection":[{"href":"https:\/\/edublog.educastur.es\/ixuxu\/wp-json\/wp\/v2\/posts"}],"about":[{"href":"https:\/\/edublog.educastur.es\/ixuxu\/wp-json\/wp\/v2\/types\/post"}],"author":[{"embeddable":true,"href":"https:\/\/edublog.educastur.es\/ixuxu\/wp-json\/wp\/v2\/users\/117"}],"replies":[{"embeddable":true,"href":"https:\/\/edublog.educastur.es\/ixuxu\/wp-json\/wp\/v2\/comments?post=39111"}],"version-history":[{"count":5,"href":"https:\/\/edublog.educastur.es\/ixuxu\/wp-json\/wp\/v2\/posts\/39111\/revisions"}],"predecessor-version":[{"id":39181,"href":"https:\/\/edublog.educastur.es\/ixuxu\/wp-json\/wp\/v2\/posts\/39111\/revisions\/39181"}],"wp:attachment":[{"href":"https:\/\/edublog.educastur.es\/ixuxu\/wp-json\/wp\/v2\/media?parent=39111"}],"wp:term":[{"taxonomy":"category","embeddable":true,"href":"https:\/\/edublog.educastur.es\/ixuxu\/wp-json\/wp\/v2\/categories?post=39111"},{"taxonomy":"post_tag","embeddable":true,"href":"https:\/\/edublog.educastur.es\/ixuxu\/wp-json\/wp\/v2\/tags?post=39111"}],"curies":[{"name":"wp","href":"https:\/\/api.w.org\/{rel}","templated":true}]}}