{"id":39157,"date":"2025-01-01T22:13:48","date_gmt":"2025-01-01T20:13:48","guid":{"rendered":"https:\/\/edublog.educastur.es\/ixuxu\/?p=39157"},"modified":"2025-01-01T22:16:19","modified_gmt":"2025-01-01T20:16:19","slug":"la-collecha-asturiana-del-anu-lliterariu-en-31-titulos","status":"publish","type":"post","link":"https:\/\/edublog.educastur.es\/ixuxu\/2025\/01\/la-collecha-asturiana-del-anu-lliterariu-en-31-titulos\/","title":{"rendered":"La collecha asturiana del a\u00f1u lliterariu en 31 t\u00edtulos"},"content":{"rendered":"<ul>\n<li>Fonte:<a href=\"https:\/\/www.lne.es\/sociedad\/2024\/12\/30\/cosecha-asturiana-ano-literario-31-113006310.html?fbclid=IwZXh0bgNhZW0CMTEAAR1S50l1UJPbA90rHOeLz1OL6JmeTu3b5lZeVAfH1dBFF03kaIbd4JVIdGw_aem_3-XicY48mgF4C0Ar7Ee11w\"> LNE<\/a> \/<\/li>\n<\/ul>\n<p style=\"text-align: center\"><a href=\"https:\/\/estaticos-cdn.prensaiberica.es\/clip\/36632f88-4b2e-4061-bd51-79acdb90ffa7_16-9-discover-aspect-ratio_default_0.webp\"><img loading=\"lazy\" decoding=\"async\" class=\"aligncenter size-large\" src=\"https:\/\/estaticos-cdn.prensaiberica.es\/clip\/36632f88-4b2e-4061-bd51-79acdb90ffa7_16-9-discover-aspect-ratio_default_0.webp\" width=\"1200\" height=\"675\" \/><\/a><\/p>\n<p>Acaba l&#8217;a\u00f1u y un grupu de xentes del llibru n&#8217;Asturies (llibreros, cr\u00edtiques, bibliotecaries, programadores) escoy\u00f3 dalgunos de los t\u00edtulos d&#8217;autores de la rex\u00f3n que m\u00e1s -yos interesaron nesti 2024. La resultancia: muncha poes\u00eda, pocu relatu y abondo non-ficci\u00f3n.<\/p>\n<ul>\n<li>El m\u00e1s cit\u00e1u foi un poemariu, <strong>\u00abArgayu \/ derrumbe\u00bb, regresu a la poes\u00eda para una autora mayor na lliteratura asturiana, Berta Pi\u00f1\u00e1n,<\/strong> tres un llargu par\u00e9ntesis. Edit\u00e1u en Bartleby, sali\u00f3 n&#8217;edici\u00f3n billing\u00fce.<\/li>\n<\/ul>\n<p><!--more--><\/p>\n<p>Anque nun se trata de \u00ablo meyor\u00bb, sin\u00f3n \u00ablo provechoso, lo interesante\u00bb, encabecen esta selecci\u00f3n para LA NUEVA ESPA\u00d1A de llibros d&#8217;autores asturianos d&#8217;angua\u00f1o los t\u00edtulos m\u00e1s recurrentes nos encamientos recib\u00edos.<\/p>\n<ul>\n<li>El m\u00e1s cit\u00e1u foi un poemariu, <strong>\u00abArgayu \/ derrumbe\u00bb, regresu a la poes\u00eda para una autora mayor na lliteratura asturiana, Berta Pi\u00f1\u00e1n,<\/strong> tres un llargu par\u00e9ntesis. Edit\u00e1u en Bartleby, sali\u00f3 n&#8217;edici\u00f3n billing\u00fce.<\/li>\n<li>L&#8217;ensayu de la m\u00fasica y artista visual Leticia Baselgas, \u00abDiarios d&#8217;una panderetera\u00bb, sirvi\u00f3 para la editorial La Fabriquina para inaugurar la so colecci\u00f3n d&#8217;ensayu, \u00abManifiestu\u00bb, y tami\u00e9n ta disponible n&#8217;asturianu.<\/li>\n<li>El terceru m\u00e1s cit\u00e1u foi tami\u00e9n una referencia nos llistaos nacionales, ye la novela \u00abMatamonstruos\u00bb (Impedimenta) cola que Jon Bilbao (Ribesella, 1972), cierra&#8217;l ciclu qu&#8217;empecipi\u00f3 con \u00abBasiliscu\u00bb.<\/li>\n<li>N&#8217;una collecha na que la ficci\u00f3n narrativa nun prima per delantre d&#8217;otres, recibieron menci\u00f3n noveles como \u00abLa sacavera\u00bb, de Jorge Ordaz, el regresu de Sara Torres con \u00abLa seducci\u00f3n\u00bb, \u00abLo qu&#8217;acesma\u00bb (premiu Orpheus) de Carmen Ruiz G\u00f3mez, \u00abLa ne\u00f1a del sombreru azul\u00bb d&#8217;Ana L.lena Rivera o \u00abCocos de lluz\u00bb, de Rosa Valle.<\/li>\n<li><strong>N&#8217;asturianu incluyise nesti estrem\u00e1u \u00abMiel amargoso\u00bb, de Xulio Vixil, y \u00abCueses rares\u00bb de Solinca Turb\u00f3n, \u00fanicu llibru de relatos ente les 31 referencies destacaes.<\/strong><\/li>\n<\/ul>\n","protected":false},"excerpt":{"rendered":"<p>Fonte: LNE \/ Acaba l&#8217;a\u00f1u y un grupu de xentes del llibru n&#8217;Asturies (llibreros, cr\u00edtiques, bibliotecaries, programadores) escoy\u00f3 dalgunos de los t\u00edtulos d&#8217;autores de la rex\u00f3n que m\u00e1s -yos interesaron nesti 2024. La resultancia: muncha poes\u00eda, pocu relatu y abondo non-ficci\u00f3n. El m\u00e1s cit\u00e1u foi un poemariu, \u00abArgayu \/ derrumbe\u00bb, regresu a la poes\u00eda para [&hellip;]<\/p>\n","protected":false},"author":117,"featured_media":0,"comment_status":"open","ping_status":"open","sticky":false,"template":"","format":"standard","meta":{"footnotes":""},"categories":[9,10],"tags":[],"class_list":["post-39157","post","type-post","status-publish","format-standard","hentry","category-libros-adultos","category-llibros-reciella"],"_links":{"self":[{"href":"https:\/\/edublog.educastur.es\/ixuxu\/wp-json\/wp\/v2\/posts\/39157","targetHints":{"allow":["GET"]}}],"collection":[{"href":"https:\/\/edublog.educastur.es\/ixuxu\/wp-json\/wp\/v2\/posts"}],"about":[{"href":"https:\/\/edublog.educastur.es\/ixuxu\/wp-json\/wp\/v2\/types\/post"}],"author":[{"embeddable":true,"href":"https:\/\/edublog.educastur.es\/ixuxu\/wp-json\/wp\/v2\/users\/117"}],"replies":[{"embeddable":true,"href":"https:\/\/edublog.educastur.es\/ixuxu\/wp-json\/wp\/v2\/comments?post=39157"}],"version-history":[{"count":4,"href":"https:\/\/edublog.educastur.es\/ixuxu\/wp-json\/wp\/v2\/posts\/39157\/revisions"}],"predecessor-version":[{"id":39161,"href":"https:\/\/edublog.educastur.es\/ixuxu\/wp-json\/wp\/v2\/posts\/39157\/revisions\/39161"}],"wp:attachment":[{"href":"https:\/\/edublog.educastur.es\/ixuxu\/wp-json\/wp\/v2\/media?parent=39157"}],"wp:term":[{"taxonomy":"category","embeddable":true,"href":"https:\/\/edublog.educastur.es\/ixuxu\/wp-json\/wp\/v2\/categories?post=39157"},{"taxonomy":"post_tag","embeddable":true,"href":"https:\/\/edublog.educastur.es\/ixuxu\/wp-json\/wp\/v2\/tags?post=39157"}],"curies":[{"name":"wp","href":"https:\/\/api.w.org\/{rel}","templated":true}]}}