{"id":39164,"date":"2025-01-01T10:00:28","date_gmt":"2025-01-01T08:00:28","guid":{"rendered":"https:\/\/edublog.educastur.es\/ixuxu\/?p=39164"},"modified":"2025-01-01T22:30:11","modified_gmt":"2025-01-01T20:30:11","slug":"ana-belen-celebral-meyor-anu-del-museu-del-prau-con-una-actuacion-musical-ente-obres-darte","status":"publish","type":"post","link":"https:\/\/edublog.educastur.es\/ixuxu\/2025\/01\/ana-belen-celebral-meyor-anu-del-museu-del-prau-con-una-actuacion-musical-ente-obres-darte\/","title":{"rendered":"El Mus\u00e9u Del Prau felicita la navid\u00e1 col cantar \u00abEspa\u00f1a camisa blanca\u00bb"},"content":{"rendered":"<p style=\"text-align: center\">Ana Bel\u00e9n celebra&#8217;l meyor a\u00f1u del Mus\u00e9u Del Prau con una actuaci\u00f3n musical ente obres d&#8217;arte.<\/p>\n<ul>\n<li>\u00a0Mus\u00e9u Del Prau\u00a0 \/\u00a0 <strong><a href=\"https:\/\/youtu.be\/h6MwZHM47IE\">Youtube<\/a><\/strong> \/ <a class=\"yt-simple-endpoint style-scope ytd-video-owner-renderer\" href=\"https:\/\/www.youtube.com\/@MuseoNacionaldelPrado\"><img decoding=\"async\" id=\"img\" class=\"style-scope yt-img-shadow\" src=\"https:\/\/yt3.ggpht.com\/AeQHysAjmz0JNJ5EZEcuSRXB10Y0C2tgWL-8f0BqSWvRJmXv-8D4kkYK_YyPc7D6-vuoj0winsA=s88-c-k-c0x00ffffff-no-rj\" alt=\"\" width=\"40\" \/><\/a><a class=\"yt-simple-endpoint style-scope yt-formatted-string\" href=\"https:\/\/www.youtube.com\/@MuseoNacionaldelPrado\">Museo Nacional del Prado<\/a><\/li>\n<li><a href=\"https:\/\/es.wikipedia.org\/wiki\/Ana_Bel\u00e9n\">Ana Bel\u00e9n: wiki<\/a> \/<\/li>\n<\/ul>\n<p>Ana Bel\u00e9n interpreta na Galer\u00eda Central esti ic\u00f3nicu cantar a la esperanza.<strong> \u201cEspa\u00f1a camisa blanca\u201d.<\/strong> La grabaci\u00f3n, qu&#8217;Ana Bel\u00e9n fixo de manera desinteresada, tuvo llugar el 27 de payares na Galer\u00eda Central del Mus\u00e9u Nacional del Prau.<\/p>\n<p style=\"text-align: center\">\n<!-- iframe plugin v.6.0 wordpress.org\/plugins\/iframe\/ -->\n<iframe loading=\"lazy\" width=\"100%\" height=\"387\" src=\"https:\/\/www.youtube.com\/embed\/h6MwZHM47IE\" title=\"Espa\u00f1a Camisa Blanca\" frameborder=\"0\" allow=\"accelerometer; autoplay; clipboard-write; encrypted-media; gyroscope; picture-in-picture; web-share\" referrerpolicy=\"strict-origin-when-cross-origin\" 0=\"allowfullscreen\" 1=\"\/iframe\" scrolling=\"yes\" class=\"iframe-class\"><\/iframe>\n<\/p>\n<p style=\"text-align: center\"><!--more--><a href=\"https:\/\/album.mediaset.es\/eimg\/2022\/06\/17\/ana-belen-y-victor-manuel_dca2.jpg?w=1200&amp;h=900\"><img loading=\"lazy\" decoding=\"async\" class=\"aligncenter size-large\" src=\"https:\/\/album.mediaset.es\/eimg\/2022\/06\/17\/ana-belen-y-victor-manuel_dca2.jpg?w=1200&amp;h=900\" width=\"1200\" height=\"900\" \/><\/a><\/p>\n<p style=\"text-align: center\">Ye una tema compuesta por V\u00edctor Manuel en 1981 a partir del versu de Blas d&#8217;Oteru que da t\u00edtulu al cantar.<\/p>\n","protected":false},"excerpt":{"rendered":"<p>Ana Bel\u00e9n celebra&#8217;l meyor a\u00f1u del Mus\u00e9u Del Prau con una actuaci\u00f3n musical ente obres d&#8217;arte. \u00a0Mus\u00e9u Del Prau\u00a0 \/\u00a0 Youtube \/ Museo Nacional del Prado Ana Bel\u00e9n: wiki \/ Ana Bel\u00e9n interpreta na Galer\u00eda Central esti ic\u00f3nicu cantar a la esperanza. \u201cEspa\u00f1a camisa blanca\u201d. La grabaci\u00f3n, qu&#8217;Ana Bel\u00e9n fixo de manera desinteresada, tuvo llugar [&hellip;]<\/p>\n","protected":false},"author":117,"featured_media":0,"comment_status":"open","ping_status":"open","sticky":false,"template":"","format":"standard","meta":{"footnotes":""},"categories":[15,35],"tags":[],"class_list":["post-39164","post","type-post","status-publish","format-standard","hentry","category-museos","category-musica"],"_links":{"self":[{"href":"https:\/\/edublog.educastur.es\/ixuxu\/wp-json\/wp\/v2\/posts\/39164","targetHints":{"allow":["GET"]}}],"collection":[{"href":"https:\/\/edublog.educastur.es\/ixuxu\/wp-json\/wp\/v2\/posts"}],"about":[{"href":"https:\/\/edublog.educastur.es\/ixuxu\/wp-json\/wp\/v2\/types\/post"}],"author":[{"embeddable":true,"href":"https:\/\/edublog.educastur.es\/ixuxu\/wp-json\/wp\/v2\/users\/117"}],"replies":[{"embeddable":true,"href":"https:\/\/edublog.educastur.es\/ixuxu\/wp-json\/wp\/v2\/comments?post=39164"}],"version-history":[{"count":5,"href":"https:\/\/edublog.educastur.es\/ixuxu\/wp-json\/wp\/v2\/posts\/39164\/revisions"}],"predecessor-version":[{"id":39169,"href":"https:\/\/edublog.educastur.es\/ixuxu\/wp-json\/wp\/v2\/posts\/39164\/revisions\/39169"}],"wp:attachment":[{"href":"https:\/\/edublog.educastur.es\/ixuxu\/wp-json\/wp\/v2\/media?parent=39164"}],"wp:term":[{"taxonomy":"category","embeddable":true,"href":"https:\/\/edublog.educastur.es\/ixuxu\/wp-json\/wp\/v2\/categories?post=39164"},{"taxonomy":"post_tag","embeddable":true,"href":"https:\/\/edublog.educastur.es\/ixuxu\/wp-json\/wp\/v2\/tags?post=39164"}],"curies":[{"name":"wp","href":"https:\/\/api.w.org\/{rel}","templated":true}]}}