{"id":39172,"date":"2025-01-01T10:33:13","date_gmt":"2025-01-01T08:33:13","guid":{"rendered":"https:\/\/edublog.educastur.es\/ixuxu\/?p=39172"},"modified":"2025-01-02T13:59:42","modified_gmt":"2025-01-02T11:59:42","slug":"2025-ye-un-anu-cuadrau-segun-les-matematiques","status":"publish","type":"post","link":"https:\/\/edublog.educastur.es\/ixuxu\/2025\/01\/2025-ye-un-anu-cuadrau-segun-les-matematiques\/","title":{"rendered":"2025 ye un a\u00f1u cuadr\u00e1u seg\u00fan les matem\u00e1tiques"},"content":{"rendered":"<p style=\"text-align: center\"><a href=\"https:\/\/content.nationalgeographic.com.es\/medio\/2024\/12\/29\/2_522b1b93_241229182056_800x399.webp\"><img loading=\"lazy\" decoding=\"async\" class=\"aligncenter size-large\" src=\"https:\/\/content.nationalgeographic.com.es\/medio\/2024\/12\/29\/2_522b1b93_241229182056_800x399.webp\" width=\"800\" height=\"399\" \/><\/a><\/p>\n<p>2025 ye un a\u00f1u cuadr\u00e1u seg\u00fan les matem\u00e1tiques, y puede ser l&#8217;\u00fanicu de les nueses vides. L&#8217;anterior a\u00f1u cuadr\u00e1u foi 1936, y el pr\u00f3ximu nun va llegar hasta 2116. Pero, \u00bfqu\u00e9 significa esto?<\/p>\n<ul>\n<li>Fonte: <a href=\"https:\/\/www.nationalgeographic.com.es\/ciencia\/2025-es-ano-cuadrado-segun-matematicas-y-puede-ser-unico-nuestras-vidas_23948?fbclid=IwZXh0bgNhZW0CMTEAAR133lXhxY8ZAQhBFhqtgjK6eI8igeIeUX-rC2tEKjO6a_BX5pUzHNhQ6go_aem_Se6DG8x1P6mMaIxcYeW1Xg\">National Geographic<\/a> \/ <strong><a href=\"https:\/\/scontent-mad2-1.xx.fbcdn.net\/v\/t39.30808-6\/471857266_8762099740578499_846035399573649328_n.jpg?_nc_cat=111&amp;ccb=1-7&amp;_nc_sid=aa7b47&amp;_nc_ohc=0Y3j03Q1rM4Q7kNvgF2AO9S&amp;_nc_oc=AdiWtmZhdIv9nt50FbgoxwpJ_Eo6q3gMN8RY9PXa3wkOQ7UHLSdJ7hk64vB1kusv4zk&amp;_nc_zt=23&amp;_nc_ht=scontent-mad2-1.xx&amp;_nc_gid=AjTwrr6-9noFiyRDNeZnDBU&amp;oh=00_AYCH3ds6LH8jZLIIhx2gRqhPlSKosZU3682wJXwo1wTbyA&amp;oe=677C4B52\">VER IMAXE<\/a><\/strong> \/ L<a href=\"https:\/\/www.facebook.com\/photo\/?fbid=122155990340290445&amp;set=a.122106447722290445\"><em>a belleza matem\u00e1tica 2025<\/em><\/a>\u00a0 \/<\/li>\n<\/ul>\n<p><!--more--><\/p>\n<blockquote><p><em><span style=\"color: #008080\"><strong>El d\u00eda 1 de xineru de 2025 ye mi\u00e9rcoles, el d\u00eda de Mercuriu.\u00a0<\/strong><\/span><\/em><em>L&#8217;orixe del nome de los d\u00edes de la selmana ye bastante conoc\u00edu: Lluna, Marte, Mercuriu, X\u00fapiter, Venus. S\u00e1badu y domingu nos descuadren la idea astron\u00f3mica por tratase de nomes relixosos: el Sabbat y el Dies Domini. En llat\u00edn s\u00ed taben les referencies a Saturno y Sol, que se caltienen n&#8217;ingl\u00e9s inda g\u00fcei.<\/em><\/p><\/blockquote>\n<p>L&#8217;a\u00f1u qu&#8217;empieza ye un a\u00f1u cuadr\u00e1u: 2025 = 45\u00b2. Nun dicimos qu&#8217;eso s\u00eda bonu nin malu, porque l&#8217;anterior a\u00f1u cuadr\u00e1u foi 44\u00b2 = 1936, que nun relluma precisamente por ser un a\u00f1u de paz. Pero lo que s\u00ed podemos afirmar ye que, para la mayor\u00eda de n\u00f3s, 2025 va ser l&#8217;\u00fanicu a\u00f1u cuadr\u00e1u nel que vivamos: dellos mayores s\u00ed que viv\u00eden en 1936 y dalgunos de los m\u00e1s nuevos de g\u00fcei pue que lleguen al 2116.<\/p>\n<p>&nbsp;<\/p>\n<p>Empecemos con un pequenu xuegu. Nel calendariu de xineru de 2025 marque un cuadr\u00e1u de tama\u00f1u 4&#215;4.<\/p>\n<p><strong>Tien 4 posibilidaes:<\/strong><\/p>\n<p style=\"text-align: center\"><a href=\"https:\/\/content.nationalgeographic.com.es\/medio\/2024\/12\/29\/1_9bb5b019_241229182017_800x402.webp\"><img loading=\"lazy\" decoding=\"async\" class=\"aligncenter size-large\" src=\"https:\/\/content.nationalgeographic.com.es\/medio\/2024\/12\/29\/1_9bb5b019_241229182017_800x402.webp\" width=\"800\" height=\"402\" \/><\/a><\/p>\n<ul>\n<li>Sume los n\u00famberos qu&#8217;apaecen nos v\u00e9rtices del cuadr\u00e1u qu&#8217;escoy\u00f3 y apunte esi n\u00famberu.<\/li>\n<li>Escueya agora xuno de los n\u00famberos del interior del cuadr\u00e1u, arr\u00f3dielo con un c\u00edrculu y tache tolos que t\u00e1n a esquierda y derecha y enriba y embaxo del que se\u00f1al\u00f3.<\/li>\n<li>D&#8217;ente los n\u00famberos que t\u00e1n ensin tachar (nin arrodiar), escueya un segundu n\u00famberu. M\u00e1rquelo tami\u00e9n con un c\u00edrculu y tache los que t\u00e1n percima d&#8217;\u00e9l, per debaxo, a la so esquierda y a la so derecha.<\/li>\n<li>De los que queden ensin tachar nin arrodiar escueya unu, arr\u00f3dielo y, de nuevu, tache los que t\u00e1n na so mesma fila y columna.<\/li>\n<li>Y\u00e1-y queden pocos n\u00famberos ensin usar. Escueya unu d&#8217;ellos, z\u00e1rrelo con un c\u00edrculu, y tache tolos que queden ensin usar nel cuadr\u00e1u.<\/li>\n<li>Sume los n\u00famberos que metiera nos c\u00edrculos.<\/li>\n<li>\u00bfCoincide esa cantid\u00e1 cola qu&#8217;escribiera antes? \u00bfSorprendente?<\/li>\n<\/ul>\n<p><strong>Por qu\u00e9 coincide la cifra<\/strong> El fechu d&#8217;arrodiar n\u00famberos y tachar los que s&#8217;atopen na mesma fila o columna fuerza a que s&#8217;escueyan 4 n\u00famberos con una propied\u00e1 importante: cada unu de los n\u00famberos zarraos con un c\u00edrculu ta nuna fila distinta y, al empar, nuna columna distinta.<\/p>\n<p>Asina, ente los 4 n\u00famberos barren toles files y toles columnes. Per otra parte, los n\u00famberos de la segunda fila ll\u00f3grense sumando 7 a los de la primer fila. Los de la tercera ll\u00f3grense a\u00f1ediendo 14 y los de la cuarta sumando 21 a los de la primera. Si llamamos \u201ca\u201d al v\u00e9rtiz cimeru esquierdu, los dem\u00e1s n\u00famberos d&#8217;esa fila van ser a+1, a+2 y a+3. Si, por casu, los n\u00famberos escoy\u00edos fueren los de la diagonal, la suma ser\u00eda a+(a+1+7)+(a+2+14)+(a+3+21). #Cualquier elecci\u00f3n que faigamos va llevanos a esa mesma suma (anque espresada nun orde distintu). <strong>Nun ye maxa. Son matem\u00e1tiques.<\/strong><\/p>\n<p style=\"text-align: center\"><a href=\"https:\/\/content.nationalgeographic.com.es\/medio\/2024\/12\/29\/2_522b1b93_241229182056_800x399.webp\"><img loading=\"lazy\" decoding=\"async\" class=\"aligncenter size-large\" src=\"https:\/\/content.nationalgeographic.com.es\/medio\/2024\/12\/29\/2_522b1b93_241229182056_800x399.webp\" width=\"800\" height=\"399\" \/><\/a><\/p>\n<p>Por casu, esta imaxe representa a = 7 y la suma descrita ser\u00eda (a+1)+(a+3+7)+(a+2+14)+(a+21)<\/p>\n<p>&nbsp;<\/p>\n","protected":false},"excerpt":{"rendered":"<p>2025 ye un a\u00f1u cuadr\u00e1u seg\u00fan les matem\u00e1tiques, y puede ser l&#8217;\u00fanicu de les nueses vides. L&#8217;anterior a\u00f1u cuadr\u00e1u foi 1936, y el pr\u00f3ximu nun va llegar hasta 2116. Pero, \u00bfqu\u00e9 significa esto? Fonte: National Geographic \/ VER IMAXE \/ La belleza matem\u00e1tica 2025\u00a0 \/<\/p>\n","protected":false},"author":117,"featured_media":0,"comment_status":"open","ping_status":"open","sticky":false,"template":"","format":"standard","meta":{"footnotes":""},"categories":[25,24],"tags":[],"class_list":["post-39172","post","type-post","status-publish","format-standard","hentry","category-curiosidaes","category-mates"],"_links":{"self":[{"href":"https:\/\/edublog.educastur.es\/ixuxu\/wp-json\/wp\/v2\/posts\/39172","targetHints":{"allow":["GET"]}}],"collection":[{"href":"https:\/\/edublog.educastur.es\/ixuxu\/wp-json\/wp\/v2\/posts"}],"about":[{"href":"https:\/\/edublog.educastur.es\/ixuxu\/wp-json\/wp\/v2\/types\/post"}],"author":[{"embeddable":true,"href":"https:\/\/edublog.educastur.es\/ixuxu\/wp-json\/wp\/v2\/users\/117"}],"replies":[{"embeddable":true,"href":"https:\/\/edublog.educastur.es\/ixuxu\/wp-json\/wp\/v2\/comments?post=39172"}],"version-history":[{"count":7,"href":"https:\/\/edublog.educastur.es\/ixuxu\/wp-json\/wp\/v2\/posts\/39172\/revisions"}],"predecessor-version":[{"id":39229,"href":"https:\/\/edublog.educastur.es\/ixuxu\/wp-json\/wp\/v2\/posts\/39172\/revisions\/39229"}],"wp:attachment":[{"href":"https:\/\/edublog.educastur.es\/ixuxu\/wp-json\/wp\/v2\/media?parent=39172"}],"wp:term":[{"taxonomy":"category","embeddable":true,"href":"https:\/\/edublog.educastur.es\/ixuxu\/wp-json\/wp\/v2\/categories?post=39172"},{"taxonomy":"post_tag","embeddable":true,"href":"https:\/\/edublog.educastur.es\/ixuxu\/wp-json\/wp\/v2\/tags?post=39172"}],"curies":[{"name":"wp","href":"https:\/\/api.w.org\/{rel}","templated":true}]}}