{"id":39182,"date":"2025-01-01T20:10:58","date_gmt":"2025-01-01T18:10:58","guid":{"rendered":"https:\/\/edublog.educastur.es\/ixuxu\/?p=39182"},"modified":"2025-01-01T23:02:14","modified_gmt":"2025-01-01T21:02:14","slug":"record-nel-everest-kilian-jornet-alpinista-espanol-rompio-barreres-al-xubir-dos-vegaes-al-everest-en-solu-seis-dies-ensin-osixenu-nin-cuerdes-fixes","status":"publish","type":"post","link":"https:\/\/edublog.educastur.es\/ixuxu\/2025\/01\/record-nel-everest-kilian-jornet-alpinista-espanol-rompio-barreres-al-xubir-dos-vegaes-al-everest-en-solu-seis-dies-ensin-osixenu-nin-cuerdes-fixes\/","title":{"rendered":"R\u00e9cord nel Everest: Kilian Jornet, alpinista espa\u00f1ol, rompi\u00f3 barreres al xubir dos vegaes al Everest en solu seis d\u00edes, ensin os\u00edxenu nin cuerdes fixes."},"content":{"rendered":"<div class=\"html-div xdj266r x11i5rnm xat24cr x1mh8g0r xexx8yu x1a8lsjc x1swvt13 x1pi30zi\">\n<div class=\"html-div xdj266r x11i5rnm xat24cr x1mh8g0r xexx8yu x4uap5 x18d9i69 xkhd6sd x1jx94hy x78zum5 x1q0g3np\">\n<div class=\"x78zum5 xdt5ytf xz62fqu x16ldp7u\">\n<div class=\"xu06os2 x1ok221b\">\n<div class=\"html-div xdj266r x11i5rnm xat24cr x1mh8g0r xexx8yu x4uap5 x18d9i69 xkhd6sd\" data-ad-rendering-role=\"profile_name\">\n<ul>\n<li class=\"html-h3 x11i5rnm xat24cr x1mh8g0r xexx8yu x4uap5 x18d9i69 xkhd6sd x1vvkbs x1heor9g x1qlqyl8 x1pd3egz x1a2a7pz x1gslohp x1yc453h\"><span class=\"x1lliihq x6ikm8r x10wlt62 x1n2onr6\"><span class=\"xt0psk2\"><a class=\"x1i10hfl xjbqb8w x1ejq31n xd10rxx x1sy0etr x17r0tee x972fbf xcfux6l x1qhh985 xm0m39n x9f619 x1ypdohk xt0psk2 xe8uvvx xdj266r x11i5rnm xat24cr x1mh8g0r xexx8yu x4uap5 x18d9i69 xkhd6sd x16tdsg8 x1hl2dhg xggy1nq x1a2a7pz x1sur9pj xkrqix3 xzsf02u x1s688f\" role=\"link\" href=\"https:\/\/www.facebook.com\/profile.php?id=100086266952337&amp;__cft__[0]=AZUcp3g1lAP3J_XfgZHQIhb-ata3BLRH3K79b2YF55DcpiTZ54BSxJzD5GpZ00wv4N63gTAo_howH0f1CdCo3zXF9OM66RrCSPsea7umz2LnENgxwtmiJ0LhihCgQrma14tWw0GXacSwfrrVblKCkLsnrizhwkvfnkrQwdZ2YS9mLInmJjelyvOeR4cFlphCnHiESK8-kCzP_B2OhTCavKfsV3kh8ez2aSDeap2waQmcYQ&amp;__tn__=-UC%2CP-y-R\"><strong class=\"html-strong xdj266r x11i5rnm xat24cr x1mh8g0r xexx8yu x4uap5 x18d9i69 xkhd6sd x1hl2dhg x16tdsg8 x1vvkbs x1s688f\"><span class=\"html-span xdj266r x11i5rnm xat24cr x1mh8g0r xexx8yu x4uap5 x18d9i69 xkhd6sd x1hl2dhg x16tdsg8 x1vvkbs\">Espiritu Mantra<\/span><\/strong><\/a><\/span><\/span>\/<a href=\"https:\/\/terradeporte.es\/es\/confirmada-la-doble-ascension-sin-oxigeno-al-everest-de-kilian-jornet\/\"> blogue Terra<\/a> \/<a href=\"https:\/\/scontent-mad2-1.xx.fbcdn.net\/v\/t39.30808-6\/471248050_566230282929199_95841299740820945_n.jpg?_nc_cat=109&amp;ccb=1-7&amp;_nc_sid=833d8c&amp;_nc_ohc=JECWqJbq_aoQ7kNvgHpi0Rz&amp;_nc_oc=AdiqYOvUW7AxISPBzCNukj75YtNvRDoWeUzXNv1PHslmtnbgZUzpAbS-vUM9t61F3e4&amp;_nc_zt=23&amp;_nc_ht=scontent-mad2-1.xx&amp;_nc_gid=A6sA8ikY4PCOVQlVXR3p3gJ&amp;oh=00_AYDXpLcUigNmLrlxLgm9g0612kLVSm53_Hso5x03HWyhcw&amp;oe=677B6D1C\"><strong> imaxe ascendiendo<\/strong><\/a> \/<\/li>\n<li><strong>Kilian Jornet<\/strong>:<a href=\"https:\/\/es.wikipedia.org\/wiki\/K\u00edlian_Jornet\"> wiki<\/a> \/<a href=\"https:\/\/www.kilianjornet.cat\/es\"> web<\/a> \/ Instagram \/ <a href=\"https:\/\/x.com\/kilianj\">twitter X<\/a> \/ <a href=\"https:\/\/mtnath.com\">https:\/\/mtnath.com<\/a><\/li>\n<\/ul>\n<p style=\"text-align: center\">\n<!-- iframe plugin v.6.0 wordpress.org\/plugins\/iframe\/ -->\n<iframe loading=\"lazy\" src=\"https:\/\/www.facebook.com\/plugins\/post.php?href=https%3A%2F%2Fwww.facebook.com%2Fpermalink.php%3Fstory_fbid%3Dpfbid023Bd9FSV6kqeDDigxy3ZSEebNMdegRPHwiBudywZp7oXGvr2R4mLbW8tMKZg6ZuMDl%26id%3D100086266952337&#038;show_text=false&#038;width=500\" width=\"500\" height=\"498\" style=\"border:none;overflow:hidden\" scrolling=\"no\" frameborder=\"0\" allowfullscreen=\"true\" allow=\"autoplay; clipboard-write; encrypted-media; picture-in-picture; web-share\" 0=\"\/iframe\" class=\"iframe-class\"><\/iframe>\n<\/p>\n<p style=\"text-align: center\">\n<\/div>\n<\/div>\n<div class=\"xu06os2 x1ok221b\">\n<div class=\"html-div xdj266r x11i5rnm xat24cr x1mh8g0r xexx8yu x4uap5 x18d9i69 xkhd6sd x1q0g3np\">\n<ul>\n<li>R\u00e9cord nel Everest: Kilian Jornet, alpinista espa\u00f1ol, rompi\u00f3 barreres al xubir dos vegaes al <a href=\"https:\/\/g.co\/kgs\/W3x3vhe\"><strong>Everest<\/strong><\/a> en solu seis d\u00edes, ensin os\u00edxenu suplementario nin cuerdes fixes.<\/li>\n<li>La so faza\u00f1a en 2017, algamando&#8217;l visu en 26 hores y depu\u00e9s en 17 hores na segunda esguilada, redefine les llendes del alpinismu y demuestra que la fuerza humano puede desafiar los picos m\u00e1s estremos del planeta.<\/li>\n<li>Esti llogru ye un testimoniu de preparaci\u00f3n, resistencia y adaptaci\u00f3n al ambiente m\u00e1s contrario de la Tierra.<\/li>\n<\/ul>\n<p><!--more--><\/p>\n<p style=\"text-align: center\"><a href=\"https:\/\/lh5.googleusercontent.com\/p\/AF1QipM3nq5RSDdQiAZUMKdKcuVdOm6MOgvPh0dJsyi7=w675-h390-n-k-no\"><img loading=\"lazy\" decoding=\"async\" class=\"aligncenter size-large\" src=\"https:\/\/lh5.googleusercontent.com\/p\/AF1QipM3nq5RSDdQiAZUMKdKcuVdOm6MOgvPh0dJsyi7=w675-h390-n-k-no\" width=\"675\" height=\"390\" \/><\/a><\/p>\n<p>&nbsp;<\/p>\n<p style=\"text-align: center\">\n<!-- iframe plugin v.6.0 wordpress.org\/plugins\/iframe\/ -->\n<iframe loading=\"lazy\" width=\"760\" height=\"430\" src=\"https:\/\/www.youtube.com\/embed\/QwusaZX6ofs\" title=\"Summits of My Life - Trailer\" frameborder=\"0\" allow=\"accelerometer; autoplay; clipboard-write; encrypted-media; gyroscope; picture-in-picture; web-share\" referrerpolicy=\"strict-origin-when-cross-origin\" 0=\"allowfullscreen\" 1=\"\/iframe\" scrolling=\"yes\" class=\"iframe-class\"><\/iframe>\n<\/p>\n<p style=\"text-align: center\"><a href=\"https:\/\/img.redbull.com\/images\/c_crop,x_0,y_0,h_1594,w_3543\/c_fill,w_1700,h_765\/q_auto,f_jpg\/redbullcom\/2013\/12\/19\/1331625508128_2\/kilian-jornet-running\"><img loading=\"lazy\" decoding=\"async\" class=\"aligncenter size-large\" src=\"https:\/\/img.redbull.com\/images\/c_crop,x_0,y_0,h_1594,w_3543\/c_fill,w_1700,h_765\/q_auto,f_jpg\/redbullcom\/2013\/12\/19\/1331625508128_2\/kilian-jornet-running\" width=\"1700\" height=\"765\" \/><\/a><\/p>\n<p style=\"text-align: center\"><a href=\"https:\/\/content.nationalgeographic.com.es\/medio\/2018\/02\/28\/kilian-jornet-en-su-ascenso-por-segunda-vez-el-everest-en-menos-de-una-semana__1280x960.jpg\"><img loading=\"lazy\" decoding=\"async\" class=\"aligncenter size-large\" src=\"https:\/\/content.nationalgeographic.com.es\/medio\/2018\/02\/28\/kilian-jornet-en-su-ascenso-por-segunda-vez-el-everest-en-menos-de-una-semana__1280x960.jpg\" width=\"1280\" height=\"960\" \/><\/a><\/p>\n<p style=\"text-align: center\"><a href=\"https:\/\/img.redbull.com\/images\/c_crop,x_0,y_0,h_1000,w_1500\/c_fill,w_1350,h_900\/q_auto,f_jpg\/redbullcom\/2013\/05\/17\/1331591138357_2\/kilian-jornet-en-el-bosque\"><img loading=\"lazy\" decoding=\"async\" class=\"aligncenter size-large\" src=\"https:\/\/img.redbull.com\/images\/c_crop,x_0,y_0,h_1000,w_1500\/c_fill,w_1350,h_900\/q_auto,f_jpg\/redbullcom\/2013\/05\/17\/1331591138357_2\/kilian-jornet-en-el-bosque\" width=\"1350\" height=\"900\" \/><\/a><\/p>\n<\/div>\n<\/div>\n<\/div>\n<\/div>\n<\/div>\n<p style=\"text-align: center\"><a href=\"https:\/\/pbs.twimg.com\/media\/GebaN28WsAAcBV4?format=jpg&amp;name=4096x4096\"><img loading=\"lazy\" decoding=\"async\" class=\"aligncenter size-large\" src=\"https:\/\/pbs.twimg.com\/media\/GebaN28WsAAcBV4?format=jpg&amp;name=4096x4096\" width=\"4096\" height=\"2731\" \/><\/a><\/p>\n<p style=\"text-align: center\"><a href=\"https:\/\/pbs.twimg.com\/media\/CDXOIr_XIAAasea?format=jpg&amp;name=4096x4096\"><img loading=\"lazy\" decoding=\"async\" class=\"aligncenter size-large\" src=\"https:\/\/pbs.twimg.com\/media\/CDXOIr_XIAAasea?format=jpg&amp;name=4096x4096\" width=\"1754\" height=\"2480\" \/><\/a><\/p>\n","protected":false},"excerpt":{"rendered":"<p>Espiritu Mantra\/ blogue Terra \/ imaxe ascendiendo \/ Kilian Jornet: wiki \/ web \/ Instagram \/ twitter X \/ https:\/\/mtnath.com R\u00e9cord nel Everest: Kilian Jornet, alpinista espa\u00f1ol, rompi\u00f3 barreres al xubir dos vegaes al Everest en solu seis d\u00edes, ensin os\u00edxenu suplementario nin cuerdes fixes. La so faza\u00f1a en 2017, algamando&#8217;l visu en 26 hores [&hellip;]<\/p>\n","protected":false},"author":117,"featured_media":0,"comment_status":"open","ping_status":"open","sticky":false,"template":"","format":"standard","meta":{"footnotes":""},"categories":[133,1],"tags":[],"class_list":["post-39182","post","type-post","status-publish","format-standard","hentry","category-deportes","category-sin-categoria"],"_links":{"self":[{"href":"https:\/\/edublog.educastur.es\/ixuxu\/wp-json\/wp\/v2\/posts\/39182","targetHints":{"allow":["GET"]}}],"collection":[{"href":"https:\/\/edublog.educastur.es\/ixuxu\/wp-json\/wp\/v2\/posts"}],"about":[{"href":"https:\/\/edublog.educastur.es\/ixuxu\/wp-json\/wp\/v2\/types\/post"}],"author":[{"embeddable":true,"href":"https:\/\/edublog.educastur.es\/ixuxu\/wp-json\/wp\/v2\/users\/117"}],"replies":[{"embeddable":true,"href":"https:\/\/edublog.educastur.es\/ixuxu\/wp-json\/wp\/v2\/comments?post=39182"}],"version-history":[{"count":12,"href":"https:\/\/edublog.educastur.es\/ixuxu\/wp-json\/wp\/v2\/posts\/39182\/revisions"}],"predecessor-version":[{"id":39197,"href":"https:\/\/edublog.educastur.es\/ixuxu\/wp-json\/wp\/v2\/posts\/39182\/revisions\/39197"}],"wp:attachment":[{"href":"https:\/\/edublog.educastur.es\/ixuxu\/wp-json\/wp\/v2\/media?parent=39182"}],"wp:term":[{"taxonomy":"category","embeddable":true,"href":"https:\/\/edublog.educastur.es\/ixuxu\/wp-json\/wp\/v2\/categories?post=39182"},{"taxonomy":"post_tag","embeddable":true,"href":"https:\/\/edublog.educastur.es\/ixuxu\/wp-json\/wp\/v2\/tags?post=39182"}],"curies":[{"name":"wp","href":"https:\/\/api.w.org\/{rel}","templated":true}]}}