{"id":39194,"date":"2025-01-01T09:05:45","date_gmt":"2025-01-01T07:05:45","guid":{"rendered":"https:\/\/edublog.educastur.es\/ixuxu\/?p=39194"},"modified":"2025-01-03T18:03:05","modified_gmt":"2025-01-03T16:03:05","slug":"equi-tienes-el-calendariu-de-los-principales-eventos-astronomicos-que-tienen-llugar-en-xineru-de-2025","status":"publish","type":"post","link":"https:\/\/edublog.educastur.es\/ixuxu\/2025\/01\/equi-tienes-el-calendariu-de-los-principales-eventos-astronomicos-que-tienen-llugar-en-xineru-de-2025\/","title":{"rendered":"Equ\u00ed tienes el calendariu de los principales eventos astron\u00f3micos que tienen llugar en xineru de 2025"},"content":{"rendered":"<div class=\"html-div xdj266r x11i5rnm xat24cr x1mh8g0r xexx8yu x1a8lsjc x1swvt13 x1pi30zi\">\n<div class=\"html-div xdj266r x11i5rnm xat24cr x1mh8g0r xexx8yu x4uap5 x18d9i69 xkhd6sd x1jx94hy x78zum5 x1q0g3np\">\n<div class=\"x78zum5 xdt5ytf xz62fqu x16ldp7u\">\n<div class=\"xu06os2 x1ok221b\">\n<div class=\"html-div xdj266r x11i5rnm xat24cr x1mh8g0r xexx8yu x4uap5 x18d9i69 xkhd6sd\" data-ad-rendering-role=\"profile_name\">\n<div class=\"x6prxxf xk50ysn xvq8zen\">\n<ul>\n<li dir=\"ltr\"><span class=\"x1lliihq x6ikm8r x10wlt62 x1n2onr6\"><i class=\"x1b0d499 x1d69dk1\" data-visualcompletion=\"css-img\" aria-label=\"public\u00f3 en\"><\/i><span dir=\"ltr\"><span class=\"xt0psk2\"><a class=\"x1i10hfl xjbqb8w x1ejq31n xd10rxx x1sy0etr x17r0tee x972fbf xcfux6l x1qhh985 xm0m39n x9f619 x1ypdohk xt0psk2 xe8uvvx xdj266r x11i5rnm xat24cr x1mh8g0r xexx8yu x4uap5 x18d9i69 xkhd6sd x16tdsg8 x1hl2dhg xggy1nq x1a2a7pz x1sur9pj xkrqix3 xzsf02u x1s688f\" role=\"link\" href=\"https:\/\/www.facebook.com\/groups\/1392564764711493\/?__cft__[0]=AZXddq1YD2HsufDFjpdKucqFTNKgEVz6UXUI52dm9TRVTpd59ROtzlkeqVJWAFunqnmAglARF_A-qkEpd61VleUJmYrFa0rWUT3C2HY0tj3NF8RUxFTbS3LGhlLW66sQ2B27unl8FJ4bcq7rV75L5bcKIaUamOmUUf8f4IJZSvNPQidbzVpxEpE_1VR7RvknOAZsrIIh7fVLevUJv3IArVPU8V3nMWyAhQpcqDHlSHQ-MA&amp;__tn__=-UC%2CP-y-R\"><span class=\"html-span xdj266r x11i5rnm xat24cr x1mh8g0r xexx8yu x4uap5 x18d9i69 xkhd6sd x1hl2dhg x16tdsg8 x1vvkbs\">Ciencia, Astronom\u00eda y Afines<\/span><\/a><\/span><\/span><\/span>\/<a href=\"https:\/\/scontent-mad1-1.xx.fbcdn.net\/v\/t39.30808-6\/472089896_8714845391959095_7359258340381419024_n.jpg?_nc_cat=102&amp;ccb=1-7&amp;_nc_sid=aa7b47&amp;_nc_ohc=0r7dJwvQvUkQ7kNvgEOHTG6&amp;_nc_oc=AdiSqHFb-F5__oSlDNddKMUEXi81j7KPZqKY_lQWlSF3eTPzWdjJfW6gYvTspQ--1kY&amp;_nc_zt=23&amp;_nc_ht=scontent-mad1-1.xx&amp;_nc_gid=AVWREpe-5tnd494HXFNdj8P&amp;oh=00_AYD9XWQvi5P12MGLJMar6edNtLM1O3-_wABQlCqKDs4c-Q&amp;oe=677B6A26\"> imaxe 1<\/a> \/ <a href=\"https:\/\/scontent-mad1-1.xx.fbcdn.net\/v\/t39.30808-6\/472090611_927911796111714_8994840314675840785_n.jpg?_nc_cat=105&amp;ccb=1-7&amp;_nc_sid=833d8c&amp;_nc_ohc=Zs69BFJu18EQ7kNvgH1gzQm&amp;_nc_oc=AdhOKKuVVQIFOI05joPuEZLYZV5PQuE6Vlb3t92T5QZ0wbsrbH0LJoOlLFnm6w-qNn0&amp;_nc_zt=23&amp;_nc_ht=scontent-mad1-1.xx&amp;_nc_gid=AAssHqywTYFBYKaL9MJzNGB&amp;oh=00_AYB701TGjC3aYErlEDCZTISRmRuV5k1bkRws-fw9egDb4g&amp;oe=677B731A\">imaxe 2<\/a> \/ <a href=\"https:\/\/scontent-mad1-1.xx.fbcdn.net\/v\/t39.30808-6\/472280465_9373752172637306_326236987930566700_n.jpg?_nc_cat=105&amp;ccb=1-7&amp;_nc_sid=aa7b47&amp;_nc_ohc=rG3CnX3oPu0Q7kNvgHF2NPX&amp;_nc_oc=AdgfOEtGbnb6_SdFaeL4t8QY6yQUjAqVvIZb5QXaq7NZio3b_fxIjIkqtHeI53iG8kQ&amp;_nc_zt=23&amp;_nc_ht=scontent-mad1-1.xx&amp;_nc_gid=AjIj5XfYnju5i9ze-7JrHpD&amp;oh=00_AYA2UfTlrRqg_OfQak_TpS9T6Rchjsn2sqLFR8fr17BanQ&amp;oe=677DDDC9\"><em><strong>Eventos astron\u00f3micos<\/strong><\/em><\/a> \/<\/li>\n<\/ul>\n<p style=\"text-align: center\">\n<!-- iframe plugin v.6.0 wordpress.org\/plugins\/iframe\/ -->\n<iframe loading=\"lazy\" src=\"https:\/\/www.facebook.com\/plugins\/post.php?href=https%3A%2F%2Fwww.facebook.com%2Fbibliotecapopular.morteros%2Fposts%2Fpfbid02G7MMdzP1rY3ms9RmpkcSkBMkauRTf1idSH8Uam6mdukCLEi644ibe15KD3uANpMbl&#038;show_text=false&#038;width=500\" width=\"500\" height=\"498\" style=\"border:none;overflow:hidden\" scrolling=\"no\" frameborder=\"0\" allowfullscreen=\"true\" allow=\"autoplay; clipboard-write; encrypted-media; picture-in-picture; web-share\" 0=\"\/iframe\" class=\"iframe-class\"><\/iframe>\n<\/p>\n<\/div>\n<\/div>\n<\/div>\n<\/div>\n<\/div>\n<\/div>\n<div class=\"html-div xdj266r x11i5rnm xat24cr x1mh8g0r xexx8yu x4uap5 x18d9i69 xkhd6sd\" dir=\"auto\">\n<div class=\"html-div xdj266r x11i5rnm xat24cr x1mh8g0r xexx8yu x4uap5 x18d9i69 xkhd6sd\" dir=\"auto\">\n<div class=\"html-div xdj266r x11i5rnm xat24cr x1mh8g0r xexx8yu x4uap5 x18d9i69 xkhd6sd\" data-ad-rendering-role=\"story_message\">\n<div class=\"x1l90r2v x1iorvi4 x1ye3gou xn6708d\" data-ad-comet-preview=\"message\" data-ad-preview=\"message\">\n<div class=\"x78zum5 xdt5ytf xz62fqu x16ldp7u\">\n<div class=\"xu06os2 x1ok221b\">\n<div class=\"xdj266r x11i5rnm xat24cr x1mh8g0r x1vvkbs x126k92a\">\n<ul>\n<li dir=\"auto\"><a href=\"https:\/\/www.eltiempo.es\/noticias\/calendario-astronomico-de-2025?fbclid=IwZXh0bgNhZW0CMTEAAR0eeQsTfP9nqctJ3rZPiKe9ZnyorvjEnVuUwuCD6ddxpPgRP7kNszCjMBw_aem_i8d2NizIfvDGnOw4SNUqrw\">calendariu Astron\u00f3micu de 2025<\/a> \/ El Tiempo \/<span class=\"xt0psk2\"><a class=\"x1i10hfl xjbqb8w x1ejq31n xd10rxx x1sy0etr x17r0tee x972fbf xcfux6l x1qhh985 xm0m39n x9f619 x1ypdohk xt0psk2 xe8uvvx xdj266r x11i5rnm xat24cr x1mh8g0r xexx8yu x4uap5 x18d9i69 xkhd6sd x16tdsg8 x1hl2dhg xggy1nq x1a2a7pz x1sur9pj xkrqix3 xzsf02u x1s688f\" role=\"link\" href=\"https:\/\/www.facebook.com\/eltiempoes?__cft__[0]=AZUZ0m8rNyzR4vuFkYbmc_lwEk7uTPFNuK05hSDM4EkaWvle36vYyu30e8WDlSct2N1gCGKiBsh9_3v_FNz1eW9zULyNLnr6MHg87Kgdq74udV9Jj7hDOjqQbtCX_zJvElc4b0nqC1tjJ0dVX2HqWtnpQL3_LQsc9-0_Rhu9yVeqLqSr0DNGL7lvtuUtUxSRNtqi7nu26XrHmSxCTdmqDdhJJgjkcTmLw2A0Q4qQNbpO8g&amp;__tn__=-UC%2CP-y-R\"><strong class=\"html-strong xdj266r x11i5rnm xat24cr x1mh8g0r xexx8yu x4uap5 x18d9i69 xkhd6sd x1hl2dhg x16tdsg8 x1vvkbs x1s688f\"><span class=\"html-span xdj266r x11i5rnm xat24cr x1mh8g0r xexx8yu x4uap5 x18d9i69 xkhd6sd x1hl2dhg x16tdsg8 x1vvkbs\">Eltiempo.es<\/span><\/strong><\/a><\/span><span class=\"html-span xdj266r x11i5rnm xat24cr x1mh8g0r xexx8yu x4uap5 x18d9i69 xkhd6sd x1hl2dhg x16tdsg8 x1vvkbs x1dor1uw x1n2onr6\">\u00a0<\/span><\/li>\n<\/ul>\n<div class=\"html-div xdj266r x11i5rnm xat24cr x1mh8g0r xexx8yu x4uap5 x18d9i69 xkhd6sd\" dir=\"auto\">\n<div class=\"html-div xdj266r x11i5rnm xat24cr x1mh8g0r xexx8yu x4uap5 x18d9i69 xkhd6sd\" dir=\"auto\">\n<div class=\"html-div xdj266r x11i5rnm xat24cr x1mh8g0r xexx8yu x4uap5 x18d9i69 xkhd6sd\" data-ad-rendering-role=\"story_message\">\n<div class=\"x1l90r2v x1iorvi4 x1ye3gou xn6708d\" data-ad-comet-preview=\"message\" data-ad-preview=\"message\">\n<div class=\"x78zum5 xdt5ytf xz62fqu x16ldp7u\">\n<div class=\"xu06os2 x1ok221b\">\n<div class=\"xdj266r x11i5rnm xat24cr x1mh8g0r x1vvkbs x126k92a\">\n<div dir=\"auto\"><a href=\"https:\/\/www.eltiempo.es\/noticias\/calendario-astronomico-de-2025?fbclid=IwZXh0bgNhZW0CMTEAAR0eeQsTfP9nqctJ3rZPiKe9ZnyorvjEnVuUwuCD6ddxpPgRP7kNszCjMBw_aem_i8d2NizIfvDGnOw4SNUqrw\">Calendariu astron\u00f3micu 2025<\/a> Eclises, conxunciones, cometes, ag\u00fces d&#8217;estrelles o superlunes&#8230; Esti 2025 vien carg\u00e1u de cites astron\u00f3miques que nun tendr\u00edes de perder te. \u00a1Apunta nel to calendariu!<\/div>\n<div dir=\"auto\"><\/div>\n<\/div>\n<\/div>\n<\/div>\n<\/div>\n<\/div>\n<\/div>\n<\/div>\n<\/div>\n<div dir=\"auto\"><!--more--><\/div>\n<div class=\"x11i5rnm xat24cr x1mh8g0r x1vvkbs xtlvy1s x126k92a\">\n<div dir=\"auto\"><\/div>\n<div dir=\"auto\" style=\"text-align: center\">\n<!-- iframe plugin v.6.0 wordpress.org\/plugins\/iframe\/ -->\n<iframe loading=\"lazy\" src=\"https:\/\/www.facebook.com\/plugins\/post.php?href=https%3A%2F%2Fwww.facebook.com%2FLunaTotal%2Fposts%2Fpfbid02T5Vy3J57mKjwZsBwKuhtHbaZn442DMZeCs3S6c997tpnJAJT2e3iHSZuPPZzms6Rl&#038;show_text=false&#038;width=500\" width=\"500\" height=\"498\" style=\"border:none;overflow:hidden\" scrolling=\"no\" frameborder=\"0\" allowfullscreen=\"true\" allow=\"autoplay; clipboard-write; encrypted-media; picture-in-picture; web-share\" 0=\"\/iframe\" class=\"iframe-class\"><\/iframe>\n<\/div>\n<div dir=\"auto\"><strong>3 de enero: Conjunci\u00f3n de la Luna y Venus.<\/strong><\/div>\n<div dir=\"auto\">La Luna pasa a unos 1,3\u00ba al sur de Venus a las 15:23 UTC. La Luna tiene una magnitud de -10,7 y Venus una magnitud de -4,4. En este momento la fase lunar es del 15,7%.<\/div>\n<div dir=\"auto\"><\/div>\n<\/div>\n<div class=\"x11i5rnm xat24cr x1mh8g0r x1vvkbs xtlvy1s x126k92a\">\n<div dir=\"auto\"><strong>3-4 de enero: Lluvia de estrellas de las Cuadr\u00e1ntidas.<\/strong><\/div>\n<div dir=\"auto\">La lluvia de meteoros tiene lugar del 28 de diciembre al 12 de enero.<\/div>\n<div dir=\"auto\">Pero la mejor noche para fotografiarla es entre el 3 y el 4 de enero. El pico es el 3 de enero a las 07:54 UTC con 80 meteoros por hora. En este momento la fase lunar es del 13,2%, por lo que las condiciones para disfrutarla son muy buenas (no hay Luna).<\/div>\n<div dir=\"auto\">Por desgracia, esta lluvia de estrellas s\u00f3lo es visible desde el hemisferio norte.<\/div>\n<div dir=\"auto\"><\/div>\n<\/div>\n<div class=\"x11i5rnm xat24cr x1mh8g0r x1vvkbs xtlvy1s x126k92a\">\n<div dir=\"auto\"><strong>4 de enero: Conjunci\u00f3n Luna y Saturno (tambi\u00e9n ocultaci\u00f3n)<\/strong><\/div>\n<div dir=\"auto\">La ocultaci\u00f3n ser\u00e1 solo visible desde Europa<\/div>\n<div dir=\"auto\"><\/div>\n<\/div>\n<div class=\"x11i5rnm xat24cr x1mh8g0r x1vvkbs xtlvy1s x126k92a\">\n<div dir=\"auto\"><strong>10 de enero: Venus en m\u00e1xima elongaci\u00f3n oeste.<\/strong><\/div>\n<div dir=\"auto\">Cuando Venus alcanza su elongaci\u00f3n m\u00e1xima a las 08:31 UTC se encuentra a 47,2\u00ba al oeste del Sol y brilla a una magnitud de -4,4. Este es el mejor momento para ver Venus ya que destaca tanto que se convierte en el tercer objeto m\u00e1s brillante en el cielo despu\u00e9s del Sol y la Luna.<\/div>\n<div dir=\"auto\"><\/div>\n<div dir=\"auto\">Generalmente, se le conoce como el lucero del alba o el lucero del ocaso. Cuando se encuentra al oeste del Sol, sale y se pone poco antes que el Sol. El mejor momento para fotografiarlo es poco antes del amanecer.<\/div>\n<div dir=\"auto\"><\/div>\n<\/div>\n<div class=\"x11i5rnm xat24cr x1mh8g0r x1vvkbs xtlvy1s x126k92a\">\n<div dir=\"auto\"><strong>10 de enero: Conjunci\u00f3n de la Luna y J\u00fapiter.<\/strong><\/div>\n<div dir=\"auto\">La Luna pasa a unos 5,3\u00ba al norte de J\u00fapiter a las 23:13 UTC. La Luna tiene una magnitud de -12,6 y J\u00fapiter una magnitud de -2,7. En este momento la fase lunar es del 89,3%.<\/div>\n<div dir=\"auto\"><\/div>\n<\/div>\n<div class=\"x11i5rnm xat24cr x1mh8g0r x1vvkbs xtlvy1s x126k92a\">\n<div dir=\"auto\"><strong>12 de enero: Manhattanhenge al amanecer.<\/strong><\/div>\n<div dir=\"auto\">El Manhattanhenge se produce cuando el Sol, al salir, se alinea con la cuadr\u00edcula que forman las calles de la isla de Manhattan en Nueva York (EE. UU.).<\/div>\n<div dir=\"auto\"><\/div>\n<div dir=\"auto\"><strong>El 11 y 12 de enero el Sol se alinea con las calles de Manhattan.<\/strong> Pero el 12 de enero es cuando se alinea perfectamente. As\u00ed es que si las condiciones no son las id\u00f3neas, puedes intentarlo el d\u00eda antes.<\/div>\n<div dir=\"auto\">Las mejores localizaciones son la 14th Street, la 34th Street (donde est\u00e1 el Empire State Building), la 42nd Street (donde est\u00e1 el Chrysler Building y el Tudor City Bridge), la 57th Street y la 79th Street.<\/div>\n<div dir=\"auto\"><\/div>\n<\/div>\n<div class=\"x11i5rnm xat24cr x1mh8g0r x1vvkbs xtlvy1s x126k92a\">\n<div dir=\"auto\"><strong>13 de enero: Luna Llena.<\/strong><\/div>\n<div dir=\"auto\">La Luna est\u00e1 en el lado opuesto de la Tierra por lo que el Sol la ilumina por completo. La Luna Llena ocurre a las 17:55 UTC.<\/div>\n<div dir=\"auto\">Dependiendo del lugar de la Tierra en que te encuentres, es el 14 de enero.<\/div>\n<div dir=\"auto\"><\/div>\n<\/div>\n<div class=\"x11i5rnm xat24cr x1mh8g0r x1vvkbs xtlvy1s x126k92a\">\n<div dir=\"auto\"><strong>14 de enero: Conjunci\u00f3n de la Luna y Marte (tambi\u00e9n ocultaci\u00f3n).<\/strong><\/div>\n<div dir=\"auto\">La Luna pasa a unos 0,1\u00ba al norte de Marte a las 03:42 UTC. La Luna tiene una magnitud de -12,7 y Marte una magnitud de -1,4. En este momento la fase lunar es del 99,8%.<\/div>\n<div dir=\"auto\">Adem\u00e1s, Marte pasa por detr\u00e1s de la Luna produci\u00e9ndose una ocultaci\u00f3n visible en algunas partes de USA, M\u00e9xico, Canad\u00e1 y \u00c1frica.<\/div>\n<div dir=\"auto\">L.a \u00f3rbita de la Tierra alrededor del Sol dura un a\u00f1o, y la de Marte dura alrededor de dos a\u00f1os. As\u00ed es que el brillo de Marte en el cielo alterna de un a\u00f1o a otro. En 2023 Marte brill\u00f3 con fuerza. Por el contrario, 2025 es un mal a\u00f1o para Marte y aparecer\u00e1 m\u00e1s tenue en el cielo.<\/div>\n<div dir=\"auto\"><\/div>\n<\/div>\n<div class=\"x11i5rnm xat24cr x1mh8g0r x1vvkbs xtlvy1s x126k92a\">\n<div dir=\"auto\"><strong>16 de enero: Oposici\u00f3n de Marte.<\/strong><\/div>\n<div dir=\"auto\">A las 02:32 UTC, Marte se encuentra en su posici\u00f3n m\u00e1s cercana a la Tierra y su cara visible est\u00e1 completamente iluminada por el Sol a una magnitud de -1,4.<\/div>\n<div dir=\"auto\">Es m\u00e1s brillante que en cualquier otra \u00e9poca del a\u00f1o por lo que es el mejor momento para observar y fotografiar Marte.<\/div>\n<div dir=\"auto\">Sin embargo, incluso estando en su aproximaci\u00f3n m\u00e1s cercana a la Tierra, no puedes distinguir a Marte m\u00e1s que como un punto de luz en forma de estrella a simple vista. Sin la ayuda de un telescopio, no puedes ver con claridad al planeta.<\/div>\n<div dir=\"auto\"><\/div>\n<\/div>\n<div class=\"x11i5rnm xat24cr x1mh8g0r x1vvkbs xtlvy1s x126k92a\">\n<div dir=\"auto\"><strong>29 de enero: Luna Nueva.<\/strong><\/div>\n<div dir=\"auto\">La Luna est\u00e1 entre la Tierra y el Sol, as\u00ed que el lado brillante de la Luna est\u00e1 de espaldas a la Tierra. La fase de la Luna es del 0% a las 12:37 UTC.<\/div>\n<div dir=\"auto\">Los d\u00edas alrededor de Luna Nueva son ideales para fotografiar el cielo nocturno, incluido la V\u00eda L\u00e1ctea.<\/div>\n<\/div>\n<div class=\"x11i5rnm xat24cr x1mh8g0r x1vvkbs xtlvy1s x126k92a\">\n<div dir=\"auto\">Todos los eventos son visibles desde ambos hemisferios, solo algunos espec\u00edficos que se aclaran son espec\u00edficos de un determinado lugar.<\/div>\n<\/div>\n<\/div>\n<\/div>\n<\/div>\n<\/div>\n<\/div>\n<\/div>\n<p>&nbsp;<\/p>\n","protected":false},"excerpt":{"rendered":"<p>Ciencia, Astronom\u00eda y Afines\/ imaxe 1 \/ imaxe 2 \/ Eventos astron\u00f3micos \/ calendariu Astron\u00f3micu de 2025 \/ El Tiempo \/Eltiempo.es\u00a0 Calendariu astron\u00f3micu 2025 Eclises, conxunciones, cometes, ag\u00fces d&#8217;estrelles o superlunes&#8230; Esti 2025 vien carg\u00e1u de cites astron\u00f3miques que nun tendr\u00edes de perder te. \u00a1Apunta nel to calendariu!<\/p>\n","protected":false},"author":117,"featured_media":0,"comment_status":"open","ping_status":"open","sticky":false,"template":"","format":"standard","meta":{"footnotes":""},"categories":[223],"tags":[],"class_list":["post-39194","post","type-post","status-publish","format-standard","hentry","category-astronomia"],"_links":{"self":[{"href":"https:\/\/edublog.educastur.es\/ixuxu\/wp-json\/wp\/v2\/posts\/39194","targetHints":{"allow":["GET"]}}],"collection":[{"href":"https:\/\/edublog.educastur.es\/ixuxu\/wp-json\/wp\/v2\/posts"}],"about":[{"href":"https:\/\/edublog.educastur.es\/ixuxu\/wp-json\/wp\/v2\/types\/post"}],"author":[{"embeddable":true,"href":"https:\/\/edublog.educastur.es\/ixuxu\/wp-json\/wp\/v2\/users\/117"}],"replies":[{"embeddable":true,"href":"https:\/\/edublog.educastur.es\/ixuxu\/wp-json\/wp\/v2\/comments?post=39194"}],"version-history":[{"count":6,"href":"https:\/\/edublog.educastur.es\/ixuxu\/wp-json\/wp\/v2\/posts\/39194\/revisions"}],"predecessor-version":[{"id":39349,"href":"https:\/\/edublog.educastur.es\/ixuxu\/wp-json\/wp\/v2\/posts\/39194\/revisions\/39349"}],"wp:attachment":[{"href":"https:\/\/edublog.educastur.es\/ixuxu\/wp-json\/wp\/v2\/media?parent=39194"}],"wp:term":[{"taxonomy":"category","embeddable":true,"href":"https:\/\/edublog.educastur.es\/ixuxu\/wp-json\/wp\/v2\/categories?post=39194"},{"taxonomy":"post_tag","embeddable":true,"href":"https:\/\/edublog.educastur.es\/ixuxu\/wp-json\/wp\/v2\/tags?post=39194"}],"curies":[{"name":"wp","href":"https:\/\/api.w.org\/{rel}","templated":true}]}}