{"id":39202,"date":"2025-01-02T10:00:51","date_gmt":"2025-01-02T08:00:51","guid":{"rendered":"https:\/\/edublog.educastur.es\/ixuxu\/?p=39202"},"modified":"2025-01-04T21:12:00","modified_gmt":"2025-01-04T19:12:00","slug":"39202","status":"publish","type":"post","link":"https:\/\/edublog.educastur.es\/ixuxu\/2025\/01\/39202\/","title":{"rendered":"El navetu Jos\u00e9 Ornia, Medaya de Plata col so homenaxe al escanci\u00e1u de sidra"},"content":{"rendered":"<div class=\"xu06os2 x1ok221b\">\n<ul>\n<li class=\"html-h3 x11i5rnm xat24cr x1mh8g0r xexx8yu x4uap5 x18d9i69 xkhd6sd x1vvkbs x1heor9g x1qlqyl8 x1pd3egz x1a2a7pz x1gslohp x1yc453h\"><span class=\"xt0psk2\"><a class=\"x1i10hfl xjbqb8w x1ejq31n xd10rxx x1sy0etr x17r0tee x972fbf xcfux6l x1qhh985 xm0m39n x9f619 x1ypdohk xt0psk2 xe8uvvx xdj266r x11i5rnm xat24cr x1mh8g0r xexx8yu x4uap5 x18d9i69 xkhd6sd x16tdsg8 x1hl2dhg xggy1nq x1a2a7pz x1sur9pj xkrqix3 xzsf02u x1s688f\" role=\"link\" href=\"https:\/\/www.facebook.com\/nuevaespana?__cft__[0]=AZW-jCdUqeqkg_kQdyql8-KXqxVq2dYietUH13priSPquctyzUdYONbIdef6aae5zrsClQZLtR7roozm04hTDkj_kbJSEMiKTNPQAA8xIcaJiiXGbGu2J7MfEoCoqLr6tpvWX2kH5xqoHM6DrAlxMXqPpYLvuSXIPFn2l0Nn4SCMeloZe83VjlT18e-qKEc2S_g1-38gwh2hiR61X1BN1WdkPUOut7Bkemg7eKtKrv5lUA&amp;__tn__=-UC%2CP-y-R\"><strong class=\"html-strong xdj266r x11i5rnm xat24cr x1mh8g0r xexx8yu x4uap5 x18d9i69 xkhd6sd x1hl2dhg x16tdsg8 x1vvkbs x1s688f\"><span class=\"html-span xdj266r x11i5rnm xat24cr x1mh8g0r xexx8yu x4uap5 x18d9i69 xkhd6sd x1hl2dhg x16tdsg8 x1vvkbs\">La Nueva Espa\u00f1a Digital &#8211; LNE.es<\/span><\/strong><\/a><\/span> <span class=\"html-span xdj266r x11i5rnm xat24cr x1mh8g0r xexx8yu x4uap5 x18d9i69 xkhd6sd x1hl2dhg x16tdsg8 x1vvkbs\"><span class=\"x4k7w5x x1h91t0o x1h9r5lt x1jfb8zj xv2umb2 x1beo9mf xaigb6o x12ejxvf x3igimt xarpa2k xedcshv x1lytzrv x1t2pt76 x7ja8zs x1qrby5j\"><span class=\"x1rg5ohu x6ikm8r x10wlt62 x16dsc37 xt0b8zv\" aria-labelledby=\":rkl:\"><span class=\"xmper1u xt0psk2 xjb2p0i x1qlqyl8 x15bjb6t x1n2onr6 x17ihmo5 x1g77sc7\"><span class=\"xi7du73 x1n2onr6 x17ihmo5 x1162wnf nrhKlDD9 krhKlDD6 lrhKlDD7 arhKlDCW pdo9 qdoa rdob cdnW\">\/<a href=\"https:\/\/estaticos-cdn.prensaiberica.es\/clip\/fe7c2a0a-6f84-4447-aa1e-121e63f3916c_16-9-discover-aspect-ratio_default_0.webp\"> imaxe<\/a><\/span><\/span><\/span><\/span><\/span><\/li>\n<li><strong>&#8216;New York Photography Awards&#8217;: <\/strong><a href=\"https:\/\/newyorkphotographyawards.com\/?fbclid=IwZXh0bgNhZW0CMTAAAR0XkURLlY270KkSBEkuN4-WEC9JcSx2TH-ynY8KmXoOIgC59tP3d5wGx3A_aem_3TfxyFyB0F2Zz8MdoTvjcA\">web<\/a><strong> \/<\/strong> <a href=\"https:\/\/www.facebook.com\/nyphotoawards\/\">Facebook<\/a> \/ <a href=\"https:\/\/newyorkphotographyawards.com\/winner.php\">GANADORES<\/a> \/<\/li>\n<\/ul>\n<p style=\"text-align: center\"><a href=\"https:\/\/estaticos-cdn.prensaiberica.es\/clip\/fe7c2a0a-6f84-4447-aa1e-121e63f3916c_16-9-discover-aspect-ratio_default_0.webp\"><img loading=\"lazy\" decoding=\"async\" class=\"aligncenter size-large\" src=\"https:\/\/estaticos-cdn.prensaiberica.es\/clip\/fe7c2a0a-6f84-4447-aa1e-121e63f3916c_16-9-discover-aspect-ratio_default_0.webp\" width=\"1200\" height=\"675\" \/><\/a><span style=\"color: #008080\"><em>\u00abThe Dancie of Cider: Art and Tradition<strong>\/La danza de la sidra: arte y tradici\u00f3n<\/strong>\u00ab<\/em><\/span><\/p>\n<\/div>\n<div class=\"html-div xdj266r x11i5rnm xat24cr x1mh8g0r xexx8yu x4uap5 x18d9i69 xkhd6sd\" dir=\"auto\">\n<div class=\"html-div xdj266r x11i5rnm xat24cr x1mh8g0r xexx8yu x4uap5 x18d9i69 xkhd6sd\" dir=\"auto\">\n<div class=\"html-div xdj266r x11i5rnm xat24cr x1mh8g0r xexx8yu x4uap5 x18d9i69 xkhd6sd\" data-ad-rendering-role=\"story_message\">\n<div class=\"x1l90r2v x1iorvi4 x1ye3gou xn6708d\" data-ad-comet-preview=\"message\" data-ad-preview=\"message\">\n<div class=\"x78zum5 xdt5ytf xz62fqu x16ldp7u\">\n<div class=\"xu06os2 x1ok221b\">\n<div class=\"xdj266r x11i5rnm xat24cr x1mh8g0r x1vvkbs x126k92a\">\n<div dir=\"auto\">El navetu Jos\u00e9 Ornia gana una Medaya de Plata nos <strong><span style=\"color: #008080\">&#8216;New York Photography Awards&#8217;<\/span><\/strong> col so homenaxe al escanci\u00e1u de la b\u00e9bora rexonal, acabante declarase<strong> Patrimoniu de la Humanid\u00e1.<\/strong><\/div>\n<div dir=\"auto\"><!--more--><\/div>\n<div dir=\"auto\">\n<p><em>\u00abEl mio dest\u00edn nesta vida nun yera faer fotograf\u00edes, sin\u00f3n sidra, porque soi nietu y f\u00edu de llagareros. Lamentablemente, la d\u00e9cada de los setenta foi nefasta para la sidra y llev\u00f3se per delantre munchos llagares, ente ellos Sidra Ornia. De nun ser asina, g\u00fcei tar\u00eda tan satisfechu faciendo sidra como lo toi faciendo fotograf\u00edes, por que la sidra y lo que la arrodia enraigon\u00f3 en mi de ne\u00f1u y g\u00fcei sigue siendo la mio pasi\u00f3n\u00bb<\/em>.<\/p>\n<p>Jos\u00e9 Ornia (Nava, 1963) esplica la raz\u00f3n de ser de la imaxe que-y vali\u00f3 xuna Medaya de Plata na \u00faltima edici\u00f3n de los \u00abNew York Photography Awars\u00bb. <em>\u00abThe Dancie of Cider: Art and *Tradition\/La danza de la sidra: arte y tradici\u00f3n\u00bb<\/em>, la fotograf\u00eda galardonada na categor\u00eda d&#8217;alimentos y b\u00e9bores del certame, <strong>capta&#8217;l momentu nel que la botella entornada arrama la sidra, nun remexu dor\u00e1u que ruempe&#8217;l negror del fondu.<\/strong><\/p>\n<p style=\"text-align: center\">\n<!-- iframe plugin v.6.0 wordpress.org\/plugins\/iframe\/ -->\n<iframe loading=\"lazy\" src=\"https:\/\/www.instagram.com\/reel\/DEah1SNOVY3\/embed\" width=\"360\" height=\"620\" 0=\"\/iframe\" scrolling=\"yes\" class=\"iframe-class\" frameborder=\"0\"><\/iframe>\n<\/p>\n<div class=\"_a9zs\">\n<p class=\"_ap3a _aaco _aacu _aacx _aad7 _aade\" dir=\"auto\">La semeya nun ye reci\u00e9n, ta tomada fai y\u00e1 dalg\u00fan tiempu y so autor gu\u00e1rdalo como daqu\u00e9 personal. Jos\u00e9 Ornia cuenta que s&#8217;anim\u00f3 a presentala al certame arriendes de la declaraci\u00f3n de la popular y emblem\u00e1tica b\u00e9bora asturiano como Patrimoniu Cultural Inmaterial de la Humanid\u00e1 pola Unesco.<strong> \u00abAsocedi\u00f3me contribuyir a la internacionalizaci\u00f3n de la sidra y present\u00e9lo a esti concursu en Nueva York\u00bb<\/strong>, comenta.<\/p>\n<\/div>\n<p style=\"text-align: center\"><a href=\"https:\/\/estaticos-cdn.prensaiberica.es\/clip\/1bde5451-7267-48b5-8224-899dfddf7456_source-aspect-ratio_default_0.webp\"><img loading=\"lazy\" decoding=\"async\" class=\"aligncenter size-large\" src=\"https:\/\/estaticos-cdn.prensaiberica.es\/clip\/1bde5451-7267-48b5-8224-899dfddf7456_source-aspect-ratio_default_0.webp\" width=\"1600\" height=\"1012\" \/><\/a><\/p>\n<\/div>\n<div dir=\"auto\">\n<p>Ornia, actual vicepresidente de la de l&#8217;<strong>Asociaci\u00f3n de Fot\u00f3grafos Profesionales d&#8217;Espa\u00f1a<\/strong>, atesora una llarga trayectoria y munchos premios. Empecipi\u00f3 na fotograf\u00eda cuando apenes ten\u00eda 11 a\u00f1os d&#8217;ed\u00e1 y a los 13 merc\u00f3se la so primer c\u00e1mara r\u00e9flex. A los 17 a\u00f1os ingres\u00f3 nel Institutu d&#8217;Estudios Fotogr\u00e1ficos de Catalu\u00f1a. Exerci\u00f3 l&#8217;oficiu en Barcelona y dempu\u00e9s d&#8217;unos a\u00f1os treslladose col so estudiu a Asturies.<\/p>\n<p>La so activid\u00e1 profesional ta centrada nel campu de la publicid\u00e1 y a principios d&#8217;este mesmu a\u00f1u llogr\u00f3 dos mentes honor\u00edfiques, tami\u00e9n nel certame neoyorqu\u00edn, con otres tantes semeyes de tema gastron\u00f3mica, nes que retrataba dos de los platos de la carta del restor\u00e1n NM, unu de los establecimientos que Nacho Manzano tien n&#8217;Uvi\u00e9u y que l&#8217;a\u00f1u pas\u00e1u recibi\u00f3 la so primer estrella Michelin.<\/p>\n<p>El fot\u00f3grafu naveto Jos\u00e9 Ornia trunfa nos New York Photography Awards. La fotograf\u00eda galardon\u00e1 ye un homenaxe a la cultura sidrera. <a class=\"x1i10hfl xjbqb8w x1ejq31n xd10rxx x1sy0etr x17r0tee x972fbf xcfux6l x1qhh985 xm0m39n x9f619 x1ypdohk xt0psk2 xe8uvvx xdj266r x11i5rnm xat24cr x1mh8g0r xexx8yu x4uap5 x18d9i69 xkhd6sd x16tdsg8 x1hl2dhg xggy1nq x1a2a7pz  _aa9_ _a6hd\" role=\"link\" href=\"https:\/\/www.instagram.com\/explore\/tags\/sidra\/\">#Sidra<\/a> <a class=\"x1i10hfl xjbqb8w x1ejq31n xd10rxx x1sy0etr x17r0tee x972fbf xcfux6l x1qhh985 xm0m39n x9f619 x1ypdohk xt0psk2 xe8uvvx xdj266r x11i5rnm xat24cr x1mh8g0r xexx8yu x4uap5 x18d9i69 xkhd6sd x16tdsg8 x1hl2dhg xggy1nq x1a2a7pz  _aa9_ _a6hd\" role=\"link\" href=\"https:\/\/www.instagram.com\/explore\/tags\/fotograf%C3%ADa\/\">#Fotograf\u00eda<\/a> <a class=\"x1i10hfl xjbqb8w x1ejq31n xd10rxx x1sy0etr x17r0tee x972fbf xcfux6l x1qhh985 xm0m39n x9f619 x1ypdohk xt0psk2 xe8uvvx xdj266r x11i5rnm xat24cr x1mh8g0r xexx8yu x4uap5 x18d9i69 xkhd6sd x16tdsg8 x1hl2dhg xggy1nq x1a2a7pz  _aa9_ _a6hd\" role=\"link\" href=\"https:\/\/www.instagram.com\/explore\/tags\/asturias\/\">#Asturias<\/a> <a class=\"x1i10hfl xjbqb8w x1ejq31n xd10rxx x1sy0etr x17r0tee x972fbf xcfux6l x1qhh985 xm0m39n x9f619 x1ypdohk xt0psk2 xe8uvvx xdj266r x11i5rnm xat24cr x1mh8g0r xexx8yu x4uap5 x18d9i69 xkhd6sd x16tdsg8 x1hl2dhg xggy1nq x1a2a7pz  _aa9_ _a6hd\" role=\"link\" href=\"https:\/\/www.instagram.com\/explore\/tags\/nyphotographyawards\/\">#NYPhotographyAwards<\/a> <a class=\"x1i10hfl xjbqb8w x1ejq31n xd10rxx x1sy0etr x17r0tee x972fbf xcfux6l x1qhh985 xm0m39n x9f619 x1ypdohk xt0psk2 xe8uvvx xdj266r x11i5rnm xat24cr x1mh8g0r xexx8yu x4uap5 x18d9i69 xkhd6sd x16tdsg8 x1hl2dhg xggy1nq x1a2a7pz  _aa9_ _a6hd\" role=\"link\" href=\"https:\/\/www.instagram.com\/explore\/tags\/nyawards\/\">#NYAwards<\/a><\/p>\n<\/div>\n<\/div>\n<\/div>\n<\/div>\n<\/div>\n<\/div>\n<\/div>\n<\/div>\n<p>&nbsp;<\/p>\n","protected":false},"excerpt":{"rendered":"<p>La Nueva Espa\u00f1a Digital &#8211; LNE.es \/ imaxe &#8216;New York Photography Awards&#8217;: web \/ Facebook \/ GANADORES \/ \u00abThe Dancie of Cider: Art and Tradition\/La danza de la sidra: arte y tradici\u00f3n\u00ab El navetu Jos\u00e9 Ornia gana una Medaya de Plata nos &#8216;New York Photography Awards&#8217; col so homenaxe al escanci\u00e1u de la b\u00e9bora rexonal, [&hellip;]<\/p>\n","protected":false},"author":117,"featured_media":0,"comment_status":"open","ping_status":"open","sticky":false,"template":"","format":"standard","meta":{"footnotes":""},"categories":[61,17,156],"tags":[],"class_list":["post-39202","post","type-post","status-publish","format-standard","hentry","category-concursu","category-semeyes","category-sidre"],"_links":{"self":[{"href":"https:\/\/edublog.educastur.es\/ixuxu\/wp-json\/wp\/v2\/posts\/39202","targetHints":{"allow":["GET"]}}],"collection":[{"href":"https:\/\/edublog.educastur.es\/ixuxu\/wp-json\/wp\/v2\/posts"}],"about":[{"href":"https:\/\/edublog.educastur.es\/ixuxu\/wp-json\/wp\/v2\/types\/post"}],"author":[{"embeddable":true,"href":"https:\/\/edublog.educastur.es\/ixuxu\/wp-json\/wp\/v2\/users\/117"}],"replies":[{"embeddable":true,"href":"https:\/\/edublog.educastur.es\/ixuxu\/wp-json\/wp\/v2\/comments?post=39202"}],"version-history":[{"count":9,"href":"https:\/\/edublog.educastur.es\/ixuxu\/wp-json\/wp\/v2\/posts\/39202\/revisions"}],"predecessor-version":[{"id":39401,"href":"https:\/\/edublog.educastur.es\/ixuxu\/wp-json\/wp\/v2\/posts\/39202\/revisions\/39401"}],"wp:attachment":[{"href":"https:\/\/edublog.educastur.es\/ixuxu\/wp-json\/wp\/v2\/media?parent=39202"}],"wp:term":[{"taxonomy":"category","embeddable":true,"href":"https:\/\/edublog.educastur.es\/ixuxu\/wp-json\/wp\/v2\/categories?post=39202"},{"taxonomy":"post_tag","embeddable":true,"href":"https:\/\/edublog.educastur.es\/ixuxu\/wp-json\/wp\/v2\/tags?post=39202"}],"curies":[{"name":"wp","href":"https:\/\/api.w.org\/{rel}","templated":true}]}}