{"id":39210,"date":"2025-01-01T13:00:58","date_gmt":"2025-01-01T11:00:58","guid":{"rendered":"https:\/\/edublog.educastur.es\/ixuxu\/?p=39210"},"modified":"2025-01-03T11:49:41","modified_gmt":"2025-01-03T09:49:41","slug":"la-guirria-recibe-lanu-nuevu-en-ponga","status":"publish","type":"post","link":"https:\/\/edublog.educastur.es\/ixuxu\/2025\/01\/la-guirria-recibe-lanu-nuevu-en-ponga\/","title":{"rendered":"La guirria recibe l&#8217;A\u00f1u Nuevu en Ponga"},"content":{"rendered":"<p style=\"text-align: center\"><a href=\"https:\/\/estaticos-cdn.prensaiberica.es\/clip\/0d4f0b16-5df5-47fb-934a-33a855f17308_source-aspect-ratio_default_0.jpg\"><img loading=\"lazy\" decoding=\"async\" class=\"aligncenter size-large\" src=\"https:\/\/estaticos-cdn.prensaiberica.es\/clip\/0d4f0b16-5df5-47fb-934a-33a855f17308_source-aspect-ratio_default_0.jpg\" width=\"2000\" height=\"1500\" \/><\/a><\/p>\n<p>La guirria recibe l&#8217;A\u00f1u Nuevu en Ponga achuchando y besando a les muyeres y llanzando ceniza a los homes. Cientos de persones participaron ayeri en Bele\u00f1u, n&#8217;una de les fiestes m\u00e1s singulares d&#8217;Asturies, protagonizada por un m\u00edticu personaxe amazcar\u00e1u, escolt\u00e1u per cerca de 40 de caballeros.<\/p>\n<ul>\n<li>Fonte: <a href=\"https:\/\/www.lne.es\/oriente\/2025\/01\/01\/guirria-recibe-ano-nuevo-ponga-113052483.html\">LNE<\/a> \/ <a href=\"https:\/\/www.lne.es\/oriente\/2025\/01\/01\/ponga-arranca-ano-guirria-haciendo-113051073.html\">GALER\u00cdA<\/a> \/<\/li>\n<\/ul>\n<p><!--more--><\/p>\n<p>Hai munches formes de celebrar l&#8217;A\u00f1u Nuevu, pero poques tan interesaes y risonderes como la de San Juan de Bele\u00f1u, en Ponga. Cientos de persones, atra\u00edes pol bon tiempu y lo curioso del festexu, axunt\u00e1ronse ayeri nes cais de la capital del conceyu pa esfrutar d&#8217;una tradici\u00f3n ancestral que cada vez tien m\u00e1s impulsu. El sol al filu del mediud\u00eda empezaba a avivar los nervios d&#8217;aquellos qu&#8217;aguardaben con ganes la llegada de la guirria, el principal protagonista d&#8217;esta xornada festiva.<\/p>\n<p style=\"text-align: center\">\n<!-- iframe plugin v.6.0 wordpress.org\/plugins\/iframe\/ -->\n<iframe loading=\"lazy\" src=\"https:\/\/www.instagram.com\/reel\/DEUwybqvRDu\/embed\" width=\"360\" height=\"620\" 0=\"\/iframe\" scrolling=\"yes\" class=\"iframe-class\" frameborder=\"0\"><\/iframe>\n<\/p>\n<p>\u00abYe la primer vegada que venimos. Tenemos amigos que son d&#8217;equ\u00ed y fal\u00e1ronnos de la fiesta. \u00bfQu\u00e9 meyor plan pa venir con ne\u00f1os y enriba con un d\u00eda como este?\u00bb, se\u00f1al\u00f3 Alejandro Vallina, de Xix\u00f3n. L&#8217;espa\u00f1\u00edu de los voladores anunci\u00f3 que yeren los dolce en puntu y, de s\u00f3pitu, un personaxe amarut\u00e1u y mazcar\u00e1u apaeci\u00f3 corriendo a gran velocid\u00e1 y armando una bona movici\u00f3n.<\/p>\n<p>Como manda la tradici\u00f3n, la guirria percorri\u00f3 la localid\u00e1 partiendo suerte con besos y abrazos a les muyeres y llanzando ceniza a los homes: \u00abTr\u00e1tase de dir felicitando l&#8217;a\u00f1u nuevu a los vecinos d&#8217;esta manera especial y de pasalo bien\u00bb, esplic\u00f3 David Granda.<\/p>\n<p style=\"text-align: center\"><a href=\"https:\/\/estaticos-cdn.prensaiberica.es\/clip\/ee846a87-40bc-456e-a6e9-85e3e4eaf90f_source-aspect-ratio_default_0.jpg\"><img loading=\"lazy\" decoding=\"async\" class=\"aligncenter size-large\" src=\"https:\/\/estaticos-cdn.prensaiberica.es\/clip\/ee846a87-40bc-456e-a6e9-85e3e4eaf90f_source-aspect-ratio_default_0.jpg\" width=\"2000\" height=\"1500\" \/><\/a><\/p>\n<p><strong>El secretu meyor guard\u00e1u. <\/strong>La guirria traves\u00f3 la capital pongueta dando saltos y afarando con tou. Lleg\u00f3 inclusive a colase na terraza d&#8217;una casa pa llograr achuchar a una vecina y, pola so efusivid\u00e1, acab\u00f3 cayendo ente rises con otra nuna pequena cuneta antes de xubise al llombu d&#8217;un caballu: \u00abY\u00e1 toi notando&#8217;l cansanciu\u00bb, coment\u00f3 dempu\u00e9s de la so gran carrera la guirria d&#8217;angua\u00f1o, que y\u00e1 lo foi n&#8217;otra ocasi\u00f3n. La so identid\u00e1 ye un misteriu que nun se puede desvelar, tal que esplica \u00e9l mesmu. Ye \u00abun secretu\u00bb. El secretu meyor guard\u00e1u de la xornada en Ponga.<\/p>\n<p style=\"text-align: center\"><a href=\"https:\/\/estaticos-cdn.prensaiberica.es\/clip\/0d4f0b16-5df5-47fb-934a-33a855f17308_source-aspect-ratio_default_0.jpg\"><img loading=\"lazy\" decoding=\"async\" class=\"aligncenter size-large\" src=\"https:\/\/estaticos-cdn.prensaiberica.es\/clip\/0d4f0b16-5df5-47fb-934a-33a855f17308_source-aspect-ratio_default_0.jpg\" width=\"2000\" height=\"1500\" \/><\/a>Ponga arrinca l&#8217;a\u00f1u cola Guirria faciendo de les suyes\/J. QUINCE<\/p>\n<p>La fiesta empieza en realid\u00e1 l&#8217;\u00faltimu d\u00eda del a\u00f1u, previu a esta celebraci\u00f3n, cuando se decide quien va encarnar a esti singular personaxe mitol\u00f3xicu, y real\u00edzase un sort\u00e9u pa empareyar a los solteros y solteres mayores de 15 a\u00f1os, metiendo tolos nomes en dos c\u00e1ntaros: \u00abAyeri di\u00e9ronnos unes papeletes y g\u00fcei tengo qu&#8217;apurrir a les moces, sale la guirria y pidimos l&#8217;aguilandu\u00bb, resumi\u00f3 Granda.<\/p>\n<p>Salieron 29 pareyes y dalguna moza qued\u00f3 \u00aben c\u00e1ntaru\u00bb, ensin pareya, angua\u00f1o. Granda foi unu de los casi 40 caballeros que formaron parte del cortexu de la guirria, que percorri\u00f3 Cainava y Bele\u00f1u <strong>en busca de viandes, beb\u00edes y dineru<\/strong>. D&#8217;ellos, los mayores de 15 a\u00f1os, 26, escoltaron a la guirria a caballu, ente que una docena de ne\u00f1os fic\u00ederenlo en burru, acompa\u00f1aos polos sos familiares.<\/p>\n<p style=\"text-align: center\"><a href=\"https:\/\/estaticos-cdn.prensaiberica.es\/clip\/3dcb6901-ea84-48da-b5d6-39445dec3435_source-aspect-ratio_default_0.jpg\"><img loading=\"lazy\" decoding=\"async\" class=\"aligncenter size-large\" src=\"https:\/\/estaticos-cdn.prensaiberica.es\/clip\/3dcb6901-ea84-48da-b5d6-39445dec3435_source-aspect-ratio_default_0.jpg\" width=\"2000\" height=\"1500\" \/><\/a><\/p>\n<p>Son los varones los que cumplen con esta misi\u00f3n, pero elles tami\u00e9n participen na fiesta: Solo remanase los xumentos los mozos, pero les moces tami\u00e9n pueden montase con ellos, na grupa. \u00abA mi lo que m\u00e1s me gusta ye dir pidiendo poles cases l&#8217;aguilandu y cantando los cantares tradicionales\u00bb, apunt\u00f3 la peque\u00f1a Silvia Velasco, de diez a\u00f1os.<\/p>\n<p style=\"text-align: center\"><a href=\"https:\/\/estaticos-cdn.prensaiberica.es\/clip\/72eaa427-97b5-45d3-bcae-65c708f50f73_source-aspect-ratio_default_0.jpg\"><img loading=\"lazy\" decoding=\"async\" class=\"aligncenter size-large\" src=\"https:\/\/estaticos-cdn.prensaiberica.es\/clip\/72eaa427-97b5-45d3-bcae-65c708f50f73_source-aspect-ratio_default_0.jpg\" width=\"2000\" height=\"1500\" \/><\/a><\/p>\n","protected":false},"excerpt":{"rendered":"<p>La guirria recibe l&#8217;A\u00f1u Nuevu en Ponga achuchando y besando a les muyeres y llanzando ceniza a los homes. Cientos de persones participaron ayeri en Bele\u00f1u, n&#8217;una de les fiestes m\u00e1s singulares d&#8217;Asturies, protagonizada por un m\u00edticu personaxe amazcar\u00e1u, escolt\u00e1u per cerca de 40 de caballeros. Fonte: LNE \/ GALER\u00cdA \/<\/p>\n","protected":false},"author":117,"featured_media":0,"comment_status":"open","ping_status":"open","sticky":false,"template":"","format":"standard","meta":{"footnotes":""},"categories":[103],"tags":[],"class_list":["post-39210","post","type-post","status-publish","format-standard","hentry","category-mazcaraes"],"_links":{"self":[{"href":"https:\/\/edublog.educastur.es\/ixuxu\/wp-json\/wp\/v2\/posts\/39210","targetHints":{"allow":["GET"]}}],"collection":[{"href":"https:\/\/edublog.educastur.es\/ixuxu\/wp-json\/wp\/v2\/posts"}],"about":[{"href":"https:\/\/edublog.educastur.es\/ixuxu\/wp-json\/wp\/v2\/types\/post"}],"author":[{"embeddable":true,"href":"https:\/\/edublog.educastur.es\/ixuxu\/wp-json\/wp\/v2\/users\/117"}],"replies":[{"embeddable":true,"href":"https:\/\/edublog.educastur.es\/ixuxu\/wp-json\/wp\/v2\/comments?post=39210"}],"version-history":[{"count":6,"href":"https:\/\/edublog.educastur.es\/ixuxu\/wp-json\/wp\/v2\/posts\/39210\/revisions"}],"predecessor-version":[{"id":39243,"href":"https:\/\/edublog.educastur.es\/ixuxu\/wp-json\/wp\/v2\/posts\/39210\/revisions\/39243"}],"wp:attachment":[{"href":"https:\/\/edublog.educastur.es\/ixuxu\/wp-json\/wp\/v2\/media?parent=39210"}],"wp:term":[{"taxonomy":"category","embeddable":true,"href":"https:\/\/edublog.educastur.es\/ixuxu\/wp-json\/wp\/v2\/categories?post=39210"},{"taxonomy":"post_tag","embeddable":true,"href":"https:\/\/edublog.educastur.es\/ixuxu\/wp-json\/wp\/v2\/tags?post=39210"}],"curies":[{"name":"wp","href":"https:\/\/api.w.org\/{rel}","templated":true}]}}