{"id":39245,"date":"2025-01-03T08:30:45","date_gmt":"2025-01-03T06:30:45","guid":{"rendered":"https:\/\/edublog.educastur.es\/ixuxu\/?p=39245"},"modified":"2025-01-03T12:01:34","modified_gmt":"2025-01-03T10:01:34","slug":"el-tiempu-nasturies-esta-ye-la-prevision-para-esti-vienres-3-de-xineru","status":"publish","type":"post","link":"https:\/\/edublog.educastur.es\/ixuxu\/2025\/01\/el-tiempu-nasturies-esta-ye-la-prevision-para-esti-vienres-3-de-xineru\/","title":{"rendered":"El tiempu n&#8217;Asturies: esta ye la previsi\u00f3n para esti vienres, 3 de xineru"},"content":{"rendered":"<ul>\n<li>Fonte:<a href=\"https:\/\/www.elcomercio.es\/asturias\/tiempo-asturias-prevision-viernes-enero-20250103214547-nt.html?fbclid=IwZXh0bgNhZW0CMTEAAR0ZPHIrO7uKc1uPX306m8A2OhHGmCc--onzfI0-BeusjwnjSEsmWjcBiS0_aem_Wh0SjVxdOWu54asdGfHnQw\"> El Comercio<\/a> \/ <a href=\"https:\/\/s3.ppllstatics.com\/elcomercio\/www\/multimedia\/2025\/01\/02\/prevision-tiempo-asturias-kIAE-U22013282936730JB-1200x840@El%20Comercio.JPG\">mapa<\/a> \/<\/li>\n<\/ul>\n<p>u El tiempu n&#8217;Asturies para esti vienres, 3 de xineru va traer la primer xornada lluviosa del a\u00f1u na rex\u00f3n. Les temperatures, eso s\u00ed, van xubir dellos graos.<\/p>\n<p style=\"text-align: center\"><a href=\"https:\/\/s3.ppllstatics.com\/elcomercio\/www\/multimedia\/2025\/01\/02\/prevision-tiempo-asturias-kIAE-U22013282936730JB-1200x840@El%20Comercio.JPG\"><img loading=\"lazy\" decoding=\"async\" class=\"aligncenter size-large\" src=\"https:\/\/s3.ppllstatics.com\/elcomercio\/www\/multimedia\/2025\/01\/02\/prevision-tiempo-asturias-kIAE-U22013282936730JB-1200x840@El%20Comercio.JPG\" width=\"1200\" height=\"840\" \/><\/a><\/p>\n<p><!--more--><\/p>\n<ul>\n<li><em><span style=\"color: #008080\">Esperamos cielos nublos o bien nublos que van dexar precipitaciones de calter d\u00e9bil part\u00edes pola rex\u00f3n y que podr\u00eden dase tantu pela ma\u00f1ana como pela tarde. <\/span><\/em><\/li>\n<li><em><span style=\"color: #008080\">En ll\u00ednees xenerales, esp\u00e9rense un rexistru de siquier 10\/15 llitros per metru cuadr\u00e1u mientres tol d\u00eda na mayor\u00eda de poblaciones asturianes, anque va haber puntos como en zones del occidente y tami\u00e9n nel cordal oriental onde podr\u00e1n atropase m\u00e1s de 30 llitros per metru cuadr\u00e1u a lo llargo de la xornada. <\/span><\/em><\/li>\n<li><em><span style=\"color: #008080\">Los vientos van predominar de suroeste con raches moderaes nel occidente y altu monte con raches que podr\u00eden algamar los 60 km\/h. Nel restu, estos vientos van ser m\u00e1s fluexos.<\/span><\/em><\/li>\n<li><em><span style=\"color: #008080\">Les temperatures m\u00e1ximes van xubir nel occidente (ell\u00ed onde les raches de vientu son m\u00e1s significatives) y podr\u00eden baxar llixeramente nel oriente. <\/span><\/em><\/li>\n<li><em><span style=\"color: #008080\">Les m\u00ednimes, sicas\u00ed, van xubir de forma notable tantu nel centru como nel oriente (hasta 6 \u00baC m\u00e1s qu&#8217;ayeri xueves), tami\u00e9n van xubir anque de forma m\u00e1s moderada nel suroeste.<\/span><\/em><\/li>\n<li><em><span style=\"color: #008080\"> Nel cuadrante noroccidental, sicas\u00ed, les temperatures m\u00ednimes nun se van ver alteriaes al respective de les anotaes el d\u00eda anterior. <\/span><\/em><\/li>\n<li><em><span style=\"color: #008080\">Ma\u00f1ana s\u00e1badu van predominar los vientos de suroeste-sur, esp\u00e9rense nubes altes y una baxa probabilid\u00e1 de precipitaciones.<\/span><\/em><\/li>\n<li><em><span style=\"color: #008080\">Van Xubir tanto les m\u00e1ximes como les m\u00ednimes. <\/span><\/em><\/li>\n<li><em><span style=\"color: #008080\">El domingu prevense fuertes vientos de sur con un nuevu ascensu t\u00e9rmicu. <\/span><\/em><\/li>\n<li><em><span style=\"color: #008080\">Esp\u00e9rase un ambiente t\u00e9rmico bien prestosu pa les Cabalgates de los Reis Magos en tol Princip\u00e1u (ente 13 y 16 \u00baC al anochecer).<\/span><\/em><\/li>\n<\/ul>\n<p style=\"text-align: center\">\n<!-- iframe plugin v.6.0 wordpress.org\/plugins\/iframe\/ -->\n<iframe loading=\"lazy\" src=\"https:\/\/www.instagram.com\/reel\/DEVk7Bjs3wm\/embed\" width=\"360\" height=\"620\" 0=\"\/iframe\" scrolling=\"yes\" class=\"iframe-class\" frameborder=\"0\"><\/iframe>\n<\/p>\n<ul>\n<li><a href=\"https:\/\/www.instagram.com\/eltiempodejavimo\/\">https:\/\/www.instagram.com\/eltiempodejavimo\/<\/a><\/li>\n<\/ul>\n<p>&nbsp;<\/p>\n","protected":false},"excerpt":{"rendered":"<p>Fonte: El Comercio \/ mapa \/ u El tiempu n&#8217;Asturies para esti vienres, 3 de xineru va traer la primer xornada lluviosa del a\u00f1u na rex\u00f3n. Les temperatures, eso s\u00ed, van xubir dellos graos.<\/p>\n","protected":false},"author":117,"featured_media":0,"comment_status":"open","ping_status":"open","sticky":false,"template":"","format":"standard","meta":{"footnotes":""},"categories":[5],"tags":[],"class_list":["post-39245","post","type-post","status-publish","format-standard","hentry","category-tiempu"],"_links":{"self":[{"href":"https:\/\/edublog.educastur.es\/ixuxu\/wp-json\/wp\/v2\/posts\/39245","targetHints":{"allow":["GET"]}}],"collection":[{"href":"https:\/\/edublog.educastur.es\/ixuxu\/wp-json\/wp\/v2\/posts"}],"about":[{"href":"https:\/\/edublog.educastur.es\/ixuxu\/wp-json\/wp\/v2\/types\/post"}],"author":[{"embeddable":true,"href":"https:\/\/edublog.educastur.es\/ixuxu\/wp-json\/wp\/v2\/users\/117"}],"replies":[{"embeddable":true,"href":"https:\/\/edublog.educastur.es\/ixuxu\/wp-json\/wp\/v2\/comments?post=39245"}],"version-history":[{"count":1,"href":"https:\/\/edublog.educastur.es\/ixuxu\/wp-json\/wp\/v2\/posts\/39245\/revisions"}],"predecessor-version":[{"id":39248,"href":"https:\/\/edublog.educastur.es\/ixuxu\/wp-json\/wp\/v2\/posts\/39245\/revisions\/39248"}],"wp:attachment":[{"href":"https:\/\/edublog.educastur.es\/ixuxu\/wp-json\/wp\/v2\/media?parent=39245"}],"wp:term":[{"taxonomy":"category","embeddable":true,"href":"https:\/\/edublog.educastur.es\/ixuxu\/wp-json\/wp\/v2\/categories?post=39245"},{"taxonomy":"post_tag","embeddable":true,"href":"https:\/\/edublog.educastur.es\/ixuxu\/wp-json\/wp\/v2\/tags?post=39245"}],"curies":[{"name":"wp","href":"https:\/\/api.w.org\/{rel}","templated":true}]}}