{"id":39297,"date":"2025-01-03T13:07:54","date_gmt":"2025-01-03T11:07:54","guid":{"rendered":"https:\/\/edublog.educastur.es\/ixuxu\/?p=39297"},"modified":"2025-01-03T13:51:50","modified_gmt":"2025-01-03T11:51:50","slug":"39297","status":"publish","type":"post","link":"https:\/\/edublog.educastur.es\/ixuxu\/2025\/01\/39297\/","title":{"rendered":"Collabora nesti proyectu multidisciplinar\u00a0nel que confl\u00fain\u00a0m\u00fasica, palabra ya imaxe: \u00abVou\u00bb de Vero Rubio"},"content":{"rendered":"<p><strong>Vero Rubio<\/strong>: <a href=\"https:\/\/www.youtube.com\/@verorrubio\">YouTube<\/a> \/ <a href=\"https:\/\/www.verkami.com\/projects\/39853-vero-rubio-vou\"><strong>VERKAMI\u00a0<\/strong> <\/a>\/<a href=\"https:\/\/open.spotify.com\/intl-es\/artist\/5TXEiIzZQjY1VR9K576FG4?si=ZH2bj80aRHmgVvvdbDqqUA\" target=\"_blank\" rel=\"noopener\">Spotify &#8211; Vero Rubio<\/a><\/p>\n<ul>\n<li><a href=\"https:\/\/www.instagram.com\/verorrubio\/profilecard\/?igsh=ZHV3MnFrbzl6azU=\" target=\"_blank\" rel=\"noopener\">Instagram &#8211; verorrubio<\/a><\/li>\n<li><em><span style=\"color: #008080\"><strong>Ay\u00fadala a financiar el so primer trabayu en solitariu: un discu y un llibru de m\u00fasica n&#8217;asturianu.<\/strong><\/span><\/em><\/li>\n<\/ul>\n<p id=\"qu-es-vou\">\u00bfQu\u00e9 es\u00a0<em>Vou<\/em>? <strong style=\"font-size: 16px\">Vou<\/strong><span style=\"font-size: 16px\"> ye un proyectu multidisciplinar nel que confl\u00fain m\u00fasica, palabra ya imaxe. <\/span>Cada pieza del proyectu, instrumental o vocal, tien un poema\/lletra y un v\u00eddeu que lu acompa\u00f1a, como tr\u00e9s caminos que te lleven al mesmu dest\u00edn.<\/p>\n<p style=\"text-align: center\">\n<!-- iframe plugin v.6.0 wordpress.org\/plugins\/iframe\/ -->\n<iframe loading=\"lazy\" class=\"js-widget-iframe\" id=\"verkamiPortrait\" frameborder=\"0\" allowtransparency=\"true\" scrolling=\"no\" style=\"width: 240px; height: 417px;\" src=\"https:\/\/www.verkami.com\/projects\/39853-vero-rubio-vou\/widget_portrait\" 0=\"\/iframe\" width=\"100%\" height=\"500\"><\/iframe>\n<\/p>\n<p>Nesti enllaz vas poder ver de qu\u00e9 falo. Vas Atopar cuatro senciellos que van tar incluy\u00edos nel discu, am\u00e1s de los resumes de dos conciertos y pequenes esplicaciones de les pieces:<\/p>\n<p><!--more--><br \/>\n\u00bfPara qu\u00e9 ye esta campa\u00f1a de crowdfunding? Este ye&#8217;l mio primer proyectu en solitariu, busco financiamientu para sacalo a la lluz cola meyor calid\u00e1 posible. Y\u00e1 ta grab\u00e1u y premezclado, queda l&#8217;\u00faltimu emburri\u00f3n: masterizaci\u00f3n y copies.<\/p>\n<p style=\"text-align: center\">\n<!-- iframe plugin v.6.0 wordpress.org\/plugins\/iframe\/ -->\n<iframe loading=\"lazy\" width=\"100%\" height=\"428\" src=\"https:\/\/www.youtube.com\/embed\/DAvM0evJD38\" title=\"VOU_PROMO - Crowdfunding\" frameborder=\"0\" allow=\"accelerometer; autoplay; clipboard-write; encrypted-media; gyroscope; picture-in-picture; web-share\" referrerpolicy=\"strict-origin-when-cross-origin\" 0=\"allowfullscreen\" 1=\"\/iframe\" scrolling=\"yes\" class=\"iframe-class\"><\/iframe>\n<\/p>\n<p><strong>La resultancia d&#8217;esti trabayu va salir como discu y como llibru:\u00a0<\/strong>El discu: va incluyir 11 pieces y nel llibretu vais atopar un fotograma del v\u00eddeu xuntu col poema-lletra. Am\u00e1s d&#8217;incluyir un enllaz para la visualizaci\u00f3n de los v\u00eddeos.<\/p>\n<p>El llibru: n\u00e9l cunto la hestoria del orixe de cada pieza, va dir acompa\u00f1ada d&#8217;un fotograma del so v\u00eddeu, el poema\/lletra y la partitura de la melod\u00eda desenvuelta. Am\u00e1s va incluyir un enllaz de descarga para la m\u00fasica y la visualizaci\u00f3n de los v\u00eddeos. La maquetaci\u00f3n va correr al cargu de Editorial Trabe.<\/p>\n<p style=\"text-align: center\"><a href=\"https:\/\/dg9aaz8jl1ktt.cloudfront.net\/uploaded_files\/000\/440\/207\/verkami_7abd0fd33e99d97f9be11ea0f9b27ae8.jpg?1734903874\"><img loading=\"lazy\" decoding=\"async\" class=\"aligncenter size-large\" src=\"https:\/\/dg9aaz8jl1ktt.cloudfront.net\/uploaded_files\/000\/440\/207\/verkami_7abd0fd33e99d97f9be11ea0f9b27ae8.jpg?1734903874\" width=\"587\" height=\"587\" \/><\/a><\/p>\n<p>\u00bfQui\u00e9n hai detr\u00e1s? Cantautora, multiinstrumentista (pianu, trompa, trompeta, bodhran), compositora y arreglista. Con formaci\u00f3n cl\u00e1sica y esperiencia en distintos estilos, jazz, folk y tradicional, improvisaci\u00f3n llibre, rock&#8230;<\/p>\n<p>Ganadora del Premiu Camaret\u00e1 al Meyor Cantar col cantar<strong> Dixo miou padre<\/strong>, una de les 11 pieces que formen parte d&#8217;esti proyectu, <strong>Vou. <\/strong>Esti proyectu vien de les mios paranoyes, de les mios elucubraciones y de la mio necesid\u00e1 d&#8217;entender, esplicar y poner una banda sonora a cada pasu que doi na vida.<\/p>\n<p style=\"text-align: center\">\n<!-- iframe plugin v.6.0 wordpress.org\/plugins\/iframe\/ -->\n<iframe loading=\"lazy\" width=\"100%\" height=\"419\" src=\"https:\/\/www.youtube.com\/embed\/37xjSIC4sX8\" title=\"Dixo miou padre - Vero Rubio\" frameborder=\"0\" allow=\"accelerometer; autoplay; clipboard-write; encrypted-media; gyroscope; picture-in-picture; web-share\" referrerpolicy=\"strict-origin-when-cross-origin\" 0=\"allowfullscreen\" 1=\"\/iframe\" scrolling=\"yes\" class=\"iframe-class\"><\/iframe>\n<\/p>\n<p>Tola m\u00fasica ye orixinal, sacantes la melod\u00eda de Vou cantar que vien d&#8217;una pieza tradicional gallega. Toes la lletres son orixinales, sacantes la de el d\u00eda que vien d&#8217;un poema de Miguel Monteavaro. Los arreglos, los v\u00eddeos&#8230; tou ye orixinal, tou ye frutu del mio trabayu.<\/p>\n<p>Nel discu encargo de la voz principal salvu en Nuna ma\u00f1ana (Anabel Santiago) y de dellos coros; toco&#8217;l pianu, distintos teclaos, l&#8217;armonio, la trompa, la trompeta, el fliscorno y el bodhran. Am\u00e1s d&#8217;encargame la producci\u00f3n y una primer fase del amiestu. Hai enforma acorico detr\u00e1s, enforma pensamientu, enforma curi\u00e1u en tolos detalles&#8230; enforma aprendizaxe&#8230; y ent\u00e1 m\u00e1s hores.\u00a0Pero nun toi sola&#8230;<\/p>\n<p style=\"text-align: center\"><a href=\"https:\/\/dg9aaz8jl1ktt.cloudfront.net\/uploaded_files\/000\/440\/209\/verkami_a4ed1b0e708df592ce0d315edbfc38c0.jpg?1734904226\"><img loading=\"lazy\" decoding=\"async\" class=\"aligncenter size-large\" src=\"https:\/\/dg9aaz8jl1ktt.cloudfront.net\/uploaded_files\/000\/440\/209\/verkami_a4ed1b0e708df592ce0d315edbfc38c0.jpg?1734904226\" width=\"745\" height=\"527\" \/><\/a><\/p>\n<p><em><strong>La Banda.\u00a0Collaboradores nel proyectu:<\/strong><\/em><\/p>\n<ul>\n<li><em>Secci\u00f3n de cuerda: Cristina Gestido (viola\/viol\u00edn), Juanjo Marqu\u00e9s (viol\u00edn), Paula Men\u00e9ndez (violonchelu); Miguel Garc\u00eda (viol\u00edn en Dixo miou padre), M\u00f3nica Jivanescu (viola en Dixo *miou padre), Javier San Marcos (violonchelu en Dixo miou padre).<\/em><\/li>\n<li><em>Nos vientos: Pep\u00edn de Mu\u00f1al\u00e9n (traverso).<\/em><\/li>\n<li><em>Nes voces: Anabel Santiago (voz principal en Nuna ma\u00f1ana), Puri Pen\u00edn (coros), l&#8217;agrupaci\u00f3n vocal femenina Siset (coros en Por casualid\u00e1).<\/em><\/li>\n<li><em>Na percusi\u00f3n: Javier Bergia (tabla india en Mundu).<\/em><\/li>\n<li><em>A los mandos t\u00e9cnicos: Andy da Silva<\/em><\/li>\n<li><em>Grabaciones realizaes en La c\u00e1mara discos, ente otros llugares; en concretu los pianos grabarense nel estudiu de grabaci\u00f3n de Cesar La Torre, cola so col\u00edn Kawai.<\/em><\/li>\n<li><em>Na secci\u00f3n de imaxe: Arturo Santiago P\u00e9rez<\/em><\/li>\n<li><em>Autor del poema del cantar el d\u00eda y correcci\u00f3n lling\u00fc\u00edstica: Miguel R. Monteavaro<\/em><\/li>\n<li><em>Y hai m\u00e1s xente detr\u00e1s&#8230;<\/em><\/li>\n<\/ul>\n<p style=\"text-align: center\">\n<!-- iframe plugin v.6.0 wordpress.org\/plugins\/iframe\/ -->\n<iframe loading=\"lazy\" width=\"100%\" height=\"419\" src=\"https:\/\/www.youtube.com\/embed\/kqW6TQcpI5E\" title=\"Vero Rubio - Banda\" frameborder=\"0\" allow=\"accelerometer; autoplay; clipboard-write; encrypted-media; gyroscope; picture-in-picture; web-share\" referrerpolicy=\"strict-origin-when-cross-origin\" 0=\"allowfullscreen\" 1=\"\/iframe\" scrolling=\"yes\" class=\"iframe-class\"><\/iframe>\n<\/p>\n<p>&nbsp;<\/p>\n<p>&nbsp;<\/p>\n<p>&nbsp;<\/p>\n<p>&nbsp;<\/p>\n<p>&nbsp;<\/p>\n<p>Llista de pieces:<\/p>\n<p>(D\u00e9xovos esta llista por que pod\u00e1is escoyer la pieza de la que quer\u00e1is la partitura completa o manuscrita, am\u00e1s vais poder escuchar un fragmentu de toes elles nel resume del conciertu que ten\u00e9is enriba.)<\/p>\n<p>El proyectu axunta 11 pieces que son significatives pa mi:<\/p>\n<p>Arturo, *Bich\u00edn, *Dixo *miou padre, *Nuna ma\u00f1ana, el d\u00eda, *Vou caminando, Por *casualid\u00e1, *Vou cantar, *Mundu, Qu\u00e9 *far\u00e9i\u00a0y\u00a0*CaBele\u00f1o.<\/p>\n<p>En conciertu:<\/p>\n<p>Al directu, esti proyectu puede llevase de cuatro maneres:<\/p>\n<p>Yo sola cola mio m\u00fasica\u00a0(esti formatu ye xuna ufierta especial pal *crowdfunding). Interpretando la mio m\u00fasica acompa\u00f1\u00e1ndome del pianu, la trompa y la trompeta.<\/p>\n<p>Yo sola cola mio m\u00fasica y los v\u00eddeos. Am\u00e1s de la m\u00fasica, van reproducise los v\u00eddeos qu&#8217;acompa\u00f1en a #cada pieza.<\/p>\n<p>A\u00a0Cuartetu. Sumando a lo y\u00e1 mentao, sobro l&#8217;escenariu tendr\u00edamos otros tr\u00e9s m\u00fasicos: voz\/*armonio, violonchelu y *traverso.<\/p>\n<p>Cola Banda Completa: Xunir\u00edensenos un viol\u00edn y xuna viola pa completar el tr\u00edu de cuerda.<\/p>\n","protected":false},"excerpt":{"rendered":"<p>Vero Rubio: YouTube \/ VERKAMI\u00a0 \/Spotify &#8211; Vero Rubio Instagram &#8211; verorrubio Ay\u00fadala a financiar el so primer trabayu en solitariu: un discu y un llibru de m\u00fasica n&#8217;asturianu. \u00bfQu\u00e9 es\u00a0Vou? Vou ye un proyectu multidisciplinar nel que confl\u00fain m\u00fasica, palabra ya imaxe. Cada pieza del proyectu, instrumental o vocal, tien un poema\/lletra y un [&hellip;]<\/p>\n","protected":false},"author":117,"featured_media":0,"comment_status":"open","ping_status":"open","sticky":false,"template":"","format":"standard","meta":{"footnotes":""},"categories":[404,35,1,413],"tags":[],"class_list":["post-39297","post","type-post","status-publish","format-standard","hentry","category-crowdfunding","category-musica","category-sin-categoria","category-verkami"],"_links":{"self":[{"href":"https:\/\/edublog.educastur.es\/ixuxu\/wp-json\/wp\/v2\/posts\/39297","targetHints":{"allow":["GET"]}}],"collection":[{"href":"https:\/\/edublog.educastur.es\/ixuxu\/wp-json\/wp\/v2\/posts"}],"about":[{"href":"https:\/\/edublog.educastur.es\/ixuxu\/wp-json\/wp\/v2\/types\/post"}],"author":[{"embeddable":true,"href":"https:\/\/edublog.educastur.es\/ixuxu\/wp-json\/wp\/v2\/users\/117"}],"replies":[{"embeddable":true,"href":"https:\/\/edublog.educastur.es\/ixuxu\/wp-json\/wp\/v2\/comments?post=39297"}],"version-history":[{"count":12,"href":"https:\/\/edublog.educastur.es\/ixuxu\/wp-json\/wp\/v2\/posts\/39297\/revisions"}],"predecessor-version":[{"id":39310,"href":"https:\/\/edublog.educastur.es\/ixuxu\/wp-json\/wp\/v2\/posts\/39297\/revisions\/39310"}],"wp:attachment":[{"href":"https:\/\/edublog.educastur.es\/ixuxu\/wp-json\/wp\/v2\/media?parent=39297"}],"wp:term":[{"taxonomy":"category","embeddable":true,"href":"https:\/\/edublog.educastur.es\/ixuxu\/wp-json\/wp\/v2\/categories?post=39297"},{"taxonomy":"post_tag","embeddable":true,"href":"https:\/\/edublog.educastur.es\/ixuxu\/wp-json\/wp\/v2\/tags?post=39297"}],"curies":[{"name":"wp","href":"https:\/\/api.w.org\/{rel}","templated":true}]}}