{"id":39317,"date":"2025-01-02T12:00:09","date_gmt":"2025-01-02T10:00:09","guid":{"rendered":"https:\/\/edublog.educastur.es\/ixuxu\/?p=39317"},"modified":"2025-01-03T14:04:32","modified_gmt":"2025-01-03T12:04:32","slug":"39317","status":"publish","type":"post","link":"https:\/\/edublog.educastur.es\/ixuxu\/2025\/01\/39317\/","title":{"rendered":"La nueche del 1 de xineru de 2025 lleg\u00f3 con un regalu dende los cielos en dellos puntos d&#8217;Espa\u00f1a para los aficionaos a la fotograf\u00eda"},"content":{"rendered":"<p>L&#8217;aurora boreal asomase al cielu asturianu el 2025: asina se vio&#8217;l fen\u00f3menu dende Llastres y Llanes. La intensa activid\u00e1 solar dexa una guapa estampa en dellos puntos de la rex\u00f3n. <a href=\"https:\/\/www.lne.es\/oriente\/2025\/01\/02\/aurora-boreal-asoma-cielo-asturiano-113063162.html?utm_campaign=Echobox&amp;utm_medium=Social&amp;utm_source=Facebook&amp;fbclid=IwZXh0bgNhZW0CMTEAAR04aqSr68X5v6lQgT7lRxUD_HsiY9CmZzvzLHZ7NuK5jOj2kq4jGNt_i_8_aem_ZoZpYW2WUh5MnbNYqd697Q#Echobox=1735820330\">Fonte: LNE<\/a> \/<\/p>\n<p>Aurores boreales, un fen\u00f3menu t\u00edpicu de los polos, qu&#8217;escasamente se dexa ver dende otros puntos. <strong>N&#8217;Asturies, el fot\u00f3grafu Alfonso Tom\u00e1s llogr\u00f3 captar esti fen\u00f3menu dende dos llugares distintos de la rex\u00f3n.<\/strong> Nes tr\u00e9s imaxes venc\u00edes pol fot\u00f3grafu a esti peri\u00f3dicu, pueden apreciase les lluces acolorataes dende&#8217;l faru de Lluces, en Colunga, y dende la sablera de Pendueles, en Llanes.<\/p>\n<p style=\"text-align: center\"><a href=\"https:\/\/estaticos-cdn.prensaiberica.es\/clip\/53de19ba-2825-4fca-8057-ac7856279e39_source-aspect-ratio_default_0.webp\"><img loading=\"lazy\" decoding=\"async\" class=\"aligncenter size-large\" src=\"https:\/\/estaticos-cdn.prensaiberica.es\/clip\/53de19ba-2825-4fca-8057-ac7856279e39_source-aspect-ratio_default_0.webp\" width=\"1600\" height=\"1066\" \/><\/a><\/p>\n<p><!--more--><\/p>\n<p><strong>\u00abN&#8217;ocasiones especiales, les aurores pueden reparase en llatit\u00faes m\u00e1s baxes, como ye&#8217;l casu d&#8217;Asturies. Depende, principalmente, de l&#8217;activid\u00e1 solar y, angua\u00f1o, tamos n&#8217;una fase que ye intensa\u00bb<\/strong>, esplicaba apocay\u00e1 a LA NUEVA ESPA\u00d1A la doctora n&#8217;Astrof\u00edsica Laura Hermosa, del equipu de la empresa asturiana Ayande Stars y trabayadora nel Centru d&#8217;Astrobiolog\u00eda, en Madrid.<\/p>\n<p><strong>Les aurores boreal y austral son fen\u00f3menos lluminosos qu&#8217;asoceden cuando part\u00edcules cargaes (vientu solar), provenientes del Sol, lleguen a la Tierra y interact\u00faan coles capes altes de la nuesa atm\u00f3sfera<\/strong>. Les part\u00edcules son esviaes pel campu magn\u00e9ticu terrestre escontra los polos, onde se xeneren les espectaculares \u00ablluces del norte y del sur\u00bb.<\/p>\n","protected":false},"excerpt":{"rendered":"<p>L&#8217;aurora boreal asomase al cielu asturianu el 2025: asina se vio&#8217;l fen\u00f3menu dende Llastres y Llanes. La intensa activid\u00e1 solar dexa una guapa estampa en dellos puntos de la rex\u00f3n. Fonte: LNE \/ Aurores boreales, un fen\u00f3menu t\u00edpicu de los polos, qu&#8217;escasamente se dexa ver dende otros puntos. N&#8217;Asturies, el fot\u00f3grafu Alfonso Tom\u00e1s llogr\u00f3 captar [&hellip;]<\/p>\n","protected":false},"author":117,"featured_media":0,"comment_status":"open","ping_status":"open","sticky":false,"template":"","format":"standard","meta":{"footnotes":""},"categories":[223],"tags":[],"class_list":["post-39317","post","type-post","status-publish","format-standard","hentry","category-astronomia"],"_links":{"self":[{"href":"https:\/\/edublog.educastur.es\/ixuxu\/wp-json\/wp\/v2\/posts\/39317","targetHints":{"allow":["GET"]}}],"collection":[{"href":"https:\/\/edublog.educastur.es\/ixuxu\/wp-json\/wp\/v2\/posts"}],"about":[{"href":"https:\/\/edublog.educastur.es\/ixuxu\/wp-json\/wp\/v2\/types\/post"}],"author":[{"embeddable":true,"href":"https:\/\/edublog.educastur.es\/ixuxu\/wp-json\/wp\/v2\/users\/117"}],"replies":[{"embeddable":true,"href":"https:\/\/edublog.educastur.es\/ixuxu\/wp-json\/wp\/v2\/comments?post=39317"}],"version-history":[{"count":4,"href":"https:\/\/edublog.educastur.es\/ixuxu\/wp-json\/wp\/v2\/posts\/39317\/revisions"}],"predecessor-version":[{"id":39321,"href":"https:\/\/edublog.educastur.es\/ixuxu\/wp-json\/wp\/v2\/posts\/39317\/revisions\/39321"}],"wp:attachment":[{"href":"https:\/\/edublog.educastur.es\/ixuxu\/wp-json\/wp\/v2\/media?parent=39317"}],"wp:term":[{"taxonomy":"category","embeddable":true,"href":"https:\/\/edublog.educastur.es\/ixuxu\/wp-json\/wp\/v2\/categories?post=39317"},{"taxonomy":"post_tag","embeddable":true,"href":"https:\/\/edublog.educastur.es\/ixuxu\/wp-json\/wp\/v2\/tags?post=39317"}],"curies":[{"name":"wp","href":"https:\/\/api.w.org\/{rel}","templated":true}]}}