{"id":39342,"date":"2025-01-03T17:50:28","date_gmt":"2025-01-03T15:50:28","guid":{"rendered":"https:\/\/edublog.educastur.es\/ixuxu\/?p=39342"},"modified":"2025-01-03T17:55:57","modified_gmt":"2025-01-03T15:55:57","slug":"38-aniversariu-de-la-fundacion-de-dixebra-rock-nasturianu","status":"publish","type":"post","link":"https:\/\/edublog.educastur.es\/ixuxu\/2025\/01\/38-aniversariu-de-la-fundacion-de-dixebra-rock-nasturianu\/","title":{"rendered":"38 aniversariu de la fundaci\u00f3n de Dixebra Rock n&#8217;Asturianu"},"content":{"rendered":"<div class=\"html-div xdj266r x11i5rnm xat24cr x1mh8g0r xsag5q8 xz9dl7a x1pi30zi x1swvt13 x1jx94hy\">\n<div class=\"html-div xdj266r x11i5rnm xat24cr x1mh8g0r xexx8yu x4uap5 x18d9i69 xkhd6sd x78zum5 x1q0g3np x1ba4aug\">\n<div class=\"html-div xdj266r x11i5rnm xat24cr x1mh8g0r xexx8yu x4uap5 x18d9i69 xkhd6sd x1iyjqo2\">\n<div class=\"x78zum5 xdt5ytf xz62fqu x16ldp7u\">\n<div class=\"xu06os2 x1ok221b\">\n<div class=\"x6prxxf xk50ysn xvq8zen\">\n<ul>\n<li dir=\"ltr\"><span style=\"font-size: 16px\"><span dir=\"ltr\"><span class=\"\"><span class=\"xt0psk2\"><a class=\"x1i10hfl xjbqb8w x1ejq31n xd10rxx x1sy0etr x17r0tee x972fbf xcfux6l x1qhh985 xm0m39n x9f619 x1ypdohk xt0psk2 xe8uvvx xdj266r x11i5rnm xat24cr x1mh8g0r xexx8yu x4uap5 x18d9i69 xkhd6sd x16tdsg8 x1hl2dhg xggy1nq x1a2a7pz x1sur9pj xkrqix3 xzsf02u x1s688f\" role=\"link\" href=\"https:\/\/www.facebook.com\/groups\/227575853931585\/user\/100000963571816\/?__cft__[0]=AZVXGGLX4oPek_wp3F_rWGTvYdTzRcNyz81nnqTGZQeWDbeFCT19Zl8foUWSksSqPQ6F32jtWpNNei0lwwlW_H6jmX1wXNqpIIHy8ezo4ieuVSifB9HjVtVQDuqJ7dueZvoYv1qA0JfbrJW8WBKNfc1lpth7kd-1Vjok6LDz68M6KiEUWzDRsXIA9DEcrv8-tYsxn-4Dy_WFgFl_qw2B5zI3bPBTtC63UtFkBDKez4Ebeg&amp;__tn__=-UC%2CP-y-R\"><span class=\"html-span xdj266r x11i5rnm xat24cr x1mh8g0r xexx8yu x4uap5 x18d9i69 xkhd6sd x1hl2dhg x16tdsg8 x1vvkbs\">Xana Blanca<\/span><\/a><\/span><\/span><\/span><i class=\"x1b0d499 x1d69dk1\" data-visualcompletion=\"css-img\" aria-label=\"public\u00f3 en\"><\/i><span dir=\"ltr\"><span class=\"xt0psk2\"><a class=\"x1i10hfl xjbqb8w x1ejq31n xd10rxx x1sy0etr x17r0tee x972fbf xcfux6l x1qhh985 xm0m39n x9f619 x1ypdohk xt0psk2 xe8uvvx xdj266r x11i5rnm xat24cr x1mh8g0r xexx8yu x4uap5 x18d9i69 xkhd6sd x16tdsg8 x1hl2dhg xggy1nq x1a2a7pz x1sur9pj xkrqix3 xzsf02u x1s688f\" role=\"link\" href=\"https:\/\/www.facebook.com\/groups\/227575853931585\/?__cft__[0]=AZVXGGLX4oPek_wp3F_rWGTvYdTzRcNyz81nnqTGZQeWDbeFCT19Zl8foUWSksSqPQ6F32jtWpNNei0lwwlW_H6jmX1wXNqpIIHy8ezo4ieuVSifB9HjVtVQDuqJ7dueZvoYv1qA0JfbrJW8WBKNfc1lpth7kd-1Vjok6LDz68M6KiEUWzDRsXIA9DEcrv8-tYsxn-4Dy_WFgFl_qw2B5zI3bPBTtC63UtFkBDKez4Ebeg&amp;__tn__=-UC%2CP-y-R\"><span class=\"html-span xdj266r x11i5rnm xat24cr x1mh8g0r xexx8yu x4uap5 x18d9i69 xkhd6sd x1hl2dhg x16tdsg8 x1vvkbs\">QUIERO FALAR N&#8217;ASTURIANU<\/span><\/a><\/span><\/span><\/span><\/li>\n<li dir=\"ltr\">\n<p class=\"html-h3 x11i5rnm xat24cr x1mh8g0r xexx8yu x4uap5 x18d9i69 xkhd6sd x1vvkbs x1heor9g x1qlqyl8 x1pd3egz x1a2a7pz x1gslohp x1yc453h\"><span style=\"font-size: 16px\"><span class=\"xt0psk2\"><a class=\"x1i10hfl xjbqb8w x1ejq31n xd10rxx x1sy0etr x17r0tee x972fbf xcfux6l x1qhh985 xm0m39n x9f619 x1ypdohk xt0psk2 xe8uvvx xdj266r x11i5rnm xat24cr x1mh8g0r xexx8yu x4uap5 x18d9i69 xkhd6sd x16tdsg8 x1hl2dhg xggy1nq x1a2a7pz x1sur9pj xkrqix3 xzsf02u x1s688f\" role=\"link\" href=\"https:\/\/www.facebook.com\/musicasturiana?__cft__[0]=AZVXGGLX4oPek_wp3F_rWGTvYdTzRcNyz81nnqTGZQeWDbeFCT19Zl8foUWSksSqPQ6F32jtWpNNei0lwwlW_H6jmX1wXNqpIIHy8ezo4ieuVSifB9HjVtVQDuqJ7dueZvoYv1qA0JfbrJW8WBKNfc1lpth7kd-1Vjok6LDz68M6KiEUWzDRsXIA9DEcrv8-tYsxn-4Dy_WFgFl_qw2B5zI3bPBTtC63UtFkBDKez4Ebeg&amp;__tn__=-UC%2CP-y-y-R\"><strong class=\"html-strong xdj266r x11i5rnm xat24cr x1mh8g0r xexx8yu x4uap5 x18d9i69 xkhd6sd x1hl2dhg x16tdsg8 x1vvkbs x1s688f\"><span class=\"html-span xdj266r x11i5rnm xat24cr x1mh8g0r xexx8yu x4uap5 x18d9i69 xkhd6sd x1hl2dhg x16tdsg8 x1vvkbs\">musicasturiana.com<\/span><\/strong><\/a> <\/span>\/ <a href=\"https:\/\/x.com\/dixebraoficial\">https:\/\/x.com\/dixebraoficial<\/a> \/<\/span><\/p>\n<\/li>\n<\/ul>\n<p><a href=\"https:\/\/asturies.com\/sites\/default\/files\/styles\/large\/public\/cartelu_fiesta-conciertu_30_aniversariu_de_dixebra.jpg?itok=21nXpfI1\"><img loading=\"lazy\" decoding=\"async\" class=\"aligncenter size-large\" src=\"https:\/\/asturies.com\/sites\/default\/files\/styles\/large\/public\/cartelu_fiesta-conciertu_30_aniversariu_de_dixebra.jpg?itok=21nXpfI1\" width=\"458\" height=\"644\" \/><\/a><\/p>\n<p class=\"html-h3 x11i5rnm xat24cr x1mh8g0r xexx8yu x4uap5 x18d9i69 xkhd6sd x1vvkbs x1heor9g x1qlqyl8 x1pd3egz x1a2a7pz x1gslohp x1yc453h\">El llunes 6 de xineru, coincidiendo col 38 aniversariu de la fundaci\u00f3n de <span class=\"html-span xdj266r x11i5rnm xat24cr x1mh8g0r xexx8yu x4uap5 x18d9i69 xkhd6sd x1hl2dhg x16tdsg8 x1vvkbs\"><a class=\"x1i10hfl xjbqb8w x1ejq31n xd10rxx x1sy0etr x17r0tee x972fbf xcfux6l x1qhh985 xm0m39n x9f619 x1ypdohk xt0psk2 xe8uvvx xdj266r x11i5rnm xat24cr x1mh8g0r xexx8yu x4uap5 x18d9i69 xkhd6sd x16tdsg8 x1hl2dhg xggy1nq x1a2a7pz x1sur9pj xkrqix3 x1fey0fg x1s688f\" role=\"link\" href=\"https:\/\/www.facebook.com\/dixebraoficial?__cft__[0]=AZVXGGLX4oPek_wp3F_rWGTvYdTzRcNyz81nnqTGZQeWDbeFCT19Zl8foUWSksSqPQ6F32jtWpNNei0lwwlW_H6jmX1wXNqpIIHy8ezo4ieuVSifB9HjVtVQDuqJ7dueZvoYv1qA0JfbrJW8WBKNfc1lpth7kd-1Vjok6LDz68M6KiEUWzDRsXIA9DEcrv8-tYsxn-4Dy_WFgFl_qw2B5zI3bPBTtC63UtFkBDKez4Ebeg&amp;__tn__=-]K-y-y-R\"><span class=\"xt0psk2\">Dixebra Rock n&#8217;Asturianu<\/span><\/a><\/span>, va publicase l&#8217;audiu in\u00e9ditu y semeyes d&#8217;esti conciertu \u00fanicu. L\u2019AMCA va asoleyar el conciertu del X Aniversariu de Dixebra.<\/p>\n<\/div>\n<\/div>\n<div class=\"xu06os2 x1ok221b\">\n<div><!--more--><\/div>\n<\/div>\n<div>\n<div class=\"elementor-element elementor-element-a767a8c elementor-widget__width-inherit elementor-widget elementor-widget-theme-post-content\" data-id=\"a767a8c\" data-element_type=\"widget\" data-widget_type=\"theme-post-content.default\">\n<div class=\"elementor-widget-container\">\n<p>El pr\u00f3ximu llunes, 6 de xineru, coincidiendo col 38 aniversariu de la fundaci\u00f3n de\u00a0<strong>Dixebra<\/strong>, l\u2019<em>Archivu de la M\u00fasica Contempor\u00e1nea Asturiana (AMCA)<\/em>\u00a0va asoleyar un\u00a0<strong>documentu in\u00e9ditu<\/strong>\u00a0hasta agora. Tr\u00e1tase de la grabaci\u00f3n del\u00a0<strong>conciertu-fiesta\u00a0<\/strong>que la banda avilesina ufiert\u00f3 por cuenta del so\u00a0<strong>X Aniversariu<\/strong>.<\/p>\n<div class=\"wp-block-spacer\" style=\"text-align: center\" aria-hidden=\"true\"><a href=\"https:\/\/pbs.twimg.com\/media\/DGyZCKWWsAAjCUg?format=jpg&amp;name=medium\"><img loading=\"lazy\" decoding=\"async\" class=\"aligncenter size-large\" src=\"https:\/\/pbs.twimg.com\/media\/DGyZCKWWsAAjCUg?format=jpg&amp;name=medium\" width=\"1000\" height=\"667\" \/><\/a><\/div>\n<div aria-hidden=\"true\">\n<div class=\"css-175oi2r r-18u37iz\">\n<div class=\"css-175oi2r r-1iusvr4 r-16y2uox r-1777fci\">\n<div class=\"css-175oi2r r-zl2h9q\">\n<div class=\"css-175oi2r r-k4xj1c r-18u37iz r-1wtj0ep\">\n<div class=\"css-175oi2r r-1d09ksm r-18u37iz r-1wbh5a2\">\n<div class=\"css-175oi2r r-1wbh5a2 r-dnmrzs r-1ny4l3l\">\n<div id=\"id__i62petthfb\" class=\"css-175oi2r r-1wbh5a2 r-dnmrzs r-1ny4l3l\" data-testid=\"User-Name\">\n<div class=\"css-175oi2r r-1awozwy r-18u37iz r-1wbh5a2 r-dnmrzs\">\n<div class=\"css-175oi2r r-1wbh5a2 r-dnmrzs\">\n<div class=\"css-175oi2r r-1awozwy r-18u37iz r-1wbh5a2 r-dnmrzs\">\n<div class=\"css-146c3p1 r-bcqeeo r-1ttztb7 r-qvutc0 r-37j5jr r-a023e6 r-rjixqe r-b88u0q r-1awozwy r-6koalj r-1udh08x r-3s2u2q r-1ddef8g\" dir=\"ltr\" style=\"text-align: center\"><em><span class=\"css-1jxf684 r-dnmrzs r-1udh08x r-3s2u2q r-bcqeeo r-1ttztb7 r-qvutc0 r-poiln3\"><span class=\"css-1jxf684 r-bcqeeo r-1ttztb7 r-qvutc0 r-poiln3\">Juanma Patr\u00f3n \/ <\/span><\/span>@jmprlaredo \/ <a class=\"css-1jxf684 r-bcqeeo r-1ttztb7 r-qvutc0 r-poiln3 r-1loqt21\" dir=\"ltr\" role=\"link\" href=\"https:\/\/x.com\/Dixebraoficial\">@Dixebraoficial<\/a><span class=\"css-1jxf684 r-bcqeeo r-1ttztb7 r-qvutc0 r-poiln3\">\u00a0nel @SaugaFolk <\/span><span class=\"r-18u37iz\"><a class=\"css-1jxf684 r-bcqeeo r-1ttztb7 r-qvutc0 r-poiln3 r-1loqt21\" dir=\"ltr\" role=\"link\" href=\"https:\/\/x.com\/hashtag\/SAUGAFOLK2017?src=hashtag_click\">#SAUGAFOLK2017<\/a><\/span><\/em><\/div>\n<\/div>\n<\/div>\n<\/div>\n<\/div>\n<\/div>\n<\/div>\n<\/div>\n<\/div>\n<\/div>\n<\/div>\n<\/div>\n<p>En\u00a0<strong>1997\u00a0<\/strong>cumpl\u00edense los diez a\u00f1os de la creaci\u00f3n de Dixebra y la formaci\u00f3n decana del Rock Astur entamaba nel Pol\u00edgonu Deportivu de Les Vegues (Corvera) un\u00a0<strong>espect\u00e1culu especial y irrepetible<\/strong>. Lo acontec\u00edo aquel d\u00eda foi muncho m\u00e1s alla d\u2019una simple actuaci\u00f3n, collaborando con ellos la compa\u00f1\u00eda teatral\u00a0<strong>Tres Ruedas<\/strong>, los\u00a0<strong>Sidros de Valdesoto\u00a0<\/strong>o\u2019l colectivu viedogr\u00e1ficu\u00a0<strong>Beb\u00e9s Furiosos<\/strong>, am\u00e1s de la\u00a0<strong>Banda de Gaites Tabladar<\/strong>, Tina Cuadriello (<strong>Balandr\u00e1n<\/strong>) o \u00c1ngel Ru\u00edz (<strong>Skitarna<\/strong>), siendo la primer vez qu\u2019incorporaren una<strong>\u00a0secci\u00f3n de vientu<\/strong>\u00a0a la formaci\u00f3n, momentu en que qued\u00f3 incorporada de sigu\u00edo a ella.<\/p>\n<div class=\"wp-block-spacer\" aria-hidden=\"true\"><\/div>\n<p>El documentu sonoru que l\u2019AMCA va dar a conocer ye una grabaci\u00f3n in\u00e9dita qu\u2019incl\u00fai\u2019l<strong>\u00a0conciertu enteru<\/strong>\u00a0y que foi dixitalizada y tratada pol actual guirarrista de Dixebra Rub\u00e9n \u00c1lvarez. Nella recu\u00e9yense un total de<strong>\u00a0trenta temes<\/strong>, con cantares m\u00edticos como \u00abMerucu Xusticieru\u00bb, \u00abXuacu xinta xorra\u00bb, \u00abMovidina uviedina\u00bb, \u00abPallabres vieyes\u00bb, \u00abTolos cartelos\u00bb o \u00abNun puxa\u00bb, am\u00e1s d\u2019<strong>otros mui poques veces interpretaos<\/strong>\u00a0en directo. L\u2019audiu compl\u00e9tase con un<strong>\u00a0reportaxe fotogr\u00e1ficu\u00a0<\/strong>al cargu de\u00a0<strong>Xurde Margaride<\/strong>, que supo capturar lo viv\u00edo naquella nueche.<\/p>\n<p>Como responsables de la grabaci\u00f3n pal futuru DVD va tar xente cercano del grupu, y que cuenta col enfotu de la banda de va tiempu, asina de la parte sonora va encarg\u00e1se Sergio Rodr\u00edguez y Kaki Arkarazo; el primeru bien conoc\u00edu na escena musical asturiana polos sos munchos trabayos n&#8217;estremaos estilos y responsable de Tutu Estudios, el segundu prestixosu productor musical vascu (Kortatu, Negu Gorriak, Naci\u00f3n Reixa, Amparanoia); mientres que de la cuesti\u00f3n visual l&#8217;encarg\u00e1u va ser el xoven realizador Guillermo Fern\u00e1ndez, autor de los \u00faltimos \u00faltimos video-clips. de la banda.<\/p>\n<div class=\"wp-block-spacer\" aria-hidden=\"true\"><\/div>\n<\/div>\n<\/div>\n<\/div>\n<\/div>\n<\/div>\n<\/div>\n<\/div>\n<p>&nbsp;<\/p>\n<div class=\"html-div xdj266r x11i5rnm xat24cr x1mh8g0r xexx8yu x4uap5 x18d9i69 xkhd6sd\" dir=\"auto\">\n<div class=\"html-div xdj266r x11i5rnm xat24cr x1mh8g0r xexx8yu x4uap5 x18d9i69 xkhd6sd\" dir=\"auto\">\n<div class=\"html-div xdj266r x11i5rnm xat24cr x1mh8g0r xexx8yu x4uap5 x18d9i69 xkhd6sd\" data-ad-rendering-role=\"story_message\">\n<div class=\"x1l90r2v x1iorvi4 x1ye3gou xn6708d\" data-ad-comet-preview=\"message\" data-ad-preview=\"message\">\n<div class=\"x78zum5 xdt5ytf xz62fqu x16ldp7u\">\n<div class=\"xu06os2 x1ok221b\">\n<div class=\"xdj266r x11i5rnm xat24cr x1mh8g0r x1vvkbs x126k92a\">\n<div dir=\"auto\"><\/div>\n<\/div>\n<\/div>\n<\/div>\n<\/div>\n<\/div>\n<\/div>\n<\/div>\n","protected":false},"excerpt":{"rendered":"<p>Xana BlancaQUIERO FALAR N&#8217;ASTURIANU musicasturiana.com \/ https:\/\/x.com\/dixebraoficial \/ El llunes 6 de xineru, coincidiendo col 38 aniversariu de la fundaci\u00f3n de Dixebra Rock n&#8217;Asturianu, va publicase l&#8217;audiu in\u00e9ditu y semeyes d&#8217;esti conciertu \u00fanicu. L\u2019AMCA va asoleyar el conciertu del X Aniversariu de Dixebra.<\/p>\n","protected":false},"author":117,"featured_media":0,"comment_status":"open","ping_status":"open","sticky":false,"template":"","format":"standard","meta":{"footnotes":""},"categories":[107,35,125],"tags":[],"class_list":["post-39342","post","type-post","status-publish","format-standard","hentry","category-aniversariu","category-musica","category-musicasturiana-com"],"_links":{"self":[{"href":"https:\/\/edublog.educastur.es\/ixuxu\/wp-json\/wp\/v2\/posts\/39342","targetHints":{"allow":["GET"]}}],"collection":[{"href":"https:\/\/edublog.educastur.es\/ixuxu\/wp-json\/wp\/v2\/posts"}],"about":[{"href":"https:\/\/edublog.educastur.es\/ixuxu\/wp-json\/wp\/v2\/types\/post"}],"author":[{"embeddable":true,"href":"https:\/\/edublog.educastur.es\/ixuxu\/wp-json\/wp\/v2\/users\/117"}],"replies":[{"embeddable":true,"href":"https:\/\/edublog.educastur.es\/ixuxu\/wp-json\/wp\/v2\/comments?post=39342"}],"version-history":[{"count":3,"href":"https:\/\/edublog.educastur.es\/ixuxu\/wp-json\/wp\/v2\/posts\/39342\/revisions"}],"predecessor-version":[{"id":39345,"href":"https:\/\/edublog.educastur.es\/ixuxu\/wp-json\/wp\/v2\/posts\/39342\/revisions\/39345"}],"wp:attachment":[{"href":"https:\/\/edublog.educastur.es\/ixuxu\/wp-json\/wp\/v2\/media?parent=39342"}],"wp:term":[{"taxonomy":"category","embeddable":true,"href":"https:\/\/edublog.educastur.es\/ixuxu\/wp-json\/wp\/v2\/categories?post=39342"},{"taxonomy":"post_tag","embeddable":true,"href":"https:\/\/edublog.educastur.es\/ixuxu\/wp-json\/wp\/v2\/tags?post=39342"}],"curies":[{"name":"wp","href":"https:\/\/api.w.org\/{rel}","templated":true}]}}