{"id":39346,"date":"2025-01-03T17:30:20","date_gmt":"2025-01-03T15:30:20","guid":{"rendered":"https:\/\/edublog.educastur.es\/ixuxu\/?p=39346"},"modified":"2025-01-03T18:00:46","modified_gmt":"2025-01-03T16:00:46","slug":"39346","status":"publish","type":"post","link":"https:\/\/edublog.educastur.es\/ixuxu\/2025\/01\/39346\/","title":{"rendered":"Los\u00a0mazcaritos\u00a0y l\u2019andecha de\u00a0m\u00fasicos que los acompa\u00f1en\u00a0vuelven salir a pidir l\u2019aguilandu d\u2019Os Reises del Valledor\u00a0"},"content":{"rendered":"<p style=\"text-align: center\"><a href=\"https:\/\/musicasturiana.com\/wp-content\/uploads\/2025\/01\/Os-Reises-del-Valledor-2025.jpg\"><img loading=\"lazy\" decoding=\"async\" class=\"aligncenter \" src=\"https:\/\/musicasturiana.com\/wp-content\/uploads\/2025\/01\/Os-Reises-del-Valledor-2025.jpg\" width=\"752\" height=\"1064\" \/><\/a><\/p>\n<p>Los\u00a0<strong>mazcaritos<\/strong>\u00a0y l\u2019andecha de\u00a0<strong>m\u00fasicos que los acompa\u00f1en<\/strong>\u00a0vuelven salir a pidir l\u2019aguilandu d\u2019<strong>Os Reises del Valledor<\/strong>\u00a0esti\u00a0<strong>s\u00e1badu 4 de xineru dende les 10h<\/strong>, faciendo el tradicional percorr\u00edu pelos pueblos ayandeses de Villalain, San Salvador y Fonteta.<\/p>\n<p><!--more--><\/p>\n<p style=\"text-align: center\"><a href=\"https:\/\/musicasturiana.com\/wp-content\/uploads\/2025\/01\/Os-Reises-del-Valledor.jpg\"><img loading=\"lazy\" decoding=\"async\" class=\"aligncenter size-large\" src=\"https:\/\/musicasturiana.com\/wp-content\/uploads\/2025\/01\/Os-Reises-del-Valledor.jpg\" width=\"1200\" height=\"600\" \/><\/a><\/p>\n<ul>\n<li>Fonte:<a href=\"https:\/\/musicasturiana.com\/\"> MusicAsturiana<\/a> \/ <a href=\"https:\/\/musicasturiana.com\/la-musica-asturiana-vuelve-a-sonar-esti-sabadu-nos-reises-del-valledor\/\">enllaz<\/a> \/ <em>Semeya de portada de Fernando Y\u00e1\u00f1ez, de Zenay Studio.<\/em><\/li>\n<\/ul>\n<p>El premiu\u00a0<em>Choqueiro de Os Reises<\/em>, que va entregase a les 15h, va recibilu\u00a0<strong>Mar\u00eda del Roxo<\/strong>, de Villaoril (Ibias), pola so \u00abcontribuci\u00f3n a la conservaci\u00f3n y dignificaci\u00f3n del patrimoniu material y inmaterial vencey\u00e1u a l\u2019aldea dende la escritura y la disciplina art\u00edstica\u00bb.<\/p>\n<p>Dempu\u00e9s de la xinta en comu\u00f1a y como principal noved\u00e1 d\u2019esti a\u00f1u, el tr\u00edu<strong>\u00a0Mu\u00f1al\u00e9n, Monteavaro e Rodrigues<\/strong>\u00a0van dar un conciertu pa zarrar l\u2019eventu a les\u00a0<strong>17h<\/strong>.<\/p>\n","protected":false},"excerpt":{"rendered":"<p>Los\u00a0mazcaritos\u00a0y l\u2019andecha de\u00a0m\u00fasicos que los acompa\u00f1en\u00a0vuelven salir a pidir l\u2019aguilandu d\u2019Os Reises del Valledor\u00a0esti\u00a0s\u00e1badu 4 de xineru dende les 10h, faciendo el tradicional percorr\u00edu pelos pueblos ayandeses de Villalain, San Salvador y Fonteta.<\/p>\n","protected":false},"author":117,"featured_media":0,"comment_status":"open","ping_status":"open","sticky":false,"template":"","format":"standard","meta":{"footnotes":""},"categories":[103],"tags":[],"class_list":["post-39346","post","type-post","status-publish","format-standard","hentry","category-mazcaraes"],"_links":{"self":[{"href":"https:\/\/edublog.educastur.es\/ixuxu\/wp-json\/wp\/v2\/posts\/39346","targetHints":{"allow":["GET"]}}],"collection":[{"href":"https:\/\/edublog.educastur.es\/ixuxu\/wp-json\/wp\/v2\/posts"}],"about":[{"href":"https:\/\/edublog.educastur.es\/ixuxu\/wp-json\/wp\/v2\/types\/post"}],"author":[{"embeddable":true,"href":"https:\/\/edublog.educastur.es\/ixuxu\/wp-json\/wp\/v2\/users\/117"}],"replies":[{"embeddable":true,"href":"https:\/\/edublog.educastur.es\/ixuxu\/wp-json\/wp\/v2\/comments?post=39346"}],"version-history":[{"count":2,"href":"https:\/\/edublog.educastur.es\/ixuxu\/wp-json\/wp\/v2\/posts\/39346\/revisions"}],"predecessor-version":[{"id":39348,"href":"https:\/\/edublog.educastur.es\/ixuxu\/wp-json\/wp\/v2\/posts\/39346\/revisions\/39348"}],"wp:attachment":[{"href":"https:\/\/edublog.educastur.es\/ixuxu\/wp-json\/wp\/v2\/media?parent=39346"}],"wp:term":[{"taxonomy":"category","embeddable":true,"href":"https:\/\/edublog.educastur.es\/ixuxu\/wp-json\/wp\/v2\/categories?post=39346"},{"taxonomy":"post_tag","embeddable":true,"href":"https:\/\/edublog.educastur.es\/ixuxu\/wp-json\/wp\/v2\/tags?post=39346"}],"curies":[{"name":"wp","href":"https:\/\/api.w.org\/{rel}","templated":true}]}}