{"id":3935,"date":"2021-02-20T15:00:33","date_gmt":"2021-02-20T13:00:33","guid":{"rendered":"https:\/\/edublog.educastur.es\/ixuxu\/?p=3935"},"modified":"2021-02-21T14:51:21","modified_gmt":"2021-02-21T12:51:21","slug":"lasturcon-el-vieyu-caballu-de-los-astures","status":"publish","type":"post","link":"https:\/\/edublog.educastur.es\/ixuxu\/2021\/02\/lasturcon-el-vieyu-caballu-de-los-astures\/","title":{"rendered":"L&#8217;asturc\u00f3n, el vieyu caballu de los \u00e1stures&#8230;"},"content":{"rendered":"<p style=\"text-align: center\"><a href=\"https:\/\/pbs.twimg.com\/media\/EusL_FxXAAEK8FQ?format=jpg&amp;name=medium\"><img loading=\"lazy\" decoding=\"async\" class=\"alignnone\" src=\"https:\/\/pbs.twimg.com\/media\/EusL_FxXAAEK8FQ?format=jpg&amp;name=medium\" alt=\"\" width=\"488\" height=\"325\" \/><\/a><\/p>\n<p>L&#8217;asturc\u00f3n, el vieyu caballu de los \u00e1stures, ye un caballu de peque\u00f1a alzada y gran resistencia que lleva m\u00e1s de dos mil a\u00f1os compartiendo tierra y dest\u00edn con n\u00f3s. <a href=\"https:\/\/twitter.com\/VientuNordes\/status\/1363196496859049987\">Fonte: Twitter Vientu Nord\u00e9s<\/a><\/p>\n","protected":false},"excerpt":{"rendered":"<p>L&#8217;asturc\u00f3n, el vieyu caballu de los \u00e1stures, ye un caballu de peque\u00f1a alzada y gran resistencia que lleva m\u00e1s de dos mil a\u00f1os compartiendo tierra y dest\u00edn con n\u00f3s. Fonte: Twitter Vientu Nord\u00e9s<\/p>\n","protected":false},"author":117,"featured_media":0,"comment_status":"open","ping_status":"open","sticky":false,"template":"","format":"image","meta":{"footnotes":""},"categories":[1],"tags":[],"class_list":["post-3935","post","type-post","status-publish","format-image","hentry","category-sin-categoria","post_format-post-format-image"],"_links":{"self":[{"href":"https:\/\/edublog.educastur.es\/ixuxu\/wp-json\/wp\/v2\/posts\/3935","targetHints":{"allow":["GET"]}}],"collection":[{"href":"https:\/\/edublog.educastur.es\/ixuxu\/wp-json\/wp\/v2\/posts"}],"about":[{"href":"https:\/\/edublog.educastur.es\/ixuxu\/wp-json\/wp\/v2\/types\/post"}],"author":[{"embeddable":true,"href":"https:\/\/edublog.educastur.es\/ixuxu\/wp-json\/wp\/v2\/users\/117"}],"replies":[{"embeddable":true,"href":"https:\/\/edublog.educastur.es\/ixuxu\/wp-json\/wp\/v2\/comments?post=3935"}],"version-history":[{"count":3,"href":"https:\/\/edublog.educastur.es\/ixuxu\/wp-json\/wp\/v2\/posts\/3935\/revisions"}],"predecessor-version":[{"id":3937,"href":"https:\/\/edublog.educastur.es\/ixuxu\/wp-json\/wp\/v2\/posts\/3935\/revisions\/3937"}],"wp:attachment":[{"href":"https:\/\/edublog.educastur.es\/ixuxu\/wp-json\/wp\/v2\/media?parent=3935"}],"wp:term":[{"taxonomy":"category","embeddable":true,"href":"https:\/\/edublog.educastur.es\/ixuxu\/wp-json\/wp\/v2\/categories?post=3935"},{"taxonomy":"post_tag","embeddable":true,"href":"https:\/\/edublog.educastur.es\/ixuxu\/wp-json\/wp\/v2\/tags?post=3935"}],"curies":[{"name":"wp","href":"https:\/\/api.w.org\/{rel}","templated":true}]}}