{"id":39393,"date":"2025-01-02T16:55:33","date_gmt":"2025-01-02T14:55:33","guid":{"rendered":"https:\/\/edublog.educastur.es\/ixuxu\/?p=39393"},"modified":"2025-01-04T17:04:43","modified_gmt":"2025-01-04T15:04:43","slug":"sotres-laldega-montascosa-que-de-la-nueche-al-dia-se-convierte-nun-espectaculu-nevau","status":"publish","type":"post","link":"https:\/\/edublog.educastur.es\/ixuxu\/2025\/01\/sotres-laldega-montascosa-que-de-la-nueche-al-dia-se-convierte-nun-espectaculu-nevau\/","title":{"rendered":"El mundu emoci\u00f3nase cola aldega montascosa espa\u00f1ola que de la nueche al d\u00eda se convierte nun espect\u00e1culu nev\u00e1u."},"content":{"rendered":"<p style=\"text-align: center\"><a href=\"https:\/\/img.huffingtonpost.es\/files\/image_720_480\/uploads\/2025\/01\/02\/sotres-en-los-picos-de-europa.jpeg\"><img loading=\"lazy\" decoding=\"async\" class=\"aligncenter size-large\" src=\"https:\/\/img.huffingtonpost.es\/files\/image_720_480\/uploads\/2025\/01\/02\/sotres-en-los-picos-de-europa.jpeg\" width=\"720\" height=\"480\" \/><\/a><\/p>\n<ul>\n<li>Fonte: <a href=\"https:\/\/www.huffingtonpost.es\/life\/viajes\/el-mundo-obsesiona-aldea-montanosa-espanola-noche-manana-convierte-espectaculo-nevado.html?fbclid=IwZXh0bgNhZW0CMTEAAR0u7AewL__8QK-J3Tp-aC0iHHVCkfeynniBX1vMlVBpKCjobBp1RIbNK0U_aem_Htn2uoeJoAsqL1ioSg4pPA\">HuffingtonPost<\/a> \/ <a href=\"https:\/\/twitter.com\/i\/status\/1867239138258219053\">VIDEU<\/a> de <strong><a href=\"https:\/\/x.com\/tiempobrasero\/status\/1867239138258219053\">Roberto Brasero<\/a><\/strong> <a href=\"https:\/\/x.com\/tiempobrasero\">https:\/\/x.com\/tiempobrasero<\/a> \/<\/li>\n<\/ul>\n<p>Como un para\u00edsu ivernizu que recuerda a Laponia. Asina describen en <em>The Olive Press<\/em> a una de les localidaes a mayor altit\u00fa d&#8217;Espa\u00f1a, que nos meses ivernizos cobra un encantu m\u00e1xicu si nieva. <span style=\"color: #008080\"><strong>Tr\u00e1tase de Sotres, nel coraz\u00f3n de los Picos d&#8217;Europa, n&#8217;Asturies.<\/strong><\/span> Nesti mediu quedaron maraviaos, ello ye que con una nevada que tuvo llugar ell\u00ed a mediaos d&#8217;avientu. \u00abPaez el Polu Norte\u00bb, lleguen a afirmar.<\/p>\n<p><!--more--><\/p>\n<p>Comparten inclusive un v\u00eddeu qu&#8217;espubliz\u00f3 nes sos redes sociales el meteor\u00f3logu Roberto Braseru, nel que s&#8217;aprecia la guapura de la redolada al anochecer. Sobro Sotres recuerden qu&#8217;angua\u00f1o foi escoy\u00edu como&#8217;l pueblu exemplar d&#8217;Asturies \u00ab<em>pola so guapura y el so esfuerzu renovador, cola artesan\u00eda y la gastronom\u00eda como protagonistes\u00bb.<\/em><\/p>\n<p>N&#8217;ochobre, tres los Premios Princesa d&#8217;Asturies, los reis y les sos f\u00edes pudieron percorrelo. Ello ye que la princesa Leonor, que dio&#8217;l discursu, allab\u00f3 a los sos habitantes: <em>\u00abRecuperastis caminos y senderos antiguos, y tou viaxeru que venga a Sotres sabe que va tar a gustu, que va dormir c\u00f3modu y que lu va emprestar pola vida saborguiar la comida asturiana que prepar\u00e1is nos restoranes, hostales y tiendines del pueblu. Con esa enerx\u00eda, tien que ser xuna marav\u00eda ponese en cam\u00edn pa llegar al Urriellu\u00bb.<\/em><\/p>\n<p>Tami\u00e9n pudieron esfrutar de la delicia por excelencia de la zona: el quesu de Cabrales.<\/p>\n","protected":false},"excerpt":{"rendered":"<p>Fonte: HuffingtonPost \/ VIDEU de Roberto Brasero https:\/\/x.com\/tiempobrasero \/ Como un para\u00edsu ivernizu que recuerda a Laponia. Asina describen en The Olive Press a una de les localidaes a mayor altit\u00fa d&#8217;Espa\u00f1a, que nos meses ivernizos cobra un encantu m\u00e1xicu si nieva. Tr\u00e1tase de Sotres, nel coraz\u00f3n de los Picos d&#8217;Europa, n&#8217;Asturies. Nesti mediu quedaron [&hellip;]<\/p>\n","protected":false},"author":117,"featured_media":0,"comment_status":"open","ping_status":"open","sticky":false,"template":"","format":"standard","meta":{"footnotes":""},"categories":[22],"tags":[],"class_list":["post-39393","post","type-post","status-publish","format-standard","hentry","category-pueblos"],"_links":{"self":[{"href":"https:\/\/edublog.educastur.es\/ixuxu\/wp-json\/wp\/v2\/posts\/39393","targetHints":{"allow":["GET"]}}],"collection":[{"href":"https:\/\/edublog.educastur.es\/ixuxu\/wp-json\/wp\/v2\/posts"}],"about":[{"href":"https:\/\/edublog.educastur.es\/ixuxu\/wp-json\/wp\/v2\/types\/post"}],"author":[{"embeddable":true,"href":"https:\/\/edublog.educastur.es\/ixuxu\/wp-json\/wp\/v2\/users\/117"}],"replies":[{"embeddable":true,"href":"https:\/\/edublog.educastur.es\/ixuxu\/wp-json\/wp\/v2\/comments?post=39393"}],"version-history":[{"count":5,"href":"https:\/\/edublog.educastur.es\/ixuxu\/wp-json\/wp\/v2\/posts\/39393\/revisions"}],"predecessor-version":[{"id":39398,"href":"https:\/\/edublog.educastur.es\/ixuxu\/wp-json\/wp\/v2\/posts\/39393\/revisions\/39398"}],"wp:attachment":[{"href":"https:\/\/edublog.educastur.es\/ixuxu\/wp-json\/wp\/v2\/media?parent=39393"}],"wp:term":[{"taxonomy":"category","embeddable":true,"href":"https:\/\/edublog.educastur.es\/ixuxu\/wp-json\/wp\/v2\/categories?post=39393"},{"taxonomy":"post_tag","embeddable":true,"href":"https:\/\/edublog.educastur.es\/ixuxu\/wp-json\/wp\/v2\/tags?post=39393"}],"curies":[{"name":"wp","href":"https:\/\/api.w.org\/{rel}","templated":true}]}}