{"id":39403,"date":"2025-01-04T14:00:28","date_gmt":"2025-01-04T12:00:28","guid":{"rendered":"https:\/\/edublog.educastur.es\/ixuxu\/?p=39403"},"modified":"2025-01-04T21:19:09","modified_gmt":"2025-01-04T19:19:09","slug":"presentacion-de-la-web-de-la-familia-olimpica-asturiana","status":"publish","type":"post","link":"https:\/\/edublog.educastur.es\/ixuxu\/2025\/01\/presentacion-de-la-web-de-la-familia-olimpica-asturiana\/","title":{"rendered":"Presentaci\u00f3n de la web de la Familia Ol\u00edmpica Asturiana"},"content":{"rendered":"<p style=\"text-align: center\">\n<!-- iframe plugin v.6.0 wordpress.org\/plugins\/iframe\/ -->\n<iframe loading=\"lazy\" src=\"https:\/\/www.instagram.com\/reel\/DEX4rN5sQ1o\/embed\" width=\"640\" height=\"460\" 0=\"\/iframe\" scrolling=\"yes\" class=\"iframe-class\" frameborder=\"0\"><\/iframe>\n<\/p>\n<header class=\"_aaqw\">\n<div class=\"_aaqy _aaqz\">\n<div class=\"_aar0 _aar1\">\n<div class=\"x78zum5\">\n<div class=\"_aaqt _aaqu\">\n<div class=\"x9f619 xjbqb8w x78zum5 x168nmei x13lgxp2 x5pf9jr xo71vjh x1uhb9sk x1plvlek xryxfnj x1c4vz4f x2lah0s x1q0g3np xqjyukv x1cy8zhl x1oa3qoh x1nhvcw1\">\n<div class=\"x9f619 xjbqb8w x78zum5 x168nmei x13lgxp2 x5pf9jr xo71vjh x1uhb9sk x1plvlek xryxfnj x1c4vz4f x2lah0s x1q0g3np xqjyukv x1cy8zhl x1oa3qoh x1nhvcw1\">\n<ul>\n<li><a class=\"x1i10hfl xjbqb8w x1ejq31n xd10rxx x1sy0etr x17r0tee x972fbf xcfux6l x1qhh985 xm0m39n x9f619 x1ypdohk xt0psk2 xe8uvvx xdj266r x11i5rnm xat24cr x1mh8g0r xexx8yu x4uap5 x18d9i69 xkhd6sd x16tdsg8 x1hl2dhg xggy1nq x1a2a7pz _acan _acao _acat _acaw _aj1- _ap30 _a6hd\" role=\"link\" href=\"https:\/\/www.instagram.com\/culturaast\/\">culturaast<\/a><\/li>\n<\/ul>\n<\/div>\n<\/div>\n<\/div>\n<\/div>\n<\/div>\n<\/div>\n<\/header>\n<div class=\"\">\n<div>\n<div class=\"_aarf _a9zp\" role=\"button\">??\u200d\u2642\ufe0f??\u200d\u2640\ufe0f?\ufe0f\u200d\u2640\ufe0fLa conseyera de Cultura, Pol\u00edtica Lling\u00fc\u00edstica y Deporte, Vanessa Guti\u00e9rrez, particip\u00f3 esti mediud\u00eda na presentaci\u00f3n de la web de la Familia Ol\u00edmpica Asturiana ??<span style=\"font-size: 20px\"> ?\u200d? <span style=\"color: #008080\"><em>https:\/\/www.asturiasolimpica.org<\/em><\/span><\/span><\/div>\n<\/div>\n<\/div>\n<div class=\"_a9zs\">\n<p style=\"text-align: center\"><a href=\"https:\/\/www.asturiasolimpica.org\/wp-content\/uploads\/2024\/08\/logo_negro.png\"><img loading=\"lazy\" decoding=\"async\" class=\"aligncenter \" src=\"https:\/\/www.asturiasolimpica.org\/wp-content\/uploads\/2024\/08\/logo_negro.png\" width=\"195\" height=\"237\" \/><\/a><\/p>\n<p><em><strong>Somos tolos ol\u00edmpicos asturianos que, a lo llargo del tiempu, representemos a Espa\u00f1a y por tantu a Asturies, en dalgunos de los Xuegos Ol\u00edmpicos, de branu o iviernu, celebraos hasta&#8217;l momentu<\/strong>, dende aquellos primeros Xuegos de Paris-1900 hasta los m\u00e1s reci\u00e9n de Paris-2024.<\/em><\/p>\n<p><em><a href=\"https:\/\/www.asturiasolimpica.org\/wp-content\/uploads\/2024\/12\/JBAR0321.jpg\"><!--more--><\/a><\/em><\/p>\n<p><em>La familia ol\u00edmpica ta constituyida por tolos que participaron d&#8217;una o otra forma n&#8217;unos Xuegos Ol\u00edmpicos, sol amparu y tutela del<strong> Comit\u00e9 Ol\u00edmpicu Internacional COI<\/strong> y pol so representante n&#8217;Espa\u00f1a&#8217;l <strong>Comit\u00e9 Ol\u00edmpicu Espa\u00f1ol COE.<\/strong><\/em><\/p>\n<p><em>Somos los deportistes, los entrenadores, los xueces y \u00e1rbitros, los oficiales t\u00e9cnicos, los m\u00e9dicos, los fisioterapeutes, los psic\u00f3logos, aquellos ocupaos nos apartaos t\u00e9cnicos de cada deporte, que n&#8217;Asturies y\u00e1 superen los 170 ol\u00edmpicos, somos los homes y muyeres que competimos con dignid\u00e1 y honestid\u00e1 colos meyores del mundu, faciendo del deporte uno forma de vida, non siempres real sin\u00f3n compartida con otros oficios, siempres arguyosos del nuesu cam\u00edn y ent\u00e1 m\u00e1s de ser un bon exemplu para les m\u00e1s nueves xeneraciones.<\/em><\/p>\n<p style=\"text-align: center\"><a href=\"https:\/\/www.asturiasolimpica.org\/wp-content\/uploads\/2024\/12\/JBAR0321.jpg\"><img loading=\"lazy\" decoding=\"async\" class=\"aligncenter size-large\" src=\"https:\/\/www.asturiasolimpica.org\/wp-content\/uploads\/2024\/12\/JBAR0321.jpg\" width=\"1200\" height=\"1157\" \/><\/a><\/p>\n<\/div>\n<p>&nbsp;<\/p>\n","protected":false},"excerpt":{"rendered":"<p>culturaast ??\u200d\u2642\ufe0f??\u200d\u2640\ufe0f?\ufe0f\u200d\u2640\ufe0fLa conseyera de Cultura, Pol\u00edtica Lling\u00fc\u00edstica y Deporte, Vanessa Guti\u00e9rrez, particip\u00f3 esti mediud\u00eda na presentaci\u00f3n de la web de la Familia Ol\u00edmpica Asturiana ?? ?\u200d? https:\/\/www.asturiasolimpica.org Somos tolos ol\u00edmpicos asturianos que, a lo llargo del tiempu, representemos a Espa\u00f1a y por tantu a Asturies, en dalgunos de los Xuegos Ol\u00edmpicos, de branu o iviernu, [&hellip;]<\/p>\n","protected":false},"author":117,"featured_media":0,"comment_status":"open","ping_status":"open","sticky":false,"template":"","format":"standard","meta":{"footnotes":""},"categories":[133],"tags":[],"class_list":["post-39403","post","type-post","status-publish","format-standard","hentry","category-deportes"],"_links":{"self":[{"href":"https:\/\/edublog.educastur.es\/ixuxu\/wp-json\/wp\/v2\/posts\/39403","targetHints":{"allow":["GET"]}}],"collection":[{"href":"https:\/\/edublog.educastur.es\/ixuxu\/wp-json\/wp\/v2\/posts"}],"about":[{"href":"https:\/\/edublog.educastur.es\/ixuxu\/wp-json\/wp\/v2\/types\/post"}],"author":[{"embeddable":true,"href":"https:\/\/edublog.educastur.es\/ixuxu\/wp-json\/wp\/v2\/users\/117"}],"replies":[{"embeddable":true,"href":"https:\/\/edublog.educastur.es\/ixuxu\/wp-json\/wp\/v2\/comments?post=39403"}],"version-history":[{"count":1,"href":"https:\/\/edublog.educastur.es\/ixuxu\/wp-json\/wp\/v2\/posts\/39403\/revisions"}],"predecessor-version":[{"id":39404,"href":"https:\/\/edublog.educastur.es\/ixuxu\/wp-json\/wp\/v2\/posts\/39403\/revisions\/39404"}],"wp:attachment":[{"href":"https:\/\/edublog.educastur.es\/ixuxu\/wp-json\/wp\/v2\/media?parent=39403"}],"wp:term":[{"taxonomy":"category","embeddable":true,"href":"https:\/\/edublog.educastur.es\/ixuxu\/wp-json\/wp\/v2\/categories?post=39403"},{"taxonomy":"post_tag","embeddable":true,"href":"https:\/\/edublog.educastur.es\/ixuxu\/wp-json\/wp\/v2\/tags?post=39403"}],"curies":[{"name":"wp","href":"https:\/\/api.w.org\/{rel}","templated":true}]}}