{"id":39415,"date":"2025-01-04T21:28:53","date_gmt":"2025-01-04T19:28:53","guid":{"rendered":"https:\/\/edublog.educastur.es\/ixuxu\/?p=39415"},"modified":"2025-01-04T21:28:53","modified_gmt":"2025-01-04T19:28:53","slug":"39415","status":"publish","type":"post","link":"https:\/\/edublog.educastur.es\/ixuxu\/2025\/01\/39415\/","title":{"rendered":""},"content":{"rendered":"<p style=\"text-align: center\"><em><span style=\"color: #800080;font-size: 24px\"><strong>S\u00edan felices porque la vida ye demasi\u00e1u curtia<\/strong> <\/span><\/em><br \/>\n<em><span style=\"color: #800080;font-size: 24px\">anque dacuando paeza eterna, <\/span><\/em><br \/>\n<em><span style=\"color: #800080;font-size: 24px\">anque haya minutos que se faigan llargos. <\/span><\/em><\/p>\n<p><em><span style=\"color: #800080;font-size: 24px\">S\u00edan felices porque quedase prindaos pola murnia <\/span><\/em><br \/>\n<em><span style=\"color: #800080;font-size: 24px\">nun los va faer sentise meyor.<\/span><\/em><\/p>\n<p><em><span style=\"color: #800080;font-size: 24px\">S\u00edan felices porque la vida non <\/span><\/em><br \/>\n<em><span style=\"color: #800080;font-size: 24px\">t&#8217;envol\u00fabrenlo por que la lleves, <\/span><\/em><br \/>\n<em><strong><span style=\"color: #800080;font-size: 24px\">ta fecha para comela equ\u00ed, nesti momentu.<\/span><\/strong><\/em><\/p>\n<p><em><strong><span style=\"color: #800080;font-size: 24px\">S\u00edan felices anque tengan el coraz\u00f3n rotu,<\/span><\/strong><\/em><br \/>\n<em><span style=\"color: #800080;font-size: 24px\"> l&#8217;alma rota y nun tengan nin idea <\/span><\/em><br \/>\n<em><span style=\"color: #800080;font-size: 24px\">onde quedaron los cachos que falten. <\/span><\/em><\/p>\n<p><em><strong><span style=\"color: #800080;font-size: 24px\">S\u00edan felices&#8230; siquier int\u00e9ntenlo&#8230;sonr\u00edan<\/span><\/strong><\/em><br \/>\n<em><span style=\"color: #800080;font-size: 24px\"> que la sorrisa tien poder. <\/span><\/em><br \/>\n<em><span style=\"color: #800080;font-size: 24px\"><strong>Faigamos lo posible y lo imposible por rir, <\/strong><\/span><\/em><br \/>\n<em><span style=\"color: #800080;font-size: 24px\"><strong>que tenemos enforma pero f\u00e1ltennos rises.<\/strong><\/span><\/em><\/p>\n<p style=\"text-align: center\">\u00a0Louise Jov<\/p>\n","protected":false},"excerpt":{"rendered":"<p>S\u00edan felices porque la vida ye demasi\u00e1u curtia anque dacuando paeza eterna, anque haya minutos que se faigan llargos. S\u00edan felices porque quedase prindaos pola murnia nun los va faer sentise meyor. S\u00edan felices porque la vida non t&#8217;envol\u00fabrenlo por que la lleves, ta fecha para comela equ\u00ed, nesti momentu. S\u00edan felices anque tengan el [&hellip;]<\/p>\n","protected":false},"author":117,"featured_media":0,"comment_status":"open","ping_status":"open","sticky":false,"template":"","format":"quote","meta":{"footnotes":""},"categories":[1],"tags":[],"class_list":["post-39415","post","type-post","status-publish","format-quote","hentry","category-sin-categoria","post_format-post-format-quote"],"_links":{"self":[{"href":"https:\/\/edublog.educastur.es\/ixuxu\/wp-json\/wp\/v2\/posts\/39415","targetHints":{"allow":["GET"]}}],"collection":[{"href":"https:\/\/edublog.educastur.es\/ixuxu\/wp-json\/wp\/v2\/posts"}],"about":[{"href":"https:\/\/edublog.educastur.es\/ixuxu\/wp-json\/wp\/v2\/types\/post"}],"author":[{"embeddable":true,"href":"https:\/\/edublog.educastur.es\/ixuxu\/wp-json\/wp\/v2\/users\/117"}],"replies":[{"embeddable":true,"href":"https:\/\/edublog.educastur.es\/ixuxu\/wp-json\/wp\/v2\/comments?post=39415"}],"version-history":[{"count":1,"href":"https:\/\/edublog.educastur.es\/ixuxu\/wp-json\/wp\/v2\/posts\/39415\/revisions"}],"predecessor-version":[{"id":39416,"href":"https:\/\/edublog.educastur.es\/ixuxu\/wp-json\/wp\/v2\/posts\/39415\/revisions\/39416"}],"wp:attachment":[{"href":"https:\/\/edublog.educastur.es\/ixuxu\/wp-json\/wp\/v2\/media?parent=39415"}],"wp:term":[{"taxonomy":"category","embeddable":true,"href":"https:\/\/edublog.educastur.es\/ixuxu\/wp-json\/wp\/v2\/categories?post=39415"},{"taxonomy":"post_tag","embeddable":true,"href":"https:\/\/edublog.educastur.es\/ixuxu\/wp-json\/wp\/v2\/tags?post=39415"}],"curies":[{"name":"wp","href":"https:\/\/api.w.org\/{rel}","templated":true}]}}